{"id":38652,"date":"2023-01-20T15:23:47","date_gmt":"2023-01-20T15:23:47","guid":{"rendered":"https:\/\/www.achimbrueckner.de\/dxradio\/php\/wordpress\/?p=38652"},"modified":"2023-01-20T15:23:47","modified_gmt":"2023-01-20T15:23:47","slug":"darc-e-v-interview-unter-dem-turm-48-daniel-moller-dl3rtl-uber-intruder-monitoring","status":"publish","type":"post","link":"https:\/\/www.achimbrueckner.de\/dxradio\/php\/wordpress\/?p=38652","title":{"rendered":"DARC e.V. &#8211; Interview unter dem Turm #48: Daniel M\u00f6ller, DL3RTL, \u00fcber Intruder Monitoring"},"content":{"rendered":"<p><a href=\"https:\/\/www.youtube.com\/watch?v=-HC4aXhsED0\" rel=\"noopener\" target=\"_blank\">https:\/\/www.youtube.com\/watch?v=-HC4aXhsED0<\/a><\/p>\n","protected":false},"excerpt":{"rendered":"<p>https:\/\/www.youtube.com\/watch?v=-HC4aXhsED0<\/p>\n","protected":false},"author":1,"featured_media":0,"comment_status":"closed","ping_status":"open","sticky":false,"template":"","format":"standard","meta":{"_jetpack_memberships_contains_paid_content":false,"footnotes":"","jetpack_publicize_message":"","jetpack_publicize_feature_enabled":true,"jetpack_social_post_already_shared":true,"jetpack_social_options":{"image_generator_settings":{"template":"highway","default_image_id":0,"font":"","enabled":false},"version":2}},"categories":[1],"tags":[],"class_list":["post-38652","post","type-post","status-publish","format-standard","hentry","category-deutsch"],"jetpack_publicize_connections":[],"jetpack_featured_media_url":"","jetpack_sharing_enabled":true,"jetpack_shortlink":"https:\/\/wp.me\/p5CDmr-a3q","jetpack-related-posts":[{"id":25801,"url":"https:\/\/www.achimbrueckner.de\/dxradio\/php\/wordpress\/?p=25801","url_meta":{"origin":38652,"position":0},"title":"DARC Mitgliederversammlung 2019 | Interview mit dem Vorstandsmitglied Ronny Jerke, DG2RON.","author":"Administrator","date":"November 17, 2019","format":false,"excerpt":"https:\/\/www.youtube.com\/watch?v=gzTH49WX9-k&feature=youtu.be","rel":"","context":"In &quot;Deutsch&quot;","block_context":{"text":"Deutsch","link":"https:\/\/www.achimbrueckner.de\/dxradio\/php\/wordpress\/?cat=1"},"img":{"alt_text":"","src":"","width":0,"height":0},"classes":[]},{"id":20403,"url":"https:\/\/www.achimbrueckner.de\/dxradio\/php\/wordpress\/?p=20403","url_meta":{"origin":38652,"position":1},"title":"RADIO DARC sendet seine 200. Sendung","author":"Administrator","date":"December 14, 2018","format":false,"excerpt":"Radiostimme des DARC e.V. RADIO DARC sendet seine 200. Sendung \"Die Sendung am kommenden Sonntag den 16.12.18 ist unser Jubil\u00e4um, es ist genau das 200. Programm\" so Chefredakteur Rainer Englert DF2NU. Gestartet am 22. M\u00e4rz 2015 hat sich der Deutsche Amateur Radio Club e.V. mit einen regelm\u00e4\u00dfigen Kurzwellen- und Funktechnik-Magazinen\u2026","rel":"","context":"In &quot;Deutsch&quot;","block_context":{"text":"Deutsch","link":"https:\/\/www.achimbrueckner.de\/dxradio\/php\/wordpress\/?cat=1"},"img":{"alt_text":"","src":"","width":0,"height":0},"classes":[]},{"id":40627,"url":"https:\/\/www.achimbrueckner.de\/dxradio\/php\/wordpress\/?p=40627","url_meta":{"origin":38652,"position":2},"title":"Kreis D\u00fcren: Erfolgreiche 4. kreis\u00fcbergreifende Notfunk-\u00dcbung des DARC e.V.","author":"Administrator","date":"December 12, 2023","format":false,"excerpt":"https:\/\/www.dueren-magazin.de\/17800-kreis-dueren-erfolgreiche-4-kreisuebergreifende-notfunk-uebung-des-darc-e-v","rel":"","context":"In &quot;Deutsch&quot;","block_context":{"text":"Deutsch","link":"https:\/\/www.achimbrueckner.de\/dxradio\/php\/wordpress\/?cat=1"},"img":{"alt_text":"","src":"","width":0,"height":0},"classes":[]},{"id":27944,"url":"https:\/\/www.achimbrueckner.de\/dxradio\/php\/wordpress\/?p=27944","url_meta":{"origin":38652,"position":3},"title":"Sprengung Sende-Turm in Ismaning","author":"Administrator","date":"April 2, 2020","format":false,"excerpt":"https:\/\/www.youtube.com\/watch?v=rmsF6RI7av8","rel":"","context":"In &quot;Deutsch&quot;","block_context":{"text":"Deutsch","link":"https:\/\/www.achimbrueckner.de\/dxradio\/php\/wordpress\/?cat=1"},"img":{"alt_text":"","src":"","width":0,"height":0},"classes":[]},{"id":26962,"url":"https:\/\/www.achimbrueckner.de\/dxradio\/php\/wordpress\/?p=26962","url_meta":{"origin":38652,"position":4},"title":"Film der Bundespost: Alltag im Turm (1980) DOKU","author":"Administrator","date":"February 2, 2020","format":false,"excerpt":"https:\/\/www.youtube.com\/watch?v=ITI7ODOU0w0","rel":"","context":"In &quot;Deutsch&quot;","block_context":{"text":"Deutsch","link":"https:\/\/www.achimbrueckner.de\/dxradio\/php\/wordpress\/?cat=1"},"img":{"alt_text":"","src":"","width":0,"height":0},"classes":[]},{"id":1135,"url":"https:\/\/www.achimbrueckner.de\/dxradio\/php\/wordpress\/?p=1135","url_meta":{"origin":38652,"position":5},"title":"DARC Tag der offenen T\u00fcr","author":"Administrator","date":"September 9, 2010","format":false,"excerpt":"18. September: Kommen Sie zum Tag der offenen T\u00fcr nach Baunatal! ---------------------------------------------------------------- Am Samstag, dem 18. September, ab 10 Uhr sind alle Mitglieder und Freunde des DARC e.V. eingeladen, das Amateurfunkzentrum in Baunatal zu besuchen. Gemeinsam mit Ihnen feiern wir das 60-j\u00e4hrige Bestehen des Bundesverbandes. Der Tag bietet Gelegenheit, die\u2026","rel":"","context":"In &quot;camps&quot;","block_context":{"text":"camps","link":"https:\/\/www.achimbrueckner.de\/dxradio\/php\/wordpress\/?cat=5"},"img":{"alt_text":"","src":"","width":0,"height":0},"classes":[]}],"_links":{"self":[{"href":"https:\/\/www.achimbrueckner.de\/dxradio\/php\/wordpress\/index.php?rest_route=\/wp\/v2\/posts\/38652","targetHints":{"allow":["GET"]}}],"collection":[{"href":"https:\/\/www.achimbrueckner.de\/dxradio\/php\/wordpress\/index.php?rest_route=\/wp\/v2\/posts"}],"about":[{"href":"https:\/\/www.achimbrueckner.de\/dxradio\/php\/wordpress\/index.php?rest_route=\/wp\/v2\/types\/post"}],"author":[{"embeddable":true,"href":"https:\/\/www.achimbrueckner.de\/dxradio\/php\/wordpress\/index.php?rest_route=\/wp\/v2\/users\/1"}],"replies":[{"embeddable":true,"href":"https:\/\/www.achimbrueckner.de\/dxradio\/php\/wordpress\/index.php?rest_route=%2Fwp%2Fv2%2Fcomments&post=38652"}],"version-history":[{"count":0,"href":"https:\/\/www.achimbrueckner.de\/dxradio\/php\/wordpress\/index.php?rest_route=\/wp\/v2\/posts\/38652\/revisions"}],"wp:attachment":[{"href":"https:\/\/www.achimbrueckner.de\/dxradio\/php\/wordpress\/index.php?rest_route=%2Fwp%2Fv2%2Fmedia&parent=38652"}],"wp:term":[{"taxonomy":"category","embeddable":true,"href":"https:\/\/www.achimbrueckner.de\/dxradio\/php\/wordpress\/index.php?rest_route=%2Fwp%2Fv2%2Fcategories&post=38652"},{"taxonomy":"post_tag","embeddable":true,"href":"https:\/\/www.achimbrueckner.de\/dxradio\/php\/wordpress\/index.php?rest_route=%2Fwp%2Fv2%2Ftags&post=38652"}],"curies":[{"name":"wp","href":"https:\/\/api.w.org\/{rel}","templated":true}]}}