{"id":38674,"date":"2023-01-24T15:26:50","date_gmt":"2023-01-24T15:26:50","guid":{"rendered":"https:\/\/www.achimbrueckner.de\/dxradio\/php\/wordpress\/?p=38674"},"modified":"2023-01-24T15:26:50","modified_gmt":"2023-01-24T15:26:50","slug":"lra-36-28-januar-2023","status":"publish","type":"post","link":"https:\/\/www.achimbrueckner.de\/dxradio\/php\/wordpress\/?p=38674","title":{"rendered":"LRA 36 28. Januar 2023"},"content":{"rendered":"<p>LRA36 &#8211; Antarktis<br \/>\nWie in Facebook gelesen sagt Adrian Korol von RAE, dass die n\u00e4chste Sendung von LRA 36 am kommenden Samstag, 28.1. um 15:00 UTC und die Wiederholung um 19:00 UTC auf 15476 khz USB stattfinden wird. Ich habe erfahren, dass es schwierig ist, das Signal in Europa und Nordamerika zu empfangen, da sie nur 500 W Sendeleistung haben, trotz der h\u00f6heren Sonnenaktivit\u00e4t&#8230; aber dann sind sie da.<\/p>\n<p>73 de Horacio Nigro, Uruguay, 24. Januar &#8211; via DXplorer via A-DX Facebook<\/p>\n","protected":false},"excerpt":{"rendered":"<p>LRA36 &#8211; Antarktis Wie in Facebook gelesen sagt Adrian Korol von RAE, dass die n\u00e4chste Sendung von LRA 36 am kommenden Samstag, 28.1. um 15:00 UTC und die Wiederholung um 19:00 UTC auf 15476 khz USB stattfinden wird. Ich habe erfahren, dass es schwierig ist, das Signal in Europa und Nordamerika zu empfangen, da sie &hellip; <a href=\"https:\/\/www.achimbrueckner.de\/dxradio\/php\/wordpress\/?p=38674\" class=\"more-link\">Continue reading <span class=\"screen-reader-text\">LRA 36 28. Januar 2023<\/span><\/a><\/p>\n","protected":false},"author":1,"featured_media":0,"comment_status":"closed","ping_status":"open","sticky":false,"template":"","format":"standard","meta":{"_jetpack_memberships_contains_paid_content":false,"footnotes":"","jetpack_publicize_message":"","jetpack_publicize_feature_enabled":true,"jetpack_social_post_already_shared":true,"jetpack_social_options":{"image_generator_settings":{"template":"highway","default_image_id":0,"font":"","enabled":false},"version":2}},"categories":[1],"tags":[],"class_list":["post-38674","post","type-post","status-publish","format-standard","hentry","category-deutsch"],"jetpack_publicize_connections":[],"jetpack_featured_media_url":"","jetpack_sharing_enabled":true,"jetpack_shortlink":"https:\/\/wp.me\/p5CDmr-a3M","jetpack-related-posts":[{"id":38627,"url":"https:\/\/www.achimbrueckner.de\/dxradio\/php\/wordpress\/?p=38627","url_meta":{"origin":38674,"position":0},"title":"LRA 36 RADIO NACIONAL ARCANGEL SAN GABRIEL 21 Januar 2023","author":"Administrator","date":"January 18, 2023","format":false,"excerpt":"Die Antarktis ruft! LRA 36 RADIO NACIONAL ARCANGEL SAN GABRIEL pr\u00e4sentiert \"UNIENDO Voces\" (\"Gemeinsame Stimmen\"). Es handelt sich um eine Sondersendung, die in Zusammenarbeit mit RAE (Radiodifusi\u00f3n Argentina al Exterior) produziert wird und sich an Kurzwellenh\u00f6rer, DXer und Funkamateure aus der ganzen Welt richtet. Die Sendung findet am SAMSTAG, 21.\u2026","rel":"","context":"In &quot;Deutsch&quot;","block_context":{"text":"Deutsch","link":"https:\/\/www.achimbrueckner.de\/dxradio\/php\/wordpress\/?cat=1"},"img":{"alt_text":"","src":"","width":0,"height":0},"classes":[]},{"id":25377,"url":"https:\/\/www.achimbrueckner.de\/dxradio\/php\/wordpress\/?p=25377","url_meta":{"origin":38674,"position":1},"title":"40 Jahre LRA36 Radio Nacional Arc\u00e1ngel San Gabriel Sondersendung","author":"Administrator","date":"October 18, 2019","format":false,"excerpt":"Am Sonntag den 20. Oktober feiert LRA36 Radio Nacional Arc\u00e1ngel San Gabriel, die Station, die von der argentinischen Antarktis aus sendet, ihr 40- j\u00e4hriges Jubil\u00e4um. Aus diesem Anla\u00df hat RAE - Argentinien in die Welt eine Sondersendung in verschiedenen Sprachen vorbereitet. An diesem Sonntag ab 12:00 Uhr UTC moderieren die\u2026","rel":"","context":"In &quot;Deutsch&quot;","block_context":{"text":"Deutsch","link":"https:\/\/www.achimbrueckner.de\/dxradio\/php\/wordpress\/?cat=1"},"img":{"alt_text":"","src":"","width":0,"height":0},"classes":[]},{"id":38758,"url":"https:\/\/www.achimbrueckner.de\/dxradio\/php\/wordpress\/?p=38758","url_meta":{"origin":38674,"position":2},"title":"LRA 36 Radio Nacional Arc\u00e1ngel San Gabriel 3rd of February 2023","author":"Administrator","date":"February 3, 2023","format":false,"excerpt":"NEW TEST BROADCAST OF LRA 36 Radio Nacional Arc\u00e1ngel San Gabriel, just announced by Adrian Korol, head of RAE (and a long time DXer as we are): Friday, February 3rd, from 2000 TO 2100 UTC, on 15476 kHz, USB and via online audio streaming on www.rae.com.ar Info via Facebook","rel":"","context":"In &quot;English&quot;","block_context":{"text":"English","link":"https:\/\/www.achimbrueckner.de\/dxradio\/php\/wordpress\/?cat=2"},"img":{"alt_text":"","src":"","width":0,"height":0},"classes":[]},{"id":31237,"url":"https:\/\/www.achimbrueckner.de\/dxradio\/php\/wordpress\/?p=31237","url_meta":{"origin":38674,"position":3},"title":"SDXF Weihnachtssendung 2020","author":"Administrator","date":"December 18, 2020","format":false,"excerpt":"SDXFs Wochenendprogramm auf Kurzwelle Auch in diesem Jahr bietet der schwedische DX-Verband w\u00e4hrend der Weihnachts- und Neujahrsferien eine spezielle Kurzwellensendung an. Das 60-min\u00fctige Programm wurde von dem bekannten G\u00f6ran Lindemark zusammengestellt und enth\u00e4lt unter anderem ein exklusives Interview mit George Wood \u00fcber seine Zeit bei Radio Sweden. Wir h\u00f6ren auch\u2026","rel":"","context":"In &quot;Deutsch&quot;","block_context":{"text":"Deutsch","link":"https:\/\/www.achimbrueckner.de\/dxradio\/php\/wordpress\/?cat=1"},"img":{"alt_text":"","src":"","width":0,"height":0},"classes":[]},{"id":2070,"url":"https:\/\/www.achimbrueckner.de\/dxradio\/php\/wordpress\/?p=2070","url_meta":{"origin":38674,"position":4},"title":"Nord AM 1 Januar 2012","author":"Administrator","date":"December 29, 2011","format":false,"excerpt":"Liebe H\u00f6rer, liebe Freunde, Zun\u00e4chst m\u00f6chten wir uns f\u00fcr die R\u00fcckmeldungen, Empfangsberichte und Anregungen zu unserer letzten Sendung vom Oktober dieses Jahres bedanken. Alle eingegangenen Berichte haben wir bereits vor einigen Wochen mit einer QSL-Karte best\u00e4tigt. Das Jahr 2011 neigt dich dem Ende zu - und uns war klar, dass\u2026","rel":"","context":"In &quot;Deutsch&quot;","block_context":{"text":"Deutsch","link":"https:\/\/www.achimbrueckner.de\/dxradio\/php\/wordpress\/?cat=1"},"img":{"alt_text":"","src":"","width":0,"height":0},"classes":[]},{"id":38482,"url":"https:\/\/www.achimbrueckner.de\/dxradio\/php\/wordpress\/?p=38482","url_meta":{"origin":38674,"position":5},"title":"Radio Andorra 8. Januar 2023","author":"Administrator","date":"January 4, 2023","format":false,"excerpt":"Gute Neuigkeiten. Unser Archiv \"Carte Blanche \u00e0 Georges Chelon\" kann in Kurzwelle ausgestrahlt werden. Auch wenn der Spendenaufruf immer noch nicht die Fortsetzung dieser \u00dcbertragungen sicherstellt, gelang es unserem Freund Christian Milling, die n\u00e4chste geplante Sendung f\u00fcr SONNTAG, 8. JANUAR 2023 (und nicht wie gewohnt Samstag) von 18 zu sichern\u2026","rel":"","context":"In &quot;Deutsch&quot;","block_context":{"text":"Deutsch","link":"https:\/\/www.achimbrueckner.de\/dxradio\/php\/wordpress\/?cat=1"},"img":{"alt_text":"","src":"","width":0,"height":0},"classes":[]}],"_links":{"self":[{"href":"https:\/\/www.achimbrueckner.de\/dxradio\/php\/wordpress\/index.php?rest_route=\/wp\/v2\/posts\/38674","targetHints":{"allow":["GET"]}}],"collection":[{"href":"https:\/\/www.achimbrueckner.de\/dxradio\/php\/wordpress\/index.php?rest_route=\/wp\/v2\/posts"}],"about":[{"href":"https:\/\/www.achimbrueckner.de\/dxradio\/php\/wordpress\/index.php?rest_route=\/wp\/v2\/types\/post"}],"author":[{"embeddable":true,"href":"https:\/\/www.achimbrueckner.de\/dxradio\/php\/wordpress\/index.php?rest_route=\/wp\/v2\/users\/1"}],"replies":[{"embeddable":true,"href":"https:\/\/www.achimbrueckner.de\/dxradio\/php\/wordpress\/index.php?rest_route=%2Fwp%2Fv2%2Fcomments&post=38674"}],"version-history":[{"count":0,"href":"https:\/\/www.achimbrueckner.de\/dxradio\/php\/wordpress\/index.php?rest_route=\/wp\/v2\/posts\/38674\/revisions"}],"wp:attachment":[{"href":"https:\/\/www.achimbrueckner.de\/dxradio\/php\/wordpress\/index.php?rest_route=%2Fwp%2Fv2%2Fmedia&parent=38674"}],"wp:term":[{"taxonomy":"category","embeddable":true,"href":"https:\/\/www.achimbrueckner.de\/dxradio\/php\/wordpress\/index.php?rest_route=%2Fwp%2Fv2%2Fcategories&post=38674"},{"taxonomy":"post_tag","embeddable":true,"href":"https:\/\/www.achimbrueckner.de\/dxradio\/php\/wordpress\/index.php?rest_route=%2Fwp%2Fv2%2Ftags&post=38674"}],"curies":[{"name":"wp","href":"https:\/\/api.w.org\/{rel}","templated":true}]}}