{"id":38675,"date":"2023-01-24T16:07:34","date_gmt":"2023-01-24T16:07:34","guid":{"rendered":"https:\/\/www.achimbrueckner.de\/dxradio\/php\/wordpress\/?p=38675"},"modified":"2023-01-24T16:07:34","modified_gmt":"2023-01-24T16:07:34","slug":"energiehunger-besiegelt-aus-fur-rtl-antennen","status":"publish","type":"post","link":"https:\/\/www.achimbrueckner.de\/dxradio\/php\/wordpress\/?p=38675","title":{"rendered":"Energiehunger besiegelt Aus f\u00fcr RTL Antennen"},"content":{"rendered":"<p><a href=\"https:\/\/www.wort.lu\/de\/lokales\/energiehunger-besiegelt-aus-fuer-rtl-antennen-63ce9c0bde135b9236cb17b3\" rel=\"noopener\" target=\"_blank\">https:\/\/www.wort.lu\/de\/lokales\/energiehunger-besiegelt-aus-fuer-rtl-antennen-63ce9c0bde135b9236cb17b3<\/a><\/p>\n","protected":false},"excerpt":{"rendered":"<p>https:\/\/www.wort.lu\/de\/lokales\/energiehunger-besiegelt-aus-fuer-rtl-antennen-63ce9c0bde135b9236cb17b3<\/p>\n","protected":false},"author":1,"featured_media":0,"comment_status":"closed","ping_status":"open","sticky":false,"template":"","format":"standard","meta":{"_jetpack_memberships_contains_paid_content":false,"footnotes":"","jetpack_publicize_message":"","jetpack_publicize_feature_enabled":true,"jetpack_social_post_already_shared":true,"jetpack_social_options":{"image_generator_settings":{"template":"highway","default_image_id":0,"font":"","enabled":false},"version":2}},"categories":[1],"tags":[],"class_list":["post-38675","post","type-post","status-publish","format-standard","hentry","category-deutsch"],"jetpack_publicize_connections":[],"jetpack_featured_media_url":"","jetpack_sharing_enabled":true,"jetpack_shortlink":"https:\/\/wp.me\/p5CDmr-a3N","jetpack-related-posts":[{"id":3277,"url":"https:\/\/www.achimbrueckner.de\/dxradio\/php\/wordpress\/?p=3277","url_meta":{"origin":38675,"position":0},"title":"Zankapfel RTL-Antennen Bleibt Marnach auf Sendung?","author":"Administrator","date":"June 20, 2014","format":false,"excerpt":"http:\/\/www.wort.lu\/de\/lokales\/zankapfel-rtl-antennen-bleibt-marnach-auf-sendung-53743dfcb9b39887080261d3","rel":"","context":"In &quot;Deutsch&quot;","block_context":{"text":"Deutsch","link":"https:\/\/www.achimbrueckner.de\/dxradio\/php\/wordpress\/?cat=1"},"img":{"alt_text":"","src":"","width":0,"height":0},"classes":[]},{"id":11049,"url":"https:\/\/www.achimbrueckner.de\/dxradio\/php\/wordpress\/?p=11049","url_meta":{"origin":38675,"position":1},"title":"Schulradio SGU besiegelt Kooperation mit Radio Contact und Radio Sunshine","author":"Administrator","date":"November 16, 2016","format":false,"excerpt":"http:\/\/www.grenzecho.net\/community\/wir-von-hier\/schulradio-sgu-besiegelt-kooperation-mit-radio-contact-und-radio-sunshine","rel":"","context":"In &quot;Deutsch&quot;","block_context":{"text":"Deutsch","link":"https:\/\/www.achimbrueckner.de\/dxradio\/php\/wordpress\/?cat=1"},"img":{"alt_text":"","src":"","width":0,"height":0},"classes":[]},{"id":3359,"url":"https:\/\/www.achimbrueckner.de\/dxradio\/php\/wordpress\/?p=3359","url_meta":{"origin":38675,"position":2},"title":"Digitale Antennen Ist das freie private Fernsehen am Ende?","author":"Administrator","date":"July 26, 2014","format":false,"excerpt":"http:\/\/www.faz.net\/aktuell\/feuilleton\/medien\/digitales-antennenfernsehen-rtl-co-am-ende-13063085.html","rel":"","context":"In &quot;Deutsch&quot;","block_context":{"text":"Deutsch","link":"https:\/\/www.achimbrueckner.de\/dxradio\/php\/wordpress\/?cat=1"},"img":{"alt_text":"","src":"","width":0,"height":0},"classes":[]},{"id":15983,"url":"https:\/\/www.achimbrueckner.de\/dxradio\/php\/wordpress\/?p=15983","url_meta":{"origin":38675,"position":3},"title":"Ausstieg aus dem UKW-Gesch\u00e4ft: Media Broadcast findet K\u00e4ufer f\u00fcr 700 Radio-Antennen","author":"Administrator","date":"December 21, 2017","format":false,"excerpt":"http:\/\/meedia.de\/2017\/12\/21\/ausstieg-aus-dem-ukw-geschaeft-media-broadcast-findet-kaeufer-fuer-700-radio-antennen\/","rel":"","context":"In &quot;Deutsch&quot;","block_context":{"text":"Deutsch","link":"https:\/\/www.achimbrueckner.de\/dxradio\/php\/wordpress\/?cat=1"},"img":{"alt_text":"","src":"","width":0,"height":0},"classes":[]},{"id":16909,"url":"https:\/\/www.achimbrueckner.de\/dxradio\/php\/wordpress\/?p=16909","url_meta":{"origin":38675,"position":4},"title":"UKW-Radios vor dem Aus? Beirat der Netzagentur f\u00fcrchtet um Zukunft des Antennen-Marktes","author":"Administrator","date":"March 14, 2018","format":false,"excerpt":"http:\/\/meedia.de\/2018\/03\/14\/ukw-radios-vor-dem-sende-aus-beirat-der-netzagentur-fuerchtet-um-zukunft-des-antennen-marktes\/","rel":"","context":"In &quot;Deutsch&quot;","block_context":{"text":"Deutsch","link":"https:\/\/www.achimbrueckner.de\/dxradio\/php\/wordpress\/?cat=1"},"img":{"alt_text":"","src":"","width":0,"height":0},"classes":[]},{"id":10378,"url":"https:\/\/www.achimbrueckner.de\/dxradio\/php\/wordpress\/?p=10378","url_meta":{"origin":38675,"position":5},"title":"Club f\u00e4hrt die Antennen aus","author":"Administrator","date":"September 15, 2016","format":false,"excerpt":"http:\/\/www.schwarzwaelder-bote.de\/inhalt.schramberg-club-faehrt-die-antennen-aus.ffdda21d-98af-4ce7-9d60-1aa2354bb23e.html","rel":"","context":"In &quot;Deutsch&quot;","block_context":{"text":"Deutsch","link":"https:\/\/www.achimbrueckner.de\/dxradio\/php\/wordpress\/?cat=1"},"img":{"alt_text":"","src":"","width":0,"height":0},"classes":[]}],"_links":{"self":[{"href":"https:\/\/www.achimbrueckner.de\/dxradio\/php\/wordpress\/index.php?rest_route=\/wp\/v2\/posts\/38675","targetHints":{"allow":["GET"]}}],"collection":[{"href":"https:\/\/www.achimbrueckner.de\/dxradio\/php\/wordpress\/index.php?rest_route=\/wp\/v2\/posts"}],"about":[{"href":"https:\/\/www.achimbrueckner.de\/dxradio\/php\/wordpress\/index.php?rest_route=\/wp\/v2\/types\/post"}],"author":[{"embeddable":true,"href":"https:\/\/www.achimbrueckner.de\/dxradio\/php\/wordpress\/index.php?rest_route=\/wp\/v2\/users\/1"}],"replies":[{"embeddable":true,"href":"https:\/\/www.achimbrueckner.de\/dxradio\/php\/wordpress\/index.php?rest_route=%2Fwp%2Fv2%2Fcomments&post=38675"}],"version-history":[{"count":0,"href":"https:\/\/www.achimbrueckner.de\/dxradio\/php\/wordpress\/index.php?rest_route=\/wp\/v2\/posts\/38675\/revisions"}],"wp:attachment":[{"href":"https:\/\/www.achimbrueckner.de\/dxradio\/php\/wordpress\/index.php?rest_route=%2Fwp%2Fv2%2Fmedia&parent=38675"}],"wp:term":[{"taxonomy":"category","embeddable":true,"href":"https:\/\/www.achimbrueckner.de\/dxradio\/php\/wordpress\/index.php?rest_route=%2Fwp%2Fv2%2Fcategories&post=38675"},{"taxonomy":"post_tag","embeddable":true,"href":"https:\/\/www.achimbrueckner.de\/dxradio\/php\/wordpress\/index.php?rest_route=%2Fwp%2Fv2%2Ftags&post=38675"}],"curies":[{"name":"wp","href":"https:\/\/api.w.org\/{rel}","templated":true}]}}