{"id":38686,"date":"2023-01-25T16:26:49","date_gmt":"2023-01-25T16:26:49","guid":{"rendered":"https:\/\/www.achimbrueckner.de\/dxradio\/php\/wordpress\/?p=38686"},"modified":"2023-01-25T16:26:49","modified_gmt":"2023-01-25T16:26:49","slug":"vaunet-begrust-ergebnisse-der-klausur-der-lander-zum-offentlich-rechtlichen-rundfunks","status":"publish","type":"post","link":"https:\/\/www.achimbrueckner.de\/dxradio\/php\/wordpress\/?p=38686","title":{"rendered":"VAUNET begr\u00fc\u00dft Ergebnisse der Klausur der L\u00e4nder zum \u00f6ffentlich-rechtlichen Rundfunks"},"content":{"rendered":"<p><a href=\"https:\/\/www.infosat.de\/entertainment\/vaunet-begr-t-ergebnisse-der-klausur-der-l-nder-zum-ffentlich-rechtlichen-rundfunks\" rel=\"noopener\" target=\"_blank\">https:\/\/www.infosat.de\/entertainment\/vaunet-begr-t-ergebnisse-der-klausur-der-l-nder-zum-ffentlich-rechtlichen-rundfunks<\/a><\/p>\n","protected":false},"excerpt":{"rendered":"<p>https:\/\/www.infosat.de\/entertainment\/vaunet-begr-t-ergebnisse-der-klausur-der-l-nder-zum-ffentlich-rechtlichen-rundfunks<\/p>\n","protected":false},"author":1,"featured_media":0,"comment_status":"closed","ping_status":"open","sticky":false,"template":"","format":"standard","meta":{"_jetpack_memberships_contains_paid_content":false,"footnotes":"","jetpack_publicize_message":"","jetpack_publicize_feature_enabled":true,"jetpack_social_post_already_shared":true,"jetpack_social_options":{"image_generator_settings":{"template":"highway","default_image_id":0,"font":"","enabled":false},"version":2}},"categories":[1],"tags":[],"class_list":["post-38686","post","type-post","status-publish","format-standard","hentry","category-deutsch"],"jetpack_publicize_connections":[],"jetpack_featured_media_url":"","jetpack_sharing_enabled":true,"jetpack_shortlink":"https:\/\/wp.me\/p5CDmr-a3Y","jetpack-related-posts":[{"id":27350,"url":"https:\/\/www.achimbrueckner.de\/dxradio\/php\/wordpress\/?p=27350","url_meta":{"origin":38686,"position":0},"title":"Vaunet: Abklatsch privater Programme keine Aufgabe der \u00d6ffentlich-Rechtlichen","author":"Administrator","date":"February 28, 2020","format":false,"excerpt":"https:\/\/www.digitalfernsehen.de\/news\/medien-news\/maerkte\/vaunet-abklatsch-privater-programme-keine-aufgabe-der-oeffentlich-rechtlichen-553283\/","rel":"","context":"In &quot;Deutsch&quot;","block_context":{"text":"Deutsch","link":"https:\/\/www.achimbrueckner.de\/dxradio\/php\/wordpress\/?cat=1"},"img":{"alt_text":"","src":"","width":0,"height":0},"classes":[]},{"id":6638,"url":"https:\/\/www.achimbrueckner.de\/dxradio\/php\/wordpress\/?p=6638","url_meta":{"origin":38686,"position":1},"title":"Legitimation des \u00f6ffentlich-rechtlichen Rundfunks \u2013 Buch der Historischen Kommission","author":"Administrator","date":"November 25, 2015","format":false,"excerpt":"http:\/\/www.radioszene.de\/85140\/legitimation-des-oeffentlich-rechtlichen-rundfunks-buch-der-historischen-kommission.html","rel":"","context":"In &quot;Deutsch&quot;","block_context":{"text":"Deutsch","link":"https:\/\/www.achimbrueckner.de\/dxradio\/php\/wordpress\/?cat=1"},"img":{"alt_text":"","src":"","width":0,"height":0},"classes":[]},{"id":25936,"url":"https:\/\/www.achimbrueckner.de\/dxradio\/php\/wordpress\/?p=25936","url_meta":{"origin":38686,"position":2},"title":"Akzeptanz des \u00f6ffentlich-rechtlichen Rundfunks Nur links der Mitte?","author":"Administrator","date":"November 25, 2019","format":false,"excerpt":"https:\/\/www.tagesspiegel.de\/gesellschaft\/medien\/akzeptanz-des-oeffentlich-rechtlichen-rundfunks-nur-links-der-mitte\/25261368.html","rel":"","context":"In &quot;Deutsch&quot;","block_context":{"text":"Deutsch","link":"https:\/\/www.achimbrueckner.de\/dxradio\/php\/wordpress\/?cat=1"},"img":{"alt_text":"","src":"","width":0,"height":0},"classes":[]},{"id":36958,"url":"https:\/\/www.achimbrueckner.de\/dxradio\/php\/wordpress\/?p=36958","url_meta":{"origin":38686,"position":3},"title":"Gastkommentar von Bendix Lippe Der schleichende Tod des \u00f6ffentlich-rechtlichen Rundfunks","author":"Administrator","date":"July 14, 2022","format":false,"excerpt":"https:\/\/www.dwdl.de\/meinungen\/88755\/der_schleichende_tod_des_oeffentlichrechtlichen_rundfunks\/","rel":"","context":"In &quot;Deutsch&quot;","block_context":{"text":"Deutsch","link":"https:\/\/www.achimbrueckner.de\/dxradio\/php\/wordpress\/?cat=1"},"img":{"alt_text":"","src":"","width":0,"height":0},"classes":[]},{"id":20163,"url":"https:\/\/www.achimbrueckner.de\/dxradio\/php\/wordpress\/?p=20163","url_meta":{"origin":38686,"position":4},"title":"Die ARD, die \u201eLindenstra\u00dfe\u201c und der Geist des \u00f6ffentlich-rechtlichen Rundfunks","author":"Administrator","date":"November 25, 2018","format":false,"excerpt":"https:\/\/www.medienkorrespondenz.de\/leitartikel\/artikel\/andorra-gegen-lettland.html","rel":"","context":"In &quot;Deutsch&quot;","block_context":{"text":"Deutsch","link":"https:\/\/www.achimbrueckner.de\/dxradio\/php\/wordpress\/?cat=1"},"img":{"alt_text":"","src":"","width":0,"height":0},"classes":[]},{"id":29026,"url":"https:\/\/www.achimbrueckner.de\/dxradio\/php\/wordpress\/?p=29026","url_meta":{"origin":38686,"position":5},"title":"70 Jahre ARD: Die Historie des \u00f6ffentlich-rechtlichen Rundfunks","author":"Administrator","date":"June 10, 2020","format":false,"excerpt":"https:\/\/www.br.de\/nachrichten\/kultur\/70-jahre-ard-die-historie-des-oeffentlich-rechtlichen-rundfunks,S1KYlhr","rel":"","context":"In &quot;Deutsch&quot;","block_context":{"text":"Deutsch","link":"https:\/\/www.achimbrueckner.de\/dxradio\/php\/wordpress\/?cat=1"},"img":{"alt_text":"","src":"","width":0,"height":0},"classes":[]}],"_links":{"self":[{"href":"https:\/\/www.achimbrueckner.de\/dxradio\/php\/wordpress\/index.php?rest_route=\/wp\/v2\/posts\/38686","targetHints":{"allow":["GET"]}}],"collection":[{"href":"https:\/\/www.achimbrueckner.de\/dxradio\/php\/wordpress\/index.php?rest_route=\/wp\/v2\/posts"}],"about":[{"href":"https:\/\/www.achimbrueckner.de\/dxradio\/php\/wordpress\/index.php?rest_route=\/wp\/v2\/types\/post"}],"author":[{"embeddable":true,"href":"https:\/\/www.achimbrueckner.de\/dxradio\/php\/wordpress\/index.php?rest_route=\/wp\/v2\/users\/1"}],"replies":[{"embeddable":true,"href":"https:\/\/www.achimbrueckner.de\/dxradio\/php\/wordpress\/index.php?rest_route=%2Fwp%2Fv2%2Fcomments&post=38686"}],"version-history":[{"count":0,"href":"https:\/\/www.achimbrueckner.de\/dxradio\/php\/wordpress\/index.php?rest_route=\/wp\/v2\/posts\/38686\/revisions"}],"wp:attachment":[{"href":"https:\/\/www.achimbrueckner.de\/dxradio\/php\/wordpress\/index.php?rest_route=%2Fwp%2Fv2%2Fmedia&parent=38686"}],"wp:term":[{"taxonomy":"category","embeddable":true,"href":"https:\/\/www.achimbrueckner.de\/dxradio\/php\/wordpress\/index.php?rest_route=%2Fwp%2Fv2%2Fcategories&post=38686"},{"taxonomy":"post_tag","embeddable":true,"href":"https:\/\/www.achimbrueckner.de\/dxradio\/php\/wordpress\/index.php?rest_route=%2Fwp%2Fv2%2Ftags&post=38686"}],"curies":[{"name":"wp","href":"https:\/\/api.w.org\/{rel}","templated":true}]}}