{"id":38733,"date":"2023-01-31T15:13:23","date_gmt":"2023-01-31T15:13:23","guid":{"rendered":"https:\/\/www.achimbrueckner.de\/dxradio\/php\/wordpress\/?p=38733"},"modified":"2023-01-31T15:13:23","modified_gmt":"2023-01-31T15:13:23","slug":"amazon-gerate-chef-verlieren-nicht-das-interesse-an-alexa","status":"publish","type":"post","link":"https:\/\/www.achimbrueckner.de\/dxradio\/php\/wordpress\/?p=38733","title":{"rendered":"Amazon-Ger\u00e4te-Chef: Verlieren nicht das Interesse an Alexa"},"content":{"rendered":"<p><a href=\"https:\/\/www.heise.de\/news\/Amazon-Geraete-Chef-Verlieren-nicht-das-Interesse-an-Alexa-7475803.html\" rel=\"noopener\" target=\"_blank\">https:\/\/www.heise.de\/news\/Amazon-Geraete-Chef-Verlieren-nicht-das-Interesse-an-Alexa-7475803.html<\/a><\/p>\n","protected":false},"excerpt":{"rendered":"<p>https:\/\/www.heise.de\/news\/Amazon-Geraete-Chef-Verlieren-nicht-das-Interesse-an-Alexa-7475803.html<\/p>\n","protected":false},"author":1,"featured_media":0,"comment_status":"closed","ping_status":"open","sticky":false,"template":"","format":"standard","meta":{"_jetpack_memberships_contains_paid_content":false,"footnotes":"","jetpack_publicize_message":"","jetpack_publicize_feature_enabled":true,"jetpack_social_post_already_shared":true,"jetpack_social_options":{"image_generator_settings":{"template":"highway","default_image_id":0,"font":"","enabled":false},"version":2}},"categories":[1],"tags":[],"class_list":["post-38733","post","type-post","status-publish","format-standard","hentry","category-deutsch"],"jetpack_publicize_connections":[],"jetpack_featured_media_url":"","jetpack_sharing_enabled":true,"jetpack_shortlink":"https:\/\/wp.me\/p5CDmr-a4J","jetpack-related-posts":[{"id":39511,"url":"https:\/\/www.achimbrueckner.de\/dxradio\/php\/wordpress\/?p=39511","url_meta":{"origin":38733,"position":0},"title":"Kein Magenta, keine Alexa: Telekom macht eigene Smart Speaker dumm","author":"Administrator","date":"May 17, 2023","format":false,"excerpt":"https:\/\/www.heise.de\/news\/Telekom-Smart-Speaker-verlieren-Sprachsteuerung-ueber-Magenta-und-Alexa-9058035.html","rel":"","context":"In &quot;Deutsch&quot;","block_context":{"text":"Deutsch","link":"https:\/\/www.achimbrueckner.de\/dxradio\/php\/wordpress\/?cat=1"},"img":{"alt_text":"","src":"","width":0,"height":0},"classes":[]},{"id":43095,"url":"https:\/\/www.achimbrueckner.de\/dxradio\/php\/wordpress\/?p=43095","url_meta":{"origin":38733,"position":1},"title":"SWB dxinfo.se","author":"Administrator","date":"June 23, 2025","format":false,"excerpt":"Das neue SWB ist erschienen. Dazu schreibt der Redakteur Thomas Nilsson: \" Ich bin kurz davor, das Interesse an der Erstellung von SWB zu verlieren. Von den 140 DXern in der Mailingliste melden sich nur sehr wenige, wenn die Deadline n\u00e4her r\u00fcckt.\" Frage an die A-DXer hier: Warum nicht 1-2\u2026","rel":"","context":"In &quot;Deutsch&quot;","block_context":{"text":"Deutsch","link":"https:\/\/www.achimbrueckner.de\/dxradio\/php\/wordpress\/?cat=1"},"img":{"alt_text":"","src":"","width":0,"height":0},"classes":[]},{"id":24080,"url":"https:\/\/www.achimbrueckner.de\/dxradio\/php\/wordpress\/?p=24080","url_meta":{"origin":38733,"position":2},"title":"Alexa-Nutzer k\u00f6nnen das Mith\u00f6ren ausschlie\u00dfen","author":"Administrator","date":"August 3, 2019","format":false,"excerpt":"https:\/\/www.golem.de\/news\/amazon-alexa-nutzer-koennen-das-mithoeren-ausschliessen-1908-142966.html","rel":"","context":"In &quot;Deutsch&quot;","block_context":{"text":"Deutsch","link":"https:\/\/www.achimbrueckner.de\/dxradio\/php\/wordpress\/?cat=1"},"img":{"alt_text":"","src":"","width":0,"height":0},"classes":[]},{"id":18844,"url":"https:\/\/www.achimbrueckner.de\/dxradio\/php\/wordpress\/?p=18844","url_meta":{"origin":38733,"position":3},"title":"Warum Rockland-Radio-Chef Steffen M\u00fcller zu Amazons Alexa auf Distanz geht","author":"Administrator","date":"August 18, 2018","format":false,"excerpt":"https:\/\/kress.de\/news\/detail\/beitrag\/140907-warum-rockland-radio-chef-steffen-mueller-zu-amazons-alexa-auf-distanz-geht.html","rel":"","context":"In &quot;Deutsch&quot;","block_context":{"text":"Deutsch","link":"https:\/\/www.achimbrueckner.de\/dxradio\/php\/wordpress\/?cat=1"},"img":{"alt_text":"","src":"","width":0,"height":0},"classes":[]},{"id":19046,"url":"https:\/\/www.achimbrueckner.de\/dxradio\/php\/wordpress\/?p=19046","url_meta":{"origin":38733,"position":4},"title":"\u201eMusik wird f\u00fcr das Radio an Bedeutung verlieren\u201c","author":"Administrator","date":"September 6, 2018","format":false,"excerpt":"http:\/\/www.haz.de\/Nachrichten\/Medien\/Uebersicht\/Musik-wird-fuer-das-Radio-an-Bedeutung-verlieren","rel":"","context":"In &quot;Deutsch&quot;","block_context":{"text":"Deutsch","link":"https:\/\/www.achimbrueckner.de\/dxradio\/php\/wordpress\/?cat=1"},"img":{"alt_text":"","src":"","width":0,"height":0},"classes":[]},{"id":22150,"url":"https:\/\/www.achimbrueckner.de\/dxradio\/php\/wordpress\/?p=22150","url_meta":{"origin":38733,"position":5},"title":"\u201eAlexa, spiel die Charts\u201c: Neuer Sprachbefehl f\u00fcr Amazon Alexa mit Zeitreise-Option","author":"Administrator","date":"March 15, 2019","format":false,"excerpt":"https:\/\/stadt-bremerhaven.de\/alexa-spiel-die-charts-neuer-sprachbefehl-fuer-amazon-alexa-mit-zeitreise-option\/","rel":"","context":"In &quot;Deutsch&quot;","block_context":{"text":"Deutsch","link":"https:\/\/www.achimbrueckner.de\/dxradio\/php\/wordpress\/?cat=1"},"img":{"alt_text":"","src":"","width":0,"height":0},"classes":[]}],"_links":{"self":[{"href":"https:\/\/www.achimbrueckner.de\/dxradio\/php\/wordpress\/index.php?rest_route=\/wp\/v2\/posts\/38733","targetHints":{"allow":["GET"]}}],"collection":[{"href":"https:\/\/www.achimbrueckner.de\/dxradio\/php\/wordpress\/index.php?rest_route=\/wp\/v2\/posts"}],"about":[{"href":"https:\/\/www.achimbrueckner.de\/dxradio\/php\/wordpress\/index.php?rest_route=\/wp\/v2\/types\/post"}],"author":[{"embeddable":true,"href":"https:\/\/www.achimbrueckner.de\/dxradio\/php\/wordpress\/index.php?rest_route=\/wp\/v2\/users\/1"}],"replies":[{"embeddable":true,"href":"https:\/\/www.achimbrueckner.de\/dxradio\/php\/wordpress\/index.php?rest_route=%2Fwp%2Fv2%2Fcomments&post=38733"}],"version-history":[{"count":0,"href":"https:\/\/www.achimbrueckner.de\/dxradio\/php\/wordpress\/index.php?rest_route=\/wp\/v2\/posts\/38733\/revisions"}],"wp:attachment":[{"href":"https:\/\/www.achimbrueckner.de\/dxradio\/php\/wordpress\/index.php?rest_route=%2Fwp%2Fv2%2Fmedia&parent=38733"}],"wp:term":[{"taxonomy":"category","embeddable":true,"href":"https:\/\/www.achimbrueckner.de\/dxradio\/php\/wordpress\/index.php?rest_route=%2Fwp%2Fv2%2Fcategories&post=38733"},{"taxonomy":"post_tag","embeddable":true,"href":"https:\/\/www.achimbrueckner.de\/dxradio\/php\/wordpress\/index.php?rest_route=%2Fwp%2Fv2%2Ftags&post=38733"}],"curies":[{"name":"wp","href":"https:\/\/api.w.org\/{rel}","templated":true}]}}