{"id":38743,"date":"2023-02-01T16:01:01","date_gmt":"2023-02-01T16:01:01","guid":{"rendered":"https:\/\/www.achimbrueckner.de\/dxradio\/php\/wordpress\/?p=38743"},"modified":"2023-02-01T16:01:01","modified_gmt":"2023-02-01T16:01:01","slug":"radio-onda-6140-khz-off-the-air","status":"publish","type":"post","link":"https:\/\/www.achimbrueckner.de\/dxradio\/php\/wordpress\/?p=38743","title":{"rendered":"Radio Onda 6140 Khz off the air"},"content":{"rendered":"<p>Netherland&#8217;s Radio Onda 6140 kHz is off for transmitter repairs until late March or beyond.<\/p>\n<p>Info via Facebook<\/p>\n","protected":false},"excerpt":{"rendered":"<p>Netherland&#8217;s Radio Onda 6140 kHz is off for transmitter repairs until late March or beyond. Info via Facebook<\/p>\n","protected":false},"author":1,"featured_media":0,"comment_status":"closed","ping_status":"open","sticky":false,"template":"","format":"standard","meta":{"_jetpack_memberships_contains_paid_content":false,"footnotes":"","jetpack_publicize_message":"","jetpack_publicize_feature_enabled":true,"jetpack_social_post_already_shared":true,"jetpack_social_options":{"image_generator_settings":{"template":"highway","default_image_id":0,"font":"","enabled":false},"version":2}},"categories":[2],"tags":[],"class_list":["post-38743","post","type-post","status-publish","format-standard","hentry","category-english"],"jetpack_publicize_connections":[],"jetpack_featured_media_url":"","jetpack_sharing_enabled":true,"jetpack_shortlink":"https:\/\/wp.me\/p5CDmr-a4T","jetpack-related-posts":[{"id":42420,"url":"https:\/\/www.achimbrueckner.de\/dxradio\/php\/wordpress\/?p=42420","url_meta":{"origin":38743,"position":0},"title":"Radio Onda Ausschreibung Kurzwelle","author":"Administrator","date":"March 23, 2025","format":false,"excerpt":"LUXEMBURG: Eine Lizenz f\u00fcr den Betrieb von vier Kurzwellensendern in Junglinster wurde von Elisabeth Margue, der f\u00fcr Medien und Konnektivit\u00e4t zust\u00e4ndigen Ministerin des Premierministers, eine Lizenz f\u00fcr den Betrieb von vier Kurzwellensendern in Junglinster erteilt. Der belgische Rundfunk RADIO ONDA hat die Ausschreibung f\u00fcr die \u00dcbertragung auf folgenden Frequenzen gewonnen:\u2026","rel":"","context":"In &quot;Deutsch&quot;","block_context":{"text":"Deutsch","link":"https:\/\/www.achimbrueckner.de\/dxradio\/php\/wordpress\/?cat=1"},"img":{"alt_text":"","src":"","width":0,"height":0},"classes":[]},{"id":39316,"url":"https:\/\/www.achimbrueckner.de\/dxradio\/php\/wordpress\/?p=39316","url_meta":{"origin":38743,"position":1},"title":"WMR Radio 208 update","author":"Administrator","date":"April 13, 2023","format":false,"excerpt":"World Music Radio (WMR) has commenced using a new 300 Watts transmitter from April 12 2023 on 15700 kHz after several months with 10 Watts only here. The transmitter is currently being run on a test basis 24\/7 \u2013 but from next week it will be Saturdays and Sundays only.\u2026","rel":"","context":"In &quot;English&quot;","block_context":{"text":"English","link":"https:\/\/www.achimbrueckner.de\/dxradio\/php\/wordpress\/?cat=2"},"img":{"alt_text":"","src":"","width":0,"height":0},"classes":[]},{"id":33725,"url":"https:\/\/www.achimbrueckner.de\/dxradio\/php\/wordpress\/?p=33725","url_meta":{"origin":38743,"position":2},"title":"WMLK Radio Times and Frequencies","author":"Administrator","date":"October 7, 2021","format":false,"excerpt":"WMLK Radio Times and Frequencies Currently we are off the air as a new transmitter is being built for WMLK Radio by Ampegon. We are looking to target operations at\/by the end of October! On the air six days each week: Monday \u2013 Friday 9275 kHz and 15150 kHz 1700-2200\u2026","rel":"","context":"In &quot;English&quot;","block_context":{"text":"English","link":"https:\/\/www.achimbrueckner.de\/dxradio\/php\/wordpress\/?cat=2"},"img":{"alt_text":"","src":"","width":0,"height":0},"classes":[]},{"id":43728,"url":"https:\/\/www.achimbrueckner.de\/dxradio\/php\/wordpress\/?p=43728","url_meta":{"origin":38743,"position":3},"title":"QSL FROM RADIO GLORIA 6140 kHz","author":"Administrator","date":"September 4, 2025","format":false,"excerpt":"https:\/\/swli05639fr.blogspot.com\/2025\/09\/qsl-from-radio-gloria-6140-khz.html","rel":"","context":"In &quot;English&quot;","block_context":{"text":"English","link":"https:\/\/www.achimbrueckner.de\/dxradio\/php\/wordpress\/?cat=2"},"img":{"alt_text":"","src":"","width":0,"height":0},"classes":[]},{"id":44303,"url":"https:\/\/www.achimbrueckner.de\/dxradio\/php\/wordpress\/?p=44303","url_meta":{"origin":38743,"position":4},"title":"World Music Radio Transmitter Update","author":"Administrator","date":"November 16, 2025","format":false,"excerpt":"Transmitter update: 3965 kHz went on the air October 29th 2025 from Hvidovre (Copenhagen), 24\/7, with 600W. After a couple of days something went wrong and power fell to approx. 50W. Yesterday broadcasting on 3965 was stopped. The transmitter must be repaired. Hopefully back on the air soon. 5930 kHz\u2026","rel":"","context":"In &quot;English&quot;","block_context":{"text":"English","link":"https:\/\/www.achimbrueckner.de\/dxradio\/php\/wordpress\/?cat=2"},"img":{"alt_text":"","src":"","width":0,"height":0},"classes":[]},{"id":38335,"url":"https:\/\/www.achimbrueckner.de\/dxradio\/php\/wordpress\/?p=38335","url_meta":{"origin":38743,"position":5},"title":"Dutch LPAM 2022 reception","author":"Administrator","date":"December 23, 2022","format":false,"excerpt":"2022 Low Power AM in Nederland met licentie Dit zijn de 68 Nederlandse LPAM stations door mij tot nu toe gelogd sinds het begin van 2022 Ontvangen vanuit W\u00e2ltersw\u00e2ld in het hoge noorden van Nederland Zender vermogens zijn tussen de 1 Watt PEP en 100 Watt PEP dus super laag.\u2026","rel":"","context":"In &quot;Deutsch&quot;","block_context":{"text":"Deutsch","link":"https:\/\/www.achimbrueckner.de\/dxradio\/php\/wordpress\/?cat=1"},"img":{"alt_text":"","src":"","width":0,"height":0},"classes":[]}],"_links":{"self":[{"href":"https:\/\/www.achimbrueckner.de\/dxradio\/php\/wordpress\/index.php?rest_route=\/wp\/v2\/posts\/38743","targetHints":{"allow":["GET"]}}],"collection":[{"href":"https:\/\/www.achimbrueckner.de\/dxradio\/php\/wordpress\/index.php?rest_route=\/wp\/v2\/posts"}],"about":[{"href":"https:\/\/www.achimbrueckner.de\/dxradio\/php\/wordpress\/index.php?rest_route=\/wp\/v2\/types\/post"}],"author":[{"embeddable":true,"href":"https:\/\/www.achimbrueckner.de\/dxradio\/php\/wordpress\/index.php?rest_route=\/wp\/v2\/users\/1"}],"replies":[{"embeddable":true,"href":"https:\/\/www.achimbrueckner.de\/dxradio\/php\/wordpress\/index.php?rest_route=%2Fwp%2Fv2%2Fcomments&post=38743"}],"version-history":[{"count":0,"href":"https:\/\/www.achimbrueckner.de\/dxradio\/php\/wordpress\/index.php?rest_route=\/wp\/v2\/posts\/38743\/revisions"}],"wp:attachment":[{"href":"https:\/\/www.achimbrueckner.de\/dxradio\/php\/wordpress\/index.php?rest_route=%2Fwp%2Fv2%2Fmedia&parent=38743"}],"wp:term":[{"taxonomy":"category","embeddable":true,"href":"https:\/\/www.achimbrueckner.de\/dxradio\/php\/wordpress\/index.php?rest_route=%2Fwp%2Fv2%2Fcategories&post=38743"},{"taxonomy":"post_tag","embeddable":true,"href":"https:\/\/www.achimbrueckner.de\/dxradio\/php\/wordpress\/index.php?rest_route=%2Fwp%2Fv2%2Ftags&post=38743"}],"curies":[{"name":"wp","href":"https:\/\/api.w.org\/{rel}","templated":true}]}}