{"id":38766,"date":"2023-02-05T09:40:37","date_gmt":"2023-02-05T09:40:37","guid":{"rendered":"https:\/\/www.achimbrueckner.de\/dxradio\/php\/wordpress\/?p=38766"},"modified":"2023-02-05T09:40:37","modified_gmt":"2023-02-05T09:40:37","slug":"100-jahre-radiodie-kultur-des-zuhorens","status":"publish","type":"post","link":"https:\/\/www.achimbrueckner.de\/dxradio\/php\/wordpress\/?p=38766","title":{"rendered":"100 Jahre RadioDie Kultur des Zuh\u00f6rens"},"content":{"rendered":"<p><a href=\"https:\/\/www.deutschlandradio.de\/100-jahre-radio-essay-diemut-roether-100.html\" rel=\"noopener\" target=\"_blank\">https:\/\/www.deutschlandradio.de\/100-jahre-radio-essay-diemut-roether-100.html<\/a><\/p>\n","protected":false},"excerpt":{"rendered":"<p>https:\/\/www.deutschlandradio.de\/100-jahre-radio-essay-diemut-roether-100.html<\/p>\n","protected":false},"author":1,"featured_media":0,"comment_status":"closed","ping_status":"open","sticky":false,"template":"","format":"standard","meta":{"_jetpack_memberships_contains_paid_content":false,"footnotes":"","jetpack_publicize_message":"","jetpack_publicize_feature_enabled":true,"jetpack_social_post_already_shared":true,"jetpack_social_options":{"image_generator_settings":{"template":"highway","default_image_id":0,"font":"","enabled":false},"version":2}},"categories":[1],"tags":[],"class_list":["post-38766","post","type-post","status-publish","format-standard","hentry","category-deutsch"],"jetpack_publicize_connections":[],"jetpack_featured_media_url":"","jetpack_sharing_enabled":true,"jetpack_shortlink":"https:\/\/wp.me\/p5CDmr-a5g","jetpack-related-posts":[{"id":40421,"url":"https:\/\/www.achimbrueckner.de\/dxradio\/php\/wordpress\/?p=40421","url_meta":{"origin":38766,"position":0},"title":"100 Jahre Radio Wie sieht die Zukunft des H\u00f6rfunks aus?","author":"Administrator","date":"October 28, 2023","format":false,"excerpt":"https:\/\/www.deutschlandfunkkultur.de\/100-jahre-radio-die-bilanz-von-deutschlandradio-intendant-raue-dlf-kultur-c8a47206-100.html","rel":"","context":"In &quot;Deutsch&quot;","block_context":{"text":"Deutsch","link":"https:\/\/www.achimbrueckner.de\/dxradio\/php\/wordpress\/?cat=1"},"img":{"alt_text":"","src":"","width":0,"height":0},"classes":[]},{"id":40776,"url":"https:\/\/www.achimbrueckner.de\/dxradio\/php\/wordpress\/?p=40776","url_meta":{"origin":38766,"position":1},"title":"30 Jahre Deutschlandradio","author":"Administrator","date":"January 6, 2024","format":false,"excerpt":"Aus drei wurde eins: 1994 entstand aus den Sendern RIAS und DS Kultur in Berlin sowie Deutschlandfunk in K\u00f6ln das \u00f6ffentlich-rechtliche Medienunternehmen Deutschlandradio. Am 1. Januar j\u00e4hrt sich der erste Sendetag zum 30. Mal. Alle Infos zum Jubil\u00e4um finden Sie hier: https:\/\/www.deutschlandradio.de\/30-jahre-100.html Eine knarzende Telefonleitung eines gefl\u00fcchteten Volkspolizisten, ein intimes\u2026","rel":"","context":"In &quot;Deutsch&quot;","block_context":{"text":"Deutsch","link":"https:\/\/www.achimbrueckner.de\/dxradio\/php\/wordpress\/?cat=1"},"img":{"alt_text":"","src":"","width":0,"height":0},"classes":[]},{"id":40317,"url":"https:\/\/www.achimbrueckner.de\/dxradio\/php\/wordpress\/?p=40317","url_meta":{"origin":38766,"position":2},"title":"Rundfunkgeschichte 100 Jahre Radio in Deutschland","author":"Administrator","date":"October 11, 2023","format":false,"excerpt":"https:\/\/www.deutschlandfunkkultur.de\/lange-nacht-ueber-100-jahre-radio-in-deutschland-dlf-kultur-7ddba79d-100.html","rel":"","context":"In &quot;Deutsch&quot;","block_context":{"text":"Deutsch","link":"https:\/\/www.achimbrueckner.de\/dxradio\/php\/wordpress\/?cat=1"},"img":{"alt_text":"","src":"","width":0,"height":0},"classes":[]},{"id":40424,"url":"https:\/\/www.achimbrueckner.de\/dxradio\/php\/wordpress\/?p=40424","url_meta":{"origin":38766,"position":3},"title":"100 Jahre Radio Lebendig wie nie","author":"Administrator","date":"October 29, 2023","format":false,"excerpt":"https:\/\/www.deutschlandfunkkultur.de\/100-jahre-radio-lebendig-wie-nie-dlf-kultur-ff0bbafc-100.html","rel":"","context":"In &quot;Deutsch&quot;","block_context":{"text":"Deutsch","link":"https:\/\/www.achimbrueckner.de\/dxradio\/php\/wordpress\/?cat=1"},"img":{"alt_text":"","src":"","width":0,"height":0},"classes":[]},{"id":16237,"url":"https:\/\/www.achimbrueckner.de\/dxradio\/php\/wordpress\/?p=16237","url_meta":{"origin":38766,"position":4},"title":"Zehn Jahre Radio Tatort","author":"Administrator","date":"January 20, 2018","format":false,"excerpt":"https:\/\/www.mdr.de\/kultur\/themen\/radiotatort-feiert-zehn-jahre-jubilaeum-100.html","rel":"","context":"In &quot;Deutsch&quot;","block_context":{"text":"Deutsch","link":"https:\/\/www.achimbrueckner.de\/dxradio\/php\/wordpress\/?cat=1"},"img":{"alt_text":"","src":"","width":0,"height":0},"classes":[]},{"id":31032,"url":"https:\/\/www.achimbrueckner.de\/dxradio\/php\/wordpress\/?p=31032","url_meta":{"origin":38766,"position":5},"title":"Leipziger Ausstellung macht 100 Jahre Radio zum Kunstprojekt","author":"Administrator","date":"December 5, 2020","format":false,"excerpt":"https:\/\/www.mdr.de\/kultur\/ausstellung-erste-radiosendung-leipzig-100.html","rel":"","context":"In &quot;Deutsch&quot;","block_context":{"text":"Deutsch","link":"https:\/\/www.achimbrueckner.de\/dxradio\/php\/wordpress\/?cat=1"},"img":{"alt_text":"","src":"","width":0,"height":0},"classes":[]}],"_links":{"self":[{"href":"https:\/\/www.achimbrueckner.de\/dxradio\/php\/wordpress\/index.php?rest_route=\/wp\/v2\/posts\/38766","targetHints":{"allow":["GET"]}}],"collection":[{"href":"https:\/\/www.achimbrueckner.de\/dxradio\/php\/wordpress\/index.php?rest_route=\/wp\/v2\/posts"}],"about":[{"href":"https:\/\/www.achimbrueckner.de\/dxradio\/php\/wordpress\/index.php?rest_route=\/wp\/v2\/types\/post"}],"author":[{"embeddable":true,"href":"https:\/\/www.achimbrueckner.de\/dxradio\/php\/wordpress\/index.php?rest_route=\/wp\/v2\/users\/1"}],"replies":[{"embeddable":true,"href":"https:\/\/www.achimbrueckner.de\/dxradio\/php\/wordpress\/index.php?rest_route=%2Fwp%2Fv2%2Fcomments&post=38766"}],"version-history":[{"count":0,"href":"https:\/\/www.achimbrueckner.de\/dxradio\/php\/wordpress\/index.php?rest_route=\/wp\/v2\/posts\/38766\/revisions"}],"wp:attachment":[{"href":"https:\/\/www.achimbrueckner.de\/dxradio\/php\/wordpress\/index.php?rest_route=%2Fwp%2Fv2%2Fmedia&parent=38766"}],"wp:term":[{"taxonomy":"category","embeddable":true,"href":"https:\/\/www.achimbrueckner.de\/dxradio\/php\/wordpress\/index.php?rest_route=%2Fwp%2Fv2%2Fcategories&post=38766"},{"taxonomy":"post_tag","embeddable":true,"href":"https:\/\/www.achimbrueckner.de\/dxradio\/php\/wordpress\/index.php?rest_route=%2Fwp%2Fv2%2Ftags&post=38766"}],"curies":[{"name":"wp","href":"https:\/\/api.w.org\/{rel}","templated":true}]}}