{"id":38770,"date":"2023-02-05T10:03:49","date_gmt":"2023-02-05T10:03:49","guid":{"rendered":"https:\/\/www.achimbrueckner.de\/dxradio\/php\/wordpress\/?p=38770"},"modified":"2023-02-05T10:03:49","modified_gmt":"2023-02-05T10:03:49","slug":"radio-andorra-5-februar-2023-6180-khz","status":"publish","type":"post","link":"https:\/\/www.achimbrueckner.de\/dxradio\/php\/wordpress\/?p=38770","title":{"rendered":"Radio Andorra 5. Februar 2023 6180 Khz"},"content":{"rendered":"<p>Im Februar 1948 kam der Chansonnier Philippe Chatel zur Welt, im Februar vor 2 Jahren verstarb er. Zu seinem anstehenden 75. Geburtstag gibt es heute eine Archivsendung von Radio Andorra aus der Serie &#8220;Carte Blanche&#8221;. Leider ist nur die erste der beiden Stunden erhalten. Zu Gast im Studio ist auch der Musiker Michel Haumont.<br \/>\nDie Sendung l\u00e4uft heute, Sonntag, zwischen 17 und 18 Uhr UTC auf 6180 kHz via Moosbrunn an LogPer auf 270 Grad, dank Eurer Crowdfunding Unterst\u00fctzung.<br \/>\nOn Demand gibt es die Show dann heute Abend auch unter www.aquiradioandorra.com<\/p>\n<p>Info via A-DX Facebook<\/p>\n","protected":false},"excerpt":{"rendered":"<p>Im Februar 1948 kam der Chansonnier Philippe Chatel zur Welt, im Februar vor 2 Jahren verstarb er. Zu seinem anstehenden 75. Geburtstag gibt es heute eine Archivsendung von Radio Andorra aus der Serie &#8220;Carte Blanche&#8221;. Leider ist nur die erste der beiden Stunden erhalten. Zu Gast im Studio ist auch der Musiker Michel Haumont. Die &hellip; <a href=\"https:\/\/www.achimbrueckner.de\/dxradio\/php\/wordpress\/?p=38770\" class=\"more-link\">Continue reading <span class=\"screen-reader-text\">Radio Andorra 5. Februar 2023 6180 Khz<\/span><\/a><\/p>\n","protected":false},"author":1,"featured_media":0,"comment_status":"closed","ping_status":"open","sticky":false,"template":"","format":"standard","meta":{"_jetpack_memberships_contains_paid_content":false,"footnotes":"","jetpack_publicize_message":"","jetpack_publicize_feature_enabled":true,"jetpack_social_post_already_shared":true,"jetpack_social_options":{"image_generator_settings":{"template":"highway","default_image_id":0,"font":"","enabled":false},"version":2}},"categories":[1],"tags":[],"class_list":["post-38770","post","type-post","status-publish","format-standard","hentry","category-deutsch"],"jetpack_publicize_connections":[],"jetpack_featured_media_url":"","jetpack_sharing_enabled":true,"jetpack_shortlink":"https:\/\/wp.me\/p5CDmr-a5k","jetpack-related-posts":[{"id":33270,"url":"https:\/\/www.achimbrueckner.de\/dxradio\/php\/wordpress\/?p=33270","url_meta":{"origin":38770,"position":0},"title":"Radio Andorra 7 August 2021 1900 MESZ 6180 Khz","author":"Administrator","date":"August 7, 2021","format":false,"excerpt":"Radio Andorra wurde am 7 vor 82 Jahren geboren, tags\u00fcber. Verpasst nicht die heute Abend auf Kurzwellen ausgestrahlte au\u00dfergew\u00f6hnliche Show, die die restaurierte Kopie einer im Sommer 1979 ausgestrahlten Sendung ist: \u2032\u2032 Carte Blanche \u00e0... Sacha Distel \u2032\u2032 pr\u00e4sentiert von Arty Parera. Diese Sendung wurde auf Band aufgenommen und 40\u2026","rel":"","context":"In &quot;Deutsch&quot;","block_context":{"text":"Deutsch","link":"https:\/\/www.achimbrueckner.de\/dxradio\/php\/wordpress\/?cat=1"},"img":{"alt_text":"","src":"","width":0,"height":0},"classes":[]},{"id":37048,"url":"https:\/\/www.achimbrueckner.de\/dxradio\/php\/wordpress\/?p=37048","url_meta":{"origin":38770,"position":1},"title":"Radio Andorra August September 2022","author":"Administrator","date":"July 22, 2022","format":false,"excerpt":"Die n\u00e4chsten beiden Sendungen \"Aus den Archiven von Radio Andorra\" sind fix geplant. Auch im August und September hei\u00dft es am ersten Samstag im Monat: Zeit, 43 Jahre alte Kassetten wieder h\u00f6rbar zu machen. Am Samstag, 06. August 2022 gestaltet Ricet Barrier eine Stunde Programm mit Chansons und Geschichten aus\u2026","rel":"","context":"In &quot;Deutsch&quot;","block_context":{"text":"Deutsch","link":"https:\/\/www.achimbrueckner.de\/dxradio\/php\/wordpress\/?cat=1"},"img":{"alt_text":"","src":"","width":0,"height":0},"classes":[]},{"id":33219,"url":"https:\/\/www.achimbrueckner.de\/dxradio\/php\/wordpress\/?p=33219","url_meta":{"origin":38770,"position":2},"title":"Radio Andorra 7- August 2021 17-20 Utc 6180 Khz","author":"Administrator","date":"August 2, 2021","format":false,"excerpt":"Nach der Flut ist vor der Sendung. Zum 82. Geburtstag des Senders \"Radio Andorra\" haben wir zusammen mit dem Arxiu Nacional d'Andorra eine Sendung aus Sommer 1979 restauriert und wieder sendbar gemacht. Radioh\u00f6ren, wie vor 42 Jahren - am 07. August 2021. Hier unsere Pressemitteilung: \u201cF\u00fcr viele Radioh\u00f6rer in Europa\u2026","rel":"","context":"In &quot;Deutsch&quot;","block_context":{"text":"Deutsch","link":"https:\/\/www.achimbrueckner.de\/dxradio\/php\/wordpress\/?cat=1"},"img":{"alt_text":"","src":"","width":0,"height":0},"classes":[]},{"id":37380,"url":"https:\/\/www.achimbrueckner.de\/dxradio\/php\/wordpress\/?p=37380","url_meta":{"origin":38770,"position":3},"title":"Radio Andorra 3. September 2022","author":"Administrator","date":"August 30, 2022","format":false,"excerpt":"Am Samstag geht es wieder in die Archive von Radio Andorra. Diese Dame wird uns eine sehr spannende Auswahl an Musik pr\u00e4sentieren - so w\u00fcrde heute kein Radiosender mehr programmieren. Wer sich hinter dem Gast dieser Carte Blanche Sendung aus dem Jahr 1979 verbirgt, k\u00f6nnt Ihr hier lesen: https:\/\/de.wikipedia.org\/wiki\/Mireille_Hartuch Sendezeiten:\u2026","rel":"","context":"In &quot;Deutsch&quot;","block_context":{"text":"Deutsch","link":"https:\/\/www.achimbrueckner.de\/dxradio\/php\/wordpress\/?cat=1"},"img":{"alt_text":"","src":"","width":0,"height":0},"classes":[]},{"id":29,"url":"https:\/\/www.achimbrueckner.de\/dxradio\/php\/wordpress\/?p=29","url_meta":{"origin":38770,"position":4},"title":"Asien im 31m Band","author":"Administrator","date":"December 24, 2005","format":false,"excerpt":"Gute Signale aus Asien gibt es heute morgen im 31m Band. KBS World Radio ist auf 9640 Khz um 0855 Utc mit O=3 in Englisch zu empfangen. Auch aus Japan kommt das BBC-Relay um 0900 Utc auf 9605 Khz mit O=3 in Englisch an. Radio Japan ist auf 9750 Khz\u2026","rel":"","context":"In &quot;Empfang&quot;","block_context":{"text":"Empfang","link":"https:\/\/www.achimbrueckner.de\/dxradio\/php\/wordpress\/?cat=3"},"img":{"alt_text":"","src":"","width":0,"height":0},"classes":[]},{"id":38310,"url":"https:\/\/www.achimbrueckner.de\/dxradio\/php\/wordpress\/?p=38310","url_meta":{"origin":38770,"position":5},"title":"Radio Nacional Amazonia QSL","author":"Administrator","date":"December 22, 2022","format":false,"excerpt":"Radio Nacional Amazonia hat mir heute den Empfang seines Kurzwellensenders aus Manaus auf 6180 kHz mit einer sch\u00f6nen QSL Karte best\u00e4tigt. Die Station ist am sp\u00e4teren Abend gegen 22 Uhr UT bei uns zu h\u00f6ren. Info via Facebook","rel":"","context":"In &quot;Deutsch&quot;","block_context":{"text":"Deutsch","link":"https:\/\/www.achimbrueckner.de\/dxradio\/php\/wordpress\/?cat=1"},"img":{"alt_text":"","src":"","width":0,"height":0},"classes":[]}],"_links":{"self":[{"href":"https:\/\/www.achimbrueckner.de\/dxradio\/php\/wordpress\/index.php?rest_route=\/wp\/v2\/posts\/38770","targetHints":{"allow":["GET"]}}],"collection":[{"href":"https:\/\/www.achimbrueckner.de\/dxradio\/php\/wordpress\/index.php?rest_route=\/wp\/v2\/posts"}],"about":[{"href":"https:\/\/www.achimbrueckner.de\/dxradio\/php\/wordpress\/index.php?rest_route=\/wp\/v2\/types\/post"}],"author":[{"embeddable":true,"href":"https:\/\/www.achimbrueckner.de\/dxradio\/php\/wordpress\/index.php?rest_route=\/wp\/v2\/users\/1"}],"replies":[{"embeddable":true,"href":"https:\/\/www.achimbrueckner.de\/dxradio\/php\/wordpress\/index.php?rest_route=%2Fwp%2Fv2%2Fcomments&post=38770"}],"version-history":[{"count":0,"href":"https:\/\/www.achimbrueckner.de\/dxradio\/php\/wordpress\/index.php?rest_route=\/wp\/v2\/posts\/38770\/revisions"}],"wp:attachment":[{"href":"https:\/\/www.achimbrueckner.de\/dxradio\/php\/wordpress\/index.php?rest_route=%2Fwp%2Fv2%2Fmedia&parent=38770"}],"wp:term":[{"taxonomy":"category","embeddable":true,"href":"https:\/\/www.achimbrueckner.de\/dxradio\/php\/wordpress\/index.php?rest_route=%2Fwp%2Fv2%2Fcategories&post=38770"},{"taxonomy":"post_tag","embeddable":true,"href":"https:\/\/www.achimbrueckner.de\/dxradio\/php\/wordpress\/index.php?rest_route=%2Fwp%2Fv2%2Ftags&post=38770"}],"curies":[{"name":"wp","href":"https:\/\/api.w.org\/{rel}","templated":true}]}}