{"id":38827,"date":"2023-02-13T17:24:11","date_gmt":"2023-02-13T17:24:11","guid":{"rendered":"https:\/\/www.achimbrueckner.de\/dxradio\/php\/wordpress\/?p=38827"},"modified":"2023-02-13T17:24:11","modified_gmt":"2023-02-13T17:24:11","slug":"am-italia-13-february-2023","status":"publish","type":"post","link":"https:\/\/www.achimbrueckner.de\/dxradio\/php\/wordpress\/?p=38827","title":{"rendered":"AM Italia 13 February 2023"},"content":{"rendered":"<p>AM Italia sendet heute Montag 13.2.23 anl\u00e4sslich des Welt-Radio-Tages auch auf Langwelle 207, sowie auf den Mittelwellen 918 und 1323.<br \/>\nHier der ganze Text in englisch (von Antonella Napolitano) via A-DX:<br \/>\nOn the occasion of World Radio Day 2023 proclaimed by UNESCO, tomorrow AM-Italy will broadcast on its 3 licensed frequencies, 207,  918  and 1323 kHz, Guglielmo Marconi&#8217;s announcement for the first transatlantic radio transmission on 12th December 1901. This will be followed by an interview to Elettra Marconi talking about her father. A number of Swing songs from the 1930s will intersperse the two contents in rotation.<br \/>\nAM Italia, which broadcasts from Villa Estenste in the North East region of Veneto, is alesure time operation and normally they carry programmes in English from IRRS Shortwave, daily from 1800 to 2210 UTC on 1323 kHz.<\/p>\n","protected":false},"excerpt":{"rendered":"<p>AM Italia sendet heute Montag 13.2.23 anl\u00e4sslich des Welt-Radio-Tages auch auf Langwelle 207, sowie auf den Mittelwellen 918 und 1323. Hier der ganze Text in englisch (von Antonella Napolitano) via A-DX: On the occasion of World Radio Day 2023 proclaimed by UNESCO, tomorrow AM-Italy will broadcast on its 3 licensed frequencies, 207, 918 and 1323 &hellip; <a href=\"https:\/\/www.achimbrueckner.de\/dxradio\/php\/wordpress\/?p=38827\" class=\"more-link\">Continue reading <span class=\"screen-reader-text\">AM Italia 13 February 2023<\/span><\/a><\/p>\n","protected":false},"author":1,"featured_media":0,"comment_status":"closed","ping_status":"open","sticky":false,"template":"","format":"standard","meta":{"_jetpack_memberships_contains_paid_content":false,"footnotes":"","jetpack_publicize_message":"","jetpack_publicize_feature_enabled":true,"jetpack_social_post_already_shared":true,"jetpack_social_options":{"image_generator_settings":{"template":"highway","default_image_id":0,"font":"","enabled":false},"version":2}},"categories":[1,2],"tags":[],"class_list":["post-38827","post","type-post","status-publish","format-standard","hentry","category-deutsch","category-english"],"jetpack_publicize_connections":[],"jetpack_featured_media_url":"","jetpack_sharing_enabled":true,"jetpack_shortlink":"https:\/\/wp.me\/p5CDmr-a6f","jetpack-related-posts":[{"id":34133,"url":"https:\/\/www.achimbrueckner.de\/dxradio\/php\/wordpress\/?p=34133","url_meta":{"origin":38827,"position":0},"title":"AM Italia 207 Khz","author":"Administrator","date":"December 8, 2021","format":false,"excerpt":"Am 12. Dezember wird der Langwellensender von AM Italia auf 207 kHz in Ville Estense (Padua) eingeschaltet, die Leistung betr\u00e4gt 1 kW mit einer 350m Drahtantenne. Mit der Gedenksendung soll an die Verbindung zwischen Poldhu [Cornwall] und St. Johns, Neufundland, erinnert werden, wobei Marconis Rede und 3 Punkte des Buchstabens\u2026","rel":"","context":"In &quot;Deutsch&quot;","block_context":{"text":"Deutsch","link":"https:\/\/www.achimbrueckner.de\/dxradio\/php\/wordpress\/?cat=1"},"img":{"alt_text":"","src":"","width":0,"height":0},"classes":[]},{"id":31211,"url":"https:\/\/www.achimbrueckner.de\/dxradio\/php\/wordpress\/?p=31211","url_meta":{"origin":38827,"position":1},"title":"AUDIOCLIP, RADIO INTER, 918 KHz, BACK ON THE MEDIUM WAVES","author":"Administrator","date":"December 17, 2020","format":false,"excerpt":"https:\/\/swli05639fr.blogspot.com\/2020\/12\/audioclip-radio-inter-918-khz-back-on.html","rel":"","context":"In &quot;audio&quot;","block_context":{"text":"audio","link":"https:\/\/www.achimbrueckner.de\/dxradio\/php\/wordpress\/?cat=47"},"img":{"alt_text":"","src":"","width":0,"height":0},"classes":[]},{"id":36871,"url":"https:\/\/www.achimbrueckner.de\/dxradio\/php\/wordpress\/?p=36871","url_meta":{"origin":38827,"position":2},"title":"45 Nederlandse LPAM stations","author":"Administrator","date":"July 7, 2022","format":false,"excerpt":"Dit zijn de 45 Nederlandse LPAM stations door mij tot nu toe gelogd sinds het begin van 2021 Ontvangen vanuit W\u00e2ltersw\u00e2ld in het hoge noorden van Nederland Zender vermogens zijn tussen de 1 Watt PEP en 100 Watt PEP dus super laag. Geweldig om te zien dat de middengolf leeft\u2026","rel":"","context":"In &quot;Deutsch&quot;","block_context":{"text":"Deutsch","link":"https:\/\/www.achimbrueckner.de\/dxradio\/php\/wordpress\/?cat=1"},"img":{"alt_text":"","src":"","width":0,"height":0},"classes":[]},{"id":31438,"url":"https:\/\/www.achimbrueckner.de\/dxradio\/php\/wordpress\/?p=31438","url_meta":{"origin":38827,"position":3},"title":"Kritik an der niederl\u00e4ndischen LPAM-Politik","author":"Administrator","date":"December 30, 2020","format":false,"excerpt":"Kritik an der niederl\u00e4ndischen LPAM-Politik Seit 2016 als Pilotprojekt und seit 2019 als regul\u00e4re M\u00f6glichkeit k\u00f6nnen Interessenten in den Niederlanden Senderechte f\u00fcr Mittelwellensender kleiner Leistung (\u201elow-power AM\u201c <100 Watt) beantragen. Das tun immer mehr, doch dem DX-Veteranen Max van Arnhem (mwcircle) platzte j\u00fcngst der Kragen. Er bringt technische, aber auch\u2026","rel":"","context":"In &quot;Deutsch&quot;","block_context":{"text":"Deutsch","link":"https:\/\/www.achimbrueckner.de\/dxradio\/php\/wordpress\/?cat=1"},"img":{"alt_text":"","src":"","width":0,"height":0},"classes":[]},{"id":38335,"url":"https:\/\/www.achimbrueckner.de\/dxradio\/php\/wordpress\/?p=38335","url_meta":{"origin":38827,"position":4},"title":"Dutch LPAM 2022 reception","author":"Administrator","date":"December 23, 2022","format":false,"excerpt":"2022 Low Power AM in Nederland met licentie Dit zijn de 68 Nederlandse LPAM stations door mij tot nu toe gelogd sinds het begin van 2022 Ontvangen vanuit W\u00e2ltersw\u00e2ld in het hoge noorden van Nederland Zender vermogens zijn tussen de 1 Watt PEP en 100 Watt PEP dus super laag.\u2026","rel":"","context":"In &quot;Deutsch&quot;","block_context":{"text":"Deutsch","link":"https:\/\/www.achimbrueckner.de\/dxradio\/php\/wordpress\/?cat=1"},"img":{"alt_text":"","src":"","width":0,"height":0},"classes":[]},{"id":38932,"url":"https:\/\/www.achimbrueckner.de\/dxradio\/php\/wordpress\/?p=38932","url_meta":{"origin":38827,"position":5},"title":"Das Aus f\u00fcr R\u00daV LW 207 kHz &#8211; Mittwoch f\u00e4llt der Mast","author":"Administrator","date":"February 28, 2023","format":false,"excerpt":"Den Bericht gibt es auch auf Englisch: https:\/\/www.ruv.is\/english\/2023-02-28-third-largest-structure-in-iceland-is-demolished-wednesday Englischsprachige Podcasts gibt es regelm\u00e4\u00dfig unter https:\/\/www.ruv.is\/utvarp\/spila\/the-ruv-english-podcast\/34448 Info via A-DX","rel":"","context":"In &quot;Deutsch&quot;","block_context":{"text":"Deutsch","link":"https:\/\/www.achimbrueckner.de\/dxradio\/php\/wordpress\/?cat=1"},"img":{"alt_text":"","src":"","width":0,"height":0},"classes":[]}],"_links":{"self":[{"href":"https:\/\/www.achimbrueckner.de\/dxradio\/php\/wordpress\/index.php?rest_route=\/wp\/v2\/posts\/38827","targetHints":{"allow":["GET"]}}],"collection":[{"href":"https:\/\/www.achimbrueckner.de\/dxradio\/php\/wordpress\/index.php?rest_route=\/wp\/v2\/posts"}],"about":[{"href":"https:\/\/www.achimbrueckner.de\/dxradio\/php\/wordpress\/index.php?rest_route=\/wp\/v2\/types\/post"}],"author":[{"embeddable":true,"href":"https:\/\/www.achimbrueckner.de\/dxradio\/php\/wordpress\/index.php?rest_route=\/wp\/v2\/users\/1"}],"replies":[{"embeddable":true,"href":"https:\/\/www.achimbrueckner.de\/dxradio\/php\/wordpress\/index.php?rest_route=%2Fwp%2Fv2%2Fcomments&post=38827"}],"version-history":[{"count":0,"href":"https:\/\/www.achimbrueckner.de\/dxradio\/php\/wordpress\/index.php?rest_route=\/wp\/v2\/posts\/38827\/revisions"}],"wp:attachment":[{"href":"https:\/\/www.achimbrueckner.de\/dxradio\/php\/wordpress\/index.php?rest_route=%2Fwp%2Fv2%2Fmedia&parent=38827"}],"wp:term":[{"taxonomy":"category","embeddable":true,"href":"https:\/\/www.achimbrueckner.de\/dxradio\/php\/wordpress\/index.php?rest_route=%2Fwp%2Fv2%2Fcategories&post=38827"},{"taxonomy":"post_tag","embeddable":true,"href":"https:\/\/www.achimbrueckner.de\/dxradio\/php\/wordpress\/index.php?rest_route=%2Fwp%2Fv2%2Ftags&post=38827"}],"curies":[{"name":"wp","href":"https:\/\/api.w.org\/{rel}","templated":true}]}}