{"id":38903,"date":"2023-02-24T14:58:27","date_gmt":"2023-02-24T14:58:27","guid":{"rendered":"https:\/\/www.achimbrueckner.de\/dxradio\/php\/wordpress\/?p=38903"},"modified":"2023-02-24T14:58:27","modified_gmt":"2023-02-24T14:58:27","slug":"offentlich-rechtlicher-rundfunk-der-letzte-macht-den-fernseher-aus","status":"publish","type":"post","link":"https:\/\/www.achimbrueckner.de\/dxradio\/php\/wordpress\/?p=38903","title":{"rendered":"\u00d6ffentlich-rechtlicher Rundfunk : Der Letzte macht den Fernseher aus"},"content":{"rendered":"<p><a href=\"https:\/\/www.zeit.de\/kultur\/film\/2023-02\/oeffentlich-rechtlicher-rundfunk-berlin-brandenburg-sparprogramm-katrin-vernau-rbb\" rel=\"noopener\" target=\"_blank\">https:\/\/www.zeit.de\/kultur\/film\/2023-02\/oeffentlich-rechtlicher-rundfunk-berlin-brandenburg-sparprogramm-katrin-vernau-rbb<\/a><\/p>\n","protected":false},"excerpt":{"rendered":"<p>https:\/\/www.zeit.de\/kultur\/film\/2023-02\/oeffentlich-rechtlicher-rundfunk-berlin-brandenburg-sparprogramm-katrin-vernau-rbb<\/p>\n","protected":false},"author":1,"featured_media":0,"comment_status":"closed","ping_status":"open","sticky":false,"template":"","format":"standard","meta":{"_jetpack_memberships_contains_paid_content":false,"footnotes":"","jetpack_publicize_message":"","jetpack_publicize_feature_enabled":true,"jetpack_social_post_already_shared":true,"jetpack_social_options":{"image_generator_settings":{"template":"highway","default_image_id":0,"font":"","enabled":false},"version":2}},"categories":[1],"tags":[],"class_list":["post-38903","post","type-post","status-publish","format-standard","hentry","category-deutsch"],"jetpack_publicize_connections":[],"jetpack_featured_media_url":"","jetpack_sharing_enabled":true,"jetpack_shortlink":"https:\/\/wp.me\/p5CDmr-a7t","jetpack-related-posts":[{"id":4238,"url":"https:\/\/www.achimbrueckner.de\/dxradio\/php\/wordpress\/?p=4238","url_meta":{"origin":38903,"position":0},"title":"\u00d6ffentlich-rechtlicher Rundfunk in Israel Erst mal alles abschalten","author":"Administrator","date":"March 19, 2015","format":false,"excerpt":"https:\/\/www.taz.de\/Oeffentlich-rechtlicher-Rundfunk-in-Israel\/!156453\/","rel":"","context":"In &quot;Deutsch&quot;","block_context":{"text":"Deutsch","link":"https:\/\/www.achimbrueckner.de\/dxradio\/php\/wordpress\/?cat=1"},"img":{"alt_text":"","src":"","width":0,"height":0},"classes":[]},{"id":15819,"url":"https:\/\/www.achimbrueckner.de\/dxradio\/php\/wordpress\/?p=15819","url_meta":{"origin":38903,"position":1},"title":"\u00d6ffentlich-rechtlicher Rundfunk : Das gest\u00f6rte Programm","author":"Administrator","date":"December 8, 2017","format":false,"excerpt":"http:\/\/www.zeit.de\/2017\/51\/oeffentlich-rechtlicher-rundfunk-zukunft-debatte-qualitaetskontrolle","rel":"","context":"In &quot;Deutsch&quot;","block_context":{"text":"Deutsch","link":"https:\/\/www.achimbrueckner.de\/dxradio\/php\/wordpress\/?cat=1"},"img":{"alt_text":"","src":"","width":0,"height":0},"classes":[]},{"id":22737,"url":"https:\/\/www.achimbrueckner.de\/dxradio\/php\/wordpress\/?p=22737","url_meta":{"origin":38903,"position":2},"title":"Festakt: 70 Jahre \u00f6ffentlich-rechtlicher Rundfunk","author":"Administrator","date":"April 15, 2019","format":false,"excerpt":"https:\/\/www.ndr.de\/nachrichten\/hamburg\/70-Jahre-oeffentlich-rechtlicher-Rundfunk,rundfunk154.html","rel":"","context":"In &quot;Deutsch&quot;","block_context":{"text":"Deutsch","link":"https:\/\/www.achimbrueckner.de\/dxradio\/php\/wordpress\/?cat=1"},"img":{"alt_text":"","src":"","width":0,"height":0},"classes":[]},{"id":16761,"url":"https:\/\/www.achimbrueckner.de\/dxradio\/php\/wordpress\/?p=16761","url_meta":{"origin":38903,"position":3},"title":"\u00dcber Geb\u00fchr: \u00d6ffentlich-rechtlicher Rundfunk unter Druck","author":"Administrator","date":"March 5, 2018","format":false,"excerpt":"https:\/\/www.derstandard.de\/story\/2000075367604\/ueber-gebuehr-oeffentlich-rechtlicher-rundfunk-unter-druck","rel":"","context":"In &quot;Deutsch&quot;","block_context":{"text":"Deutsch","link":"https:\/\/www.achimbrueckner.de\/dxradio\/php\/wordpress\/?cat=1"},"img":{"alt_text":"","src":"","width":0,"height":0},"classes":[]},{"id":15638,"url":"https:\/\/www.achimbrueckner.de\/dxradio\/php\/wordpress\/?p=15638","url_meta":{"origin":38903,"position":4},"title":"\u00d6ffentlich-rechtlicher Rundfunk : Lasst euch pr\u00fcfen!","author":"Administrator","date":"November 25, 2017","format":false,"excerpt":"http:\/\/www.zeit.de\/kultur\/film\/2017-11\/oeffentlich-rechtlicher-rundfunk-debatte-qualitaetskontrolle-journalismus","rel":"","context":"In &quot;Deutsch&quot;","block_context":{"text":"Deutsch","link":"https:\/\/www.achimbrueckner.de\/dxradio\/php\/wordpress\/?cat=1"},"img":{"alt_text":"","src":"","width":0,"height":0},"classes":[]},{"id":24969,"url":"https:\/\/www.achimbrueckner.de\/dxradio\/php\/wordpress\/?p=24969","url_meta":{"origin":38903,"position":5},"title":"\u00d6ffentlich-rechtlicher Rundfunk : Wer vertraut ARD und ZDF?","author":"Administrator","date":"September 26, 2019","format":false,"excerpt":"https:\/\/www.zeit.de\/2019\/40\/oeffentlich-rechtlicher-rundfunk-ard-zdf-linkes-publikum","rel":"","context":"In &quot;Deutsch&quot;","block_context":{"text":"Deutsch","link":"https:\/\/www.achimbrueckner.de\/dxradio\/php\/wordpress\/?cat=1"},"img":{"alt_text":"","src":"","width":0,"height":0},"classes":[]}],"_links":{"self":[{"href":"https:\/\/www.achimbrueckner.de\/dxradio\/php\/wordpress\/index.php?rest_route=\/wp\/v2\/posts\/38903","targetHints":{"allow":["GET"]}}],"collection":[{"href":"https:\/\/www.achimbrueckner.de\/dxradio\/php\/wordpress\/index.php?rest_route=\/wp\/v2\/posts"}],"about":[{"href":"https:\/\/www.achimbrueckner.de\/dxradio\/php\/wordpress\/index.php?rest_route=\/wp\/v2\/types\/post"}],"author":[{"embeddable":true,"href":"https:\/\/www.achimbrueckner.de\/dxradio\/php\/wordpress\/index.php?rest_route=\/wp\/v2\/users\/1"}],"replies":[{"embeddable":true,"href":"https:\/\/www.achimbrueckner.de\/dxradio\/php\/wordpress\/index.php?rest_route=%2Fwp%2Fv2%2Fcomments&post=38903"}],"version-history":[{"count":0,"href":"https:\/\/www.achimbrueckner.de\/dxradio\/php\/wordpress\/index.php?rest_route=\/wp\/v2\/posts\/38903\/revisions"}],"wp:attachment":[{"href":"https:\/\/www.achimbrueckner.de\/dxradio\/php\/wordpress\/index.php?rest_route=%2Fwp%2Fv2%2Fmedia&parent=38903"}],"wp:term":[{"taxonomy":"category","embeddable":true,"href":"https:\/\/www.achimbrueckner.de\/dxradio\/php\/wordpress\/index.php?rest_route=%2Fwp%2Fv2%2Fcategories&post=38903"},{"taxonomy":"post_tag","embeddable":true,"href":"https:\/\/www.achimbrueckner.de\/dxradio\/php\/wordpress\/index.php?rest_route=%2Fwp%2Fv2%2Ftags&post=38903"}],"curies":[{"name":"wp","href":"https:\/\/api.w.org\/{rel}","templated":true}]}}