{"id":38911,"date":"2023-02-25T16:57:53","date_gmt":"2023-02-25T16:57:53","guid":{"rendered":"https:\/\/www.achimbrueckner.de\/dxradio\/php\/wordpress\/?p=38911"},"modified":"2023-02-25T16:57:53","modified_gmt":"2023-02-25T16:57:53","slug":"bfbs-sendemast-gesprengt-eine-ara-geht-in-herford-zu-ende","status":"publish","type":"post","link":"https:\/\/www.achimbrueckner.de\/dxradio\/php\/wordpress\/?p=38911","title":{"rendered":"BFBS-Sendemast gesprengt: Eine \u00c4ra geht in Herford zu Ende"},"content":{"rendered":"<p><a href=\"https:\/\/www.nw.de\/lokal\/kreis_herford\/herford\/23494422_BFBS-Sendemast-gesprengt-Eine-Aera-geht-in-Herford-zu-Ende.html\" rel=\"noopener\" target=\"_blank\">https:\/\/www.nw.de\/lokal\/kreis_herford\/herford\/23494422_BFBS-Sendemast-gesprengt-Eine-Aera-geht-in-Herford-zu-Ende.html<\/a><\/p>\n","protected":false},"excerpt":{"rendered":"<p>https:\/\/www.nw.de\/lokal\/kreis_herford\/herford\/23494422_BFBS-Sendemast-gesprengt-Eine-Aera-geht-in-Herford-zu-Ende.html<\/p>\n","protected":false},"author":1,"featured_media":0,"comment_status":"closed","ping_status":"open","sticky":false,"template":"","format":"standard","meta":{"_jetpack_memberships_contains_paid_content":false,"footnotes":"","jetpack_publicize_message":"","jetpack_publicize_feature_enabled":true,"jetpack_social_post_already_shared":true,"jetpack_social_options":{"image_generator_settings":{"template":"highway","default_image_id":0,"font":"","enabled":false},"version":2}},"categories":[1],"tags":[],"class_list":["post-38911","post","type-post","status-publish","format-standard","hentry","category-deutsch"],"jetpack_publicize_connections":[],"jetpack_featured_media_url":"","jetpack_sharing_enabled":true,"jetpack_shortlink":"https:\/\/wp.me\/p5CDmr-a7B","jetpack-related-posts":[{"id":8561,"url":"https:\/\/www.achimbrueckner.de\/dxradio\/php\/wordpress\/?p=8561","url_meta":{"origin":38911,"position":0},"title":"13-j\u00e4hriger Justin Bieber z\u00e4hlt zu Deutschlands j\u00fcngsten Amateurfunkern","author":"Administrator","date":"June 21, 2016","format":false,"excerpt":"http:\/\/www.nw.de\/lokal\/kreis_herford\/herford\/herford\/20828942_13-jaehriger-Herforder-zaehlt-zu-Deutschlands-juengsten-Amateurfunkern.html","rel":"","context":"In &quot;Deutsch&quot;","block_context":{"text":"Deutsch","link":"https:\/\/www.achimbrueckner.de\/dxradio\/php\/wordpress\/?cat=1"},"img":{"alt_text":"","src":"","width":0,"height":0},"classes":[]},{"id":5256,"url":"https:\/\/www.achimbrueckner.de\/dxradio\/php\/wordpress\/?p=5256","url_meta":{"origin":38911,"position":1},"title":"Ehemaliger Rias-Sendemast in Britz gesprengt","author":"Administrator","date":"July 18, 2015","format":false,"excerpt":"http:\/\/www.bz-berlin.de\/berlin\/neukoelln\/ehemaliger-rias-sendemast-in-britz-gesprengt","rel":"","context":"In &quot;Deutsch&quot;","block_context":{"text":"Deutsch","link":"https:\/\/www.achimbrueckner.de\/dxradio\/php\/wordpress\/?cat=1"},"img":{"alt_text":"","src":"","width":0,"height":0},"classes":[]},{"id":12628,"url":"https:\/\/www.achimbrueckner.de\/dxradio\/php\/wordpress\/?p=12628","url_meta":{"origin":38911,"position":2},"title":"Der Lange ist weg &#8211; Sendemast gesprengt","author":"Administrator","date":"March 25, 2017","format":false,"excerpt":"http:\/\/www.maz-online.de\/Lokales\/Oberhavel\/Der-Lange-ist-weg-Sendemast-gesprengt","rel":"","context":"In &quot;Deutsch&quot;","block_context":{"text":"Deutsch","link":"https:\/\/www.achimbrueckner.de\/dxradio\/php\/wordpress\/?cat=1"},"img":{"alt_text":"","src":"","width":0,"height":0},"classes":[]},{"id":39984,"url":"https:\/\/www.achimbrueckner.de\/dxradio\/php\/wordpress\/?p=39984","url_meta":{"origin":38911,"position":3},"title":"Sendemast von Atlantic 252 und RT\u00c9 gesprengt","author":"Administrator","date":"August 8, 2023","format":false,"excerpt":"https:\/\/www.radioblog.eu\/2023\/08\/07\/sendemast-von-atlantic-252-und-rte-gesprengt\/","rel":"","context":"In &quot;Deutsch&quot;","block_context":{"text":"Deutsch","link":"https:\/\/www.achimbrueckner.de\/dxradio\/php\/wordpress\/?cat=1"},"img":{"alt_text":"","src":"","width":0,"height":0},"classes":[]},{"id":17062,"url":"https:\/\/www.achimbrueckner.de\/dxradio\/php\/wordpress\/?p=17062","url_meta":{"origin":38911,"position":4},"title":"Der Lange ist weg &#8211; Sendemast gesprengt","author":"Administrator","date":"March 25, 2018","format":false,"excerpt":"http:\/\/www.maz-online.de\/Lokales\/Oberhavel\/Der-Lange-ist-weg-Sendemast-gesprengt http:\/\/www.wwwagner.tv\/?p=26304","rel":"","context":"In &quot;Deutsch&quot;","block_context":{"text":"Deutsch","link":"https:\/\/www.achimbrueckner.de\/dxradio\/php\/wordpress\/?cat=1"},"img":{"alt_text":"","src":"","width":0,"height":0},"classes":[]},{"id":19606,"url":"https:\/\/www.achimbrueckner.de\/dxradio\/php\/wordpress\/?p=19606","url_meta":{"origin":38911,"position":5},"title":"Ingenieure \u00fcberpr\u00fcfen Sender in Herford \u2013 Radioempfang kurz gest\u00f6rt \u2013 mit Video Inspektion in 85 Metern H\u00f6he","author":"Administrator","date":"October 17, 2018","format":false,"excerpt":"https:\/\/www.westfalen-blatt.de\/OWL\/Kreis-Herford\/Herford\/3516434-Ingenieure-ueberpruefen-Sender-in-Herford-Radioempfang-kurz-gestoert-mit-Video-Inspektion-in-85-Metern-Hoehe","rel":"","context":"In &quot;Deutsch&quot;","block_context":{"text":"Deutsch","link":"https:\/\/www.achimbrueckner.de\/dxradio\/php\/wordpress\/?cat=1"},"img":{"alt_text":"","src":"","width":0,"height":0},"classes":[]}],"_links":{"self":[{"href":"https:\/\/www.achimbrueckner.de\/dxradio\/php\/wordpress\/index.php?rest_route=\/wp\/v2\/posts\/38911","targetHints":{"allow":["GET"]}}],"collection":[{"href":"https:\/\/www.achimbrueckner.de\/dxradio\/php\/wordpress\/index.php?rest_route=\/wp\/v2\/posts"}],"about":[{"href":"https:\/\/www.achimbrueckner.de\/dxradio\/php\/wordpress\/index.php?rest_route=\/wp\/v2\/types\/post"}],"author":[{"embeddable":true,"href":"https:\/\/www.achimbrueckner.de\/dxradio\/php\/wordpress\/index.php?rest_route=\/wp\/v2\/users\/1"}],"replies":[{"embeddable":true,"href":"https:\/\/www.achimbrueckner.de\/dxradio\/php\/wordpress\/index.php?rest_route=%2Fwp%2Fv2%2Fcomments&post=38911"}],"version-history":[{"count":0,"href":"https:\/\/www.achimbrueckner.de\/dxradio\/php\/wordpress\/index.php?rest_route=\/wp\/v2\/posts\/38911\/revisions"}],"wp:attachment":[{"href":"https:\/\/www.achimbrueckner.de\/dxradio\/php\/wordpress\/index.php?rest_route=%2Fwp%2Fv2%2Fmedia&parent=38911"}],"wp:term":[{"taxonomy":"category","embeddable":true,"href":"https:\/\/www.achimbrueckner.de\/dxradio\/php\/wordpress\/index.php?rest_route=%2Fwp%2Fv2%2Fcategories&post=38911"},{"taxonomy":"post_tag","embeddable":true,"href":"https:\/\/www.achimbrueckner.de\/dxradio\/php\/wordpress\/index.php?rest_route=%2Fwp%2Fv2%2Ftags&post=38911"}],"curies":[{"name":"wp","href":"https:\/\/api.w.org\/{rel}","templated":true}]}}