{"id":38919,"date":"2023-02-28T12:42:16","date_gmt":"2023-02-28T12:42:16","guid":{"rendered":"https:\/\/www.achimbrueckner.de\/dxradio\/php\/wordpress\/?p=38919"},"modified":"2023-02-28T12:43:16","modified_gmt":"2023-02-28T12:43:16","slug":"langbylgjan-a-eidum-syngur-sitt-sidasta-mastrid-fellt-a-midvikudag","status":"publish","type":"post","link":"https:\/\/www.achimbrueckner.de\/dxradio\/php\/wordpress\/?p=38919","title":{"rendered":"Langbylgjan \u00e1 Ei\u00f0um syngur sitt s\u00ed\u00f0asta &#8211; mastri\u00f0 fellt \u00e1 mi\u00f0vikudag"},"content":{"rendered":"<p>I&#8217;m shocked: &#8220;RUV 207 kHz is currently broadcasting a loop about the termination of transmissions on this frequency,&#8221; writes Guido Schotmans in the Benelux DX Club Facebook group. And refers to the following report:<\/p>\n<p><a href=\"https:\/\/www.ruv.is\/frettir\/innlent\/2023-02-27-langbylgjan-a-eidum-syngur-sitt-sidasta-mastrid-fellt-a-midvikudag\" rel=\"noopener\" target=\"_blank\">https:\/\/www.ruv.is\/frettir\/innlent\/2023-02-27-langbylgjan-a-eidum-syngur-sitt-sidasta-mastrid-fellt-a-midvikudag<\/a><\/p>\n<p>It reads that at 3:11 p.m. today, the R\u00daV long-wave transmitter on Eidar ended its mission. Now only the message is sent there that the R\u00daV broadcast on this frequency has been switched off. On Wednesday, the long-wave mast is scheduled to fall on Eidar, the country&#8217;s third-tallest structure, 218 meters high.<br \/>\nFor the time being it will continue to be broadcast on long wave from Gufusk\u00e1lar, but VHF will also completely take over the role of security broadcasting there.<br \/>\nR\u00daV&#8217;s announcement states that the equipment required to maintain existing masts is very expensive and radios that receive LW are rare.<br \/>\nThe change is made in cooperation with the rescue services and civil protection. The development of the VHF transmitter chain at less frequented locations started in 2017 and is progressing well. Transmitters were placed in the highlands, as well as large transmitters in key locations for seafarers. Backup power systems reduce the risk of radio interruptions due to weather and power outages. Over the next two years, the VHF system will be further focused on the longwave transmitter service area in Gufusk\u00e1lar, which is expected to be decommissioned next year.<br \/>\n(posted by Tom Kamp to A-DX list, 27 February 2023)<br \/>\nTom later added: VHF certainly means VHF marine radio here.<br \/>\n(Tony Rogers &#8211; BDXC)<\/p>\n<p>Info via Facebook<\/p>\n","protected":false},"excerpt":{"rendered":"<p>I&#8217;m shocked: &#8220;RUV 207 kHz is currently broadcasting a loop about the termination of transmissions on this frequency,&#8221; writes Guido Schotmans in the Benelux DX Club Facebook group. And refers to the following report: https:\/\/www.ruv.is\/frettir\/innlent\/2023-02-27-langbylgjan-a-eidum-syngur-sitt-sidasta-mastrid-fellt-a-midvikudag It reads that at 3:11 p.m. today, the R\u00daV long-wave transmitter on Eidar ended its mission. Now only the message &hellip; <a href=\"https:\/\/www.achimbrueckner.de\/dxradio\/php\/wordpress\/?p=38919\" class=\"more-link\">Continue reading <span class=\"screen-reader-text\">Langbylgjan \u00e1 Ei\u00f0um syngur sitt s\u00ed\u00f0asta &#8211; mastri\u00f0 fellt \u00e1 mi\u00f0vikudag<\/span><\/a><\/p>\n","protected":false},"author":1,"featured_media":0,"comment_status":"closed","ping_status":"open","sticky":false,"template":"","format":"standard","meta":{"_jetpack_memberships_contains_paid_content":false,"footnotes":"","jetpack_publicize_message":"","jetpack_publicize_feature_enabled":true,"jetpack_social_post_already_shared":true,"jetpack_social_options":{"image_generator_settings":{"template":"highway","default_image_id":0,"font":"","enabled":false},"version":2}},"categories":[2],"tags":[],"class_list":["post-38919","post","type-post","status-publish","format-standard","hentry","category-english"],"jetpack_publicize_connections":[],"jetpack_featured_media_url":"","jetpack_sharing_enabled":true,"jetpack_shortlink":"https:\/\/wp.me\/p5CDmr-a7J","jetpack-related-posts":[{"id":41844,"url":"https:\/\/www.achimbrueckner.de\/dxradio\/php\/wordpress\/?p=41844","url_meta":{"origin":38919,"position":0},"title":"LBC &#038; R\u00daV: Das Sendersterben auf AM geht weiter","author":"Administrator","date":"October 23, 2024","format":false,"excerpt":"https:\/\/www.radioblog.eu\/2024\/10\/23\/lbc-ruv-das-sendersterben-auf-am-geht-weiter\/","rel":"","context":"In &quot;Deutsch&quot;","block_context":{"text":"Deutsch","link":"https:\/\/www.achimbrueckner.de\/dxradio\/php\/wordpress\/?cat=1"},"img":{"alt_text":"","src":"","width":0,"height":0},"classes":[]},{"id":23287,"url":"https:\/\/www.achimbrueckner.de\/dxradio\/php\/wordpress\/?p=23287","url_meta":{"origin":38919,"position":1},"title":"Iceland: e-mail QSL from RUV 207 kHz with many info","author":"Administrator","date":"May 30, 2019","format":false,"excerpt":"https:\/\/playdxblog.blogspot.com\/2019\/05\/iceland-e-mail-qsl-from-ruv-207-khz.html","rel":"","context":"In &quot;dx&quot;","block_context":{"text":"dx","link":"https:\/\/www.achimbrueckner.de\/dxradio\/php\/wordpress\/?cat=14"},"img":{"alt_text":"","src":"","width":0,"height":0},"classes":[]},{"id":38932,"url":"https:\/\/www.achimbrueckner.de\/dxradio\/php\/wordpress\/?p=38932","url_meta":{"origin":38919,"position":2},"title":"Das Aus f\u00fcr R\u00daV LW 207 kHz &#8211; Mittwoch f\u00e4llt der Mast","author":"Administrator","date":"February 28, 2023","format":false,"excerpt":"Den Bericht gibt es auch auf Englisch: https:\/\/www.ruv.is\/english\/2023-02-28-third-largest-structure-in-iceland-is-demolished-wednesday Englischsprachige Podcasts gibt es regelm\u00e4\u00dfig unter https:\/\/www.ruv.is\/utvarp\/spila\/the-ruv-english-podcast\/34448 Info via A-DX","rel":"","context":"In &quot;Deutsch&quot;","block_context":{"text":"Deutsch","link":"https:\/\/www.achimbrueckner.de\/dxradio\/php\/wordpress\/?cat=1"},"img":{"alt_text":"","src":"","width":0,"height":0},"classes":[]},{"id":38931,"url":"https:\/\/www.achimbrueckner.de\/dxradio\/php\/wordpress\/?p=38931","url_meta":{"origin":38919,"position":3},"title":"R\u00daV 207 kHz closedown loop","author":"Administrator","date":"February 28, 2023","format":false,"excerpt":"https:\/\/www.youtube.com\/watch?v=vqDCcJiiTQE","rel":"","context":"In &quot;English&quot;","block_context":{"text":"English","link":"https:\/\/www.achimbrueckner.de\/dxradio\/php\/wordpress\/?cat=2"},"img":{"alt_text":"","src":"","width":0,"height":0},"classes":[]},{"id":38380,"url":"https:\/\/www.achimbrueckner.de\/dxradio\/php\/wordpress\/?p=38380","url_meta":{"origin":38919,"position":4},"title":"Slovakia ends mediumwave transmitters 31 December 2022","author":"Administrator","date":"December 28, 2022","format":false,"excerpt":"On 31 December 2022, Radio and Television of Slovakia will end the operation of medium-wave radio transmitters: \u2013 NE Ko\u0161ice in the \u010ci\u017eatice location on a frequency of 702 kHz \u2013 NE Nitra in the Jarok location on the frequency 1098 kHz Both transmitters were used to broadcast the national\u2026","rel":"","context":"In &quot;English&quot;","block_context":{"text":"English","link":"https:\/\/www.achimbrueckner.de\/dxradio\/php\/wordpress\/?cat=2"},"img":{"alt_text":"","src":"","width":0,"height":0},"classes":[]},{"id":20587,"url":"https:\/\/www.achimbrueckner.de\/dxradio\/php\/wordpress\/?p=20587","url_meta":{"origin":38919,"position":5},"title":"World Music Radio added 15805 Khz","author":"Administrator","date":"December 28, 2018","format":false,"excerpt":"World Music Radio from Denmark has now added another short wave frequency. Besides 5840 kHz WMR is now broadcasting on 15805 kHz. Power is 200 W, the aerial is a very simple dipole and propagation on this frequency is somewhat irregular. Info via Twitter","rel":"","context":"In &quot;English&quot;","block_context":{"text":"English","link":"https:\/\/www.achimbrueckner.de\/dxradio\/php\/wordpress\/?cat=2"},"img":{"alt_text":"","src":"","width":0,"height":0},"classes":[]}],"_links":{"self":[{"href":"https:\/\/www.achimbrueckner.de\/dxradio\/php\/wordpress\/index.php?rest_route=\/wp\/v2\/posts\/38919","targetHints":{"allow":["GET"]}}],"collection":[{"href":"https:\/\/www.achimbrueckner.de\/dxradio\/php\/wordpress\/index.php?rest_route=\/wp\/v2\/posts"}],"about":[{"href":"https:\/\/www.achimbrueckner.de\/dxradio\/php\/wordpress\/index.php?rest_route=\/wp\/v2\/types\/post"}],"author":[{"embeddable":true,"href":"https:\/\/www.achimbrueckner.de\/dxradio\/php\/wordpress\/index.php?rest_route=\/wp\/v2\/users\/1"}],"replies":[{"embeddable":true,"href":"https:\/\/www.achimbrueckner.de\/dxradio\/php\/wordpress\/index.php?rest_route=%2Fwp%2Fv2%2Fcomments&post=38919"}],"version-history":[{"count":0,"href":"https:\/\/www.achimbrueckner.de\/dxradio\/php\/wordpress\/index.php?rest_route=\/wp\/v2\/posts\/38919\/revisions"}],"wp:attachment":[{"href":"https:\/\/www.achimbrueckner.de\/dxradio\/php\/wordpress\/index.php?rest_route=%2Fwp%2Fv2%2Fmedia&parent=38919"}],"wp:term":[{"taxonomy":"category","embeddable":true,"href":"https:\/\/www.achimbrueckner.de\/dxradio\/php\/wordpress\/index.php?rest_route=%2Fwp%2Fv2%2Fcategories&post=38919"},{"taxonomy":"post_tag","embeddable":true,"href":"https:\/\/www.achimbrueckner.de\/dxradio\/php\/wordpress\/index.php?rest_route=%2Fwp%2Fv2%2Ftags&post=38919"}],"curies":[{"name":"wp","href":"https:\/\/api.w.org\/{rel}","templated":true}]}}