{"id":38938,"date":"2023-02-28T17:35:11","date_gmt":"2023-02-28T17:35:11","guid":{"rendered":"https:\/\/www.achimbrueckner.de\/dxradio\/php\/wordpress\/?p=38938"},"modified":"2023-02-28T17:35:11","modified_gmt":"2023-02-28T17:35:11","slug":"rbb-wenn-das-sparen-zum-programm-wird-wird-das-programm-sparlich","status":"publish","type":"post","link":"https:\/\/www.achimbrueckner.de\/dxradio\/php\/wordpress\/?p=38938","title":{"rendered":"RBB: Wenn das Sparen zum Programm wird, wird das Programm sp\u00e4rlich"},"content":{"rendered":"<p><a href=\"https:\/\/www.berliner-zeitung.de\/mensch-metropole\/rbb-wenn-das-sparen-zum-programm-wird-wird-das-programm-spaerlich-nach-schlesinger-in-berlin-und-brandenburg-li.322223\" rel=\"noopener\" target=\"_blank\">https:\/\/www.berliner-zeitung.de\/mensch-metropole\/rbb-wenn-das-sparen-zum-programm-wird-wird-das-programm-spaerlich-nach-schlesinger-in-berlin-und-brandenburg-li.322223<\/a><\/p>\n","protected":false},"excerpt":{"rendered":"<p>https:\/\/www.berliner-zeitung.de\/mensch-metropole\/rbb-wenn-das-sparen-zum-programm-wird-wird-das-programm-spaerlich-nach-schlesinger-in-berlin-und-brandenburg-li.322223<\/p>\n","protected":false},"author":1,"featured_media":0,"comment_status":"closed","ping_status":"open","sticky":false,"template":"","format":"standard","meta":{"_jetpack_memberships_contains_paid_content":false,"footnotes":"","jetpack_publicize_message":"","jetpack_publicize_feature_enabled":true,"jetpack_social_post_already_shared":true,"jetpack_social_options":{"image_generator_settings":{"template":"highway","default_image_id":0,"font":"","enabled":false},"version":2}},"categories":[1],"tags":[],"class_list":["post-38938","post","type-post","status-publish","format-standard","hentry","category-deutsch"],"jetpack_publicize_connections":[],"jetpack_featured_media_url":"","jetpack_sharing_enabled":true,"jetpack_shortlink":"https:\/\/wp.me\/p5CDmr-a82","jetpack-related-posts":[{"id":999,"url":"https:\/\/www.achimbrueckner.de\/dxradio\/php\/wordpress\/?p=999","url_meta":{"origin":38938,"position":0},"title":"20 Jahre Antenne Brandenburg","author":"Administrator","date":"April 23, 2010","format":false,"excerpt":"01. Mai 2010 RBB Fernsehen \/ 18.32 Uhr 20 Jahre Antenne Brandenburg Das Geheimnis eines gro\u00dfen Erfolges Antenne Brandenburg wird 20! Das allein w\u00e4re ein guter Grund, auch mit der Fernsehkamera mal ein Blick hinter die Kulissen und in die Archive zu werfen. Noch spannender allerdings ist die Frage, wie\u2026","rel":"","context":"In &quot;Deutsch&quot;","block_context":{"text":"Deutsch","link":"https:\/\/www.achimbrueckner.de\/dxradio\/php\/wordpress\/?cat=1"},"img":{"alt_text":"","src":"","width":0,"height":0},"classes":[]},{"id":2298,"url":"https:\/\/www.achimbrueckner.de\/dxradio\/php\/wordpress\/?p=2298","url_meta":{"origin":38938,"position":1},"title":"50. RMRC DX-Camp Langenselbold","author":"Administrator","date":"September 15, 2012","format":false,"excerpt":"Unser 50. DX-Camp wird gro\u00df gefeiert. Es findet vom 01. bis 07. Oktober 2012 in Langenselbold statt. Vor dem DX-Camp werden wir eine KW-Sendung \u00fcber Sitkunai ausstrahlen: 1. voraussichtlich So. 23.9.2012 14.00-15.00 UTC auf 6180 kHz 2. voraussichtlich So. 21.10.2012 14.00-15.00 UTC auf 6180 kHz Das Programm steht noch nicht\u2026","rel":"","context":"In &quot;camps&quot;","block_context":{"text":"camps","link":"https:\/\/www.achimbrueckner.de\/dxradio\/php\/wordpress\/?cat=5"},"img":{"alt_text":"","src":"","width":0,"height":0},"classes":[]},{"id":487,"url":"https:\/\/www.achimbrueckner.de\/dxradio\/php\/wordpress\/?p=487","url_meta":{"origin":38938,"position":2},"title":"KBS H\u00f6rertreffen IFA Berlin","author":"Administrator","date":"August 8, 2009","format":false,"excerpt":"KBS-H\u00f6rertreffen \"Liebe H\u00f6rerfreundin, Lieber H\u00f6rerfreund, Am 28.August 2009 ist es wieder soweit, die Internationale Funkausstellung \u00f6ffnet in Berlin ihre Pforten und aus diesem Anlass findet zum 5.Mal das KBS-H\u00f6rertreffen statt. Sehr gerne lade ich Euch zu diesem Treffen ein. Wie auch in den vergangenen Jahren stellt uns die Kulturabteilung der\u2026","rel":"","context":"In &quot;camps&quot;","block_context":{"text":"camps","link":"https:\/\/www.achimbrueckner.de\/dxradio\/php\/wordpress\/?cat=5"},"img":{"alt_text":"","src":"","width":0,"height":0},"classes":[]},{"id":42720,"url":"https:\/\/www.achimbrueckner.de\/dxradio\/php\/wordpress\/?p=42720","url_meta":{"origin":38938,"position":3},"title":"Australien: Nova Fresh Country wird vom Webradio zum DAB+ Programm","author":"Administrator","date":"May 2, 2025","format":false,"excerpt":"https:\/\/www.radioblog.eu\/2025\/05\/02\/australien-nova-fresh-country-wird-vom-webradio-zum-dab-programm\/","rel":"","context":"In &quot;Deutsch&quot;","block_context":{"text":"Deutsch","link":"https:\/\/www.achimbrueckner.de\/dxradio\/php\/wordpress\/?cat=1"},"img":{"alt_text":"","src":"","width":0,"height":0},"classes":[]},{"id":778,"url":"https:\/\/www.achimbrueckner.de\/dxradio\/php\/wordpress\/?p=778","url_meta":{"origin":38938,"position":4},"title":"RTBFi verl\u00e4sst Kurzwelle","author":"Administrator","date":"December 19, 2009","format":false,"excerpt":"Zum Jahresende verabschiedet sich Belgien komplett von der Kurzwelle, das franz\u00f6sischsprachige Programm RTBFi wird dann nicht mehr \u00fcber die Sendestation Wavre ausgestrahlt. Bis zu diesem Datum werden auf KW die Frequenzen 9970 kHz und 9925 kHz (DRM) eingesetzt. Auch 2010 kann man das Programm aber im Internet, in Kinshasa auf\u2026","rel":"","context":"In &quot;Deutsch&quot;","block_context":{"text":"Deutsch","link":"https:\/\/www.achimbrueckner.de\/dxradio\/php\/wordpress\/?cat=1"},"img":{"alt_text":"","src":"","width":0,"height":0},"classes":[]},{"id":827,"url":"https:\/\/www.achimbrueckner.de\/dxradio\/php\/wordpress\/?p=827","url_meta":{"origin":38938,"position":5},"title":"Quiz 50 Jahre Deutsches Programm von Radio China International","author":"Administrator","date":"January 6, 2010","format":false,"excerpt":"Quiz 50 Jahre Deutsches Programm von Radio China International Liebe Freunde, am 15. April 1960 ging das deutschsprachige Programm von Radio China International erstmals auf Sendung. Zur Feier unseres 50. Jubil\u00e4ums am 15. April 2010 m\u00f6chten wir Sie, liebe Freunde, zu einem Quizeinladen, das wir anl\u00e4sslich des 50-j\u00e4hrigen Bestehens des\u2026","rel":"","context":"In &quot;Deutsch&quot;","block_context":{"text":"Deutsch","link":"https:\/\/www.achimbrueckner.de\/dxradio\/php\/wordpress\/?cat=1"},"img":{"alt_text":"","src":"","width":0,"height":0},"classes":[]}],"_links":{"self":[{"href":"https:\/\/www.achimbrueckner.de\/dxradio\/php\/wordpress\/index.php?rest_route=\/wp\/v2\/posts\/38938","targetHints":{"allow":["GET"]}}],"collection":[{"href":"https:\/\/www.achimbrueckner.de\/dxradio\/php\/wordpress\/index.php?rest_route=\/wp\/v2\/posts"}],"about":[{"href":"https:\/\/www.achimbrueckner.de\/dxradio\/php\/wordpress\/index.php?rest_route=\/wp\/v2\/types\/post"}],"author":[{"embeddable":true,"href":"https:\/\/www.achimbrueckner.de\/dxradio\/php\/wordpress\/index.php?rest_route=\/wp\/v2\/users\/1"}],"replies":[{"embeddable":true,"href":"https:\/\/www.achimbrueckner.de\/dxradio\/php\/wordpress\/index.php?rest_route=%2Fwp%2Fv2%2Fcomments&post=38938"}],"version-history":[{"count":0,"href":"https:\/\/www.achimbrueckner.de\/dxradio\/php\/wordpress\/index.php?rest_route=\/wp\/v2\/posts\/38938\/revisions"}],"wp:attachment":[{"href":"https:\/\/www.achimbrueckner.de\/dxradio\/php\/wordpress\/index.php?rest_route=%2Fwp%2Fv2%2Fmedia&parent=38938"}],"wp:term":[{"taxonomy":"category","embeddable":true,"href":"https:\/\/www.achimbrueckner.de\/dxradio\/php\/wordpress\/index.php?rest_route=%2Fwp%2Fv2%2Fcategories&post=38938"},{"taxonomy":"post_tag","embeddable":true,"href":"https:\/\/www.achimbrueckner.de\/dxradio\/php\/wordpress\/index.php?rest_route=%2Fwp%2Fv2%2Ftags&post=38938"}],"curies":[{"name":"wp","href":"https:\/\/api.w.org\/{rel}","templated":true}]}}