{"id":3899,"date":"2014-12-26T14:51:01","date_gmt":"2014-12-26T14:51:01","guid":{"rendered":"https:\/\/www.achimbrueckner.de\/dxradio\/php\/wordpress\/?p=3899"},"modified":"2014-12-26T14:51:01","modified_gmt":"2014-12-26T14:51:01","slug":"oldies-but-goldies-manfred-sexauer","status":"publish","type":"post","link":"https:\/\/www.achimbrueckner.de\/dxradio\/php\/wordpress\/?p=3899","title":{"rendered":"Oldies but Goldies &#8211; Manfred Sexauer"},"content":{"rendered":"<p>Samstag 27.12.<br \/>\n19.15 Uhr | SR Fernsehen<br \/>\nOldies but Goldies &#8211; Manfred Sexauer<\/p>\n<p><a href=\"http:\/\/www.sr-online.de\/sronline\/sr_fernsehen\/uebersicht\/index.html\" target=\"_blank\">http:\/\/www.sr-online.de\/sronline\/sr_fernsehen\/uebersicht\/index.html<\/a><\/p>\n<p>Info via <a href=\"http:\/\/www.ratzer.at\" target=\"_blank\">A-DX<\/a><\/p>\n","protected":false},"excerpt":{"rendered":"<p>Samstag 27.12. 19.15 Uhr | SR Fernsehen Oldies but Goldies &#8211; Manfred Sexauer http:\/\/www.sr-online.de\/sronline\/sr_fernsehen\/uebersicht\/index.html Info via A-DX<\/p>\n","protected":false},"author":1,"featured_media":0,"comment_status":"open","ping_status":"open","sticky":false,"template":"","format":"standard","meta":{"_jetpack_memberships_contains_paid_content":false,"footnotes":"","jetpack_publicize_message":"","jetpack_publicize_feature_enabled":true,"jetpack_social_post_already_shared":false,"jetpack_social_options":{"image_generator_settings":{"template":"highway","default_image_id":0,"font":"","enabled":false},"version":2}},"categories":[1,14],"tags":[24,40],"class_list":["post-3899","post","type-post","status-publish","format-standard","hentry","category-deutsch","category-dx","tag-am","tag-dx"],"jetpack_publicize_connections":[],"jetpack_featured_media_url":"","jetpack_sharing_enabled":true,"jetpack_shortlink":"https:\/\/wp.me\/p5CDmr-10T","jetpack-related-posts":[{"id":14667,"url":"https:\/\/www.achimbrueckner.de\/dxradio\/php\/wordpress\/?p=14667","url_meta":{"origin":3899,"position":0},"title":"Oldies but Goldies: Radio von und f\u00fcr Senioren","author":"Administrator","date":"September 19, 2017","format":false,"excerpt":"https:\/\/www.dewezet.de\/region\/hameln_artikel,-oldies-but-goldies-radio-von-und-fuer-senioren-_arid,2402572.html","rel":"","context":"In &quot;Deutsch&quot;","block_context":{"text":"Deutsch","link":"https:\/\/www.achimbrueckner.de\/dxradio\/php\/wordpress\/?cat=1"},"img":{"alt_text":"","src":"","width":0,"height":0},"classes":[]},{"id":38532,"url":"https:\/\/www.achimbrueckner.de\/dxradio\/php\/wordpress\/?p=38532","url_meta":{"origin":3899,"position":1},"title":"Radio 32 Goldies r\u00e4umt DAB+-Platz f\u00fcr sunshine live","author":"Administrator","date":"January 9, 2023","format":false,"excerpt":"https:\/\/www.radioblog.eu\/2023\/01\/08\/radio-32-goldies-raeumt-dab-platz-fuer-sunshine-live\/","rel":"","context":"In &quot;Deutsch&quot;","block_context":{"text":"Deutsch","link":"https:\/\/www.achimbrueckner.de\/dxradio\/php\/wordpress\/?cat=1"},"img":{"alt_text":"","src":"","width":0,"height":0},"classes":[]},{"id":38817,"url":"https:\/\/www.achimbrueckner.de\/dxradio\/php\/wordpress\/?p=38817","url_meta":{"origin":3899,"position":2},"title":"CH Media hebt Geoblocking bei Radio 32 Goldies auf","author":"Administrator","date":"February 12, 2023","format":false,"excerpt":"https:\/\/www.radioblog.eu\/2023\/02\/11\/ch-media-hebt-geoblocking-bei-radio-32-goldies-auf\/","rel":"","context":"In &quot;Deutsch&quot;","block_context":{"text":"Deutsch","link":"https:\/\/www.achimbrueckner.de\/dxradio\/php\/wordpress\/?cat=1"},"img":{"alt_text":"","src":"","width":0,"height":0},"classes":[]},{"id":1402,"url":"https:\/\/www.achimbrueckner.de\/dxradio\/php\/wordpress\/?p=1402","url_meta":{"origin":3899,"position":3},"title":"Programmtipp &#8211; Erinnerungen an Radio Ropa Info","author":"Administrator","date":"March 12, 2011","format":false,"excerpt":"Sonntag, 13.03.11, 19:00- ca. 20:15h: Radio Ropa Info mit Manfred B\u00f6hm und seinen DX-Sendungen geh\u00f6rte zum absoluten Ohrenschmaus f\u00fcr uns Radiofreaks und DXer. FM Kompakt erinnert an den DX Report, an den ersten Beitrag von Markus Weidner im Studio bei Manfred (am 01.11.92), Manfred B\u00f6hm zur Einstellung des DX Reports\u2026","rel":"","context":"In &quot;Deutsch&quot;","block_context":{"text":"Deutsch","link":"https:\/\/www.achimbrueckner.de\/dxradio\/php\/wordpress\/?cat=1"},"img":{"alt_text":"","src":"","width":0,"height":0},"classes":[]},{"id":1760,"url":"https:\/\/www.achimbrueckner.de\/dxradio\/php\/wordpress\/?p=1760","url_meta":{"origin":3899,"position":4},"title":"Manfred von Ardenne: Erfinder des modernen Fernsehens","author":"Administrator","date":"August 27, 2011","format":false,"excerpt":"Manfred von Ardenne: Erfinder des modernen Fernsehens http:\/\/www.ndr.de\/land_leute\/norddeutsche_gesichter\/manfredvonardenne101.html Info via A-DX","rel":"","context":"In &quot;Deutsch&quot;","block_context":{"text":"Deutsch","link":"https:\/\/www.achimbrueckner.de\/dxradio\/php\/wordpress\/?cat=1"},"img":{"alt_text":"","src":"","width":0,"height":0},"classes":[]},{"id":872,"url":"https:\/\/www.achimbrueckner.de\/dxradio\/php\/wordpress\/?p=872","url_meta":{"origin":3899,"position":5},"title":"SWLCS-Spezial 24. Januar 2010","author":"Administrator","date":"January 24, 2010","format":false,"excerpt":"24. Januar 2010 1900 bis 2000 MEZ: http:\/\/stream.laut.fm\/kompakt.m3u Auf vielfachen Wunsch wird das SWLCS-Spezial wiederholt, mit folgendem Inhalt : Besuch im Studio von Radio F\u00f6rderband Mitte der 80iger, 2. Geburtstag von Radio Ropa Info mit dem DX-Programm von Manfred B\u00f6hm, Vorstellung des Radio S\u00fcdafrika RSA DX-Programms in deutscher Sprache, Peter\u2026","rel":"","context":"In &quot;Deutsch&quot;","block_context":{"text":"Deutsch","link":"https:\/\/www.achimbrueckner.de\/dxradio\/php\/wordpress\/?cat=1"},"img":{"alt_text":"","src":"","width":0,"height":0},"classes":[]}],"_links":{"self":[{"href":"https:\/\/www.achimbrueckner.de\/dxradio\/php\/wordpress\/index.php?rest_route=\/wp\/v2\/posts\/3899","targetHints":{"allow":["GET"]}}],"collection":[{"href":"https:\/\/www.achimbrueckner.de\/dxradio\/php\/wordpress\/index.php?rest_route=\/wp\/v2\/posts"}],"about":[{"href":"https:\/\/www.achimbrueckner.de\/dxradio\/php\/wordpress\/index.php?rest_route=\/wp\/v2\/types\/post"}],"author":[{"embeddable":true,"href":"https:\/\/www.achimbrueckner.de\/dxradio\/php\/wordpress\/index.php?rest_route=\/wp\/v2\/users\/1"}],"replies":[{"embeddable":true,"href":"https:\/\/www.achimbrueckner.de\/dxradio\/php\/wordpress\/index.php?rest_route=%2Fwp%2Fv2%2Fcomments&post=3899"}],"version-history":[{"count":0,"href":"https:\/\/www.achimbrueckner.de\/dxradio\/php\/wordpress\/index.php?rest_route=\/wp\/v2\/posts\/3899\/revisions"}],"wp:attachment":[{"href":"https:\/\/www.achimbrueckner.de\/dxradio\/php\/wordpress\/index.php?rest_route=%2Fwp%2Fv2%2Fmedia&parent=3899"}],"wp:term":[{"taxonomy":"category","embeddable":true,"href":"https:\/\/www.achimbrueckner.de\/dxradio\/php\/wordpress\/index.php?rest_route=%2Fwp%2Fv2%2Fcategories&post=3899"},{"taxonomy":"post_tag","embeddable":true,"href":"https:\/\/www.achimbrueckner.de\/dxradio\/php\/wordpress\/index.php?rest_route=%2Fwp%2Fv2%2Ftags&post=3899"}],"curies":[{"name":"wp","href":"https:\/\/api.w.org\/{rel}","templated":true}]}}