{"id":39083,"date":"2023-03-21T15:26:45","date_gmt":"2023-03-21T15:26:45","guid":{"rendered":"https:\/\/www.achimbrueckner.de\/dxradio\/php\/wordpress\/?p=39083"},"modified":"2023-03-21T15:26:45","modified_gmt":"2023-03-21T15:26:45","slug":"deutsche-welle-stellt-seinen-deutschen-tv-sender-ein","status":"publish","type":"post","link":"https:\/\/www.achimbrueckner.de\/dxradio\/php\/wordpress\/?p=39083","title":{"rendered":"Deutsche Welle stellt seinen deutschen TV-Sender ein"},"content":{"rendered":"<p><a href=\"https:\/\/www.digitalfernsehen.de\/news\/medien-news\/maerkte\/deutsche-welle-stellt-tv-sender-ein-1095604\/\" rel=\"noopener\" target=\"_blank\">https:\/\/www.digitalfernsehen.de\/news\/medien-news\/maerkte\/deutsche-welle-stellt-tv-sender-ein-1095604\/<\/a><\/p>\n","protected":false},"excerpt":{"rendered":"<p>https:\/\/www.digitalfernsehen.de\/news\/medien-news\/maerkte\/deutsche-welle-stellt-tv-sender-ein-1095604\/<\/p>\n","protected":false},"author":1,"featured_media":0,"comment_status":"closed","ping_status":"open","sticky":false,"template":"","format":"standard","meta":{"_jetpack_memberships_contains_paid_content":false,"footnotes":"","jetpack_publicize_message":"","jetpack_publicize_feature_enabled":true,"jetpack_social_post_already_shared":true,"jetpack_social_options":{"image_generator_settings":{"template":"highway","default_image_id":0,"font":"","enabled":false},"version":2}},"categories":[1],"tags":[],"class_list":["post-39083","post","type-post","status-publish","format-standard","hentry","category-deutsch"],"jetpack_publicize_connections":[],"jetpack_featured_media_url":"","jetpack_sharing_enabled":true,"jetpack_shortlink":"https:\/\/wp.me\/p5CDmr-aan","jetpack-related-posts":[{"id":30938,"url":"https:\/\/www.achimbrueckner.de\/dxradio\/php\/wordpress\/?p=30938","url_meta":{"origin":39083,"position":0},"title":"Deutsche Welle stellt Satellitenausstrahlungen wegen 5G-St\u00f6rungen um","author":"Administrator","date":"December 3, 2020","format":false,"excerpt":"https:\/\/www.infosat.de\/digital-tv\/deutsche-welle-stellt-satellitenausstrahlungen-wegen-5g-st-rungen-um","rel":"","context":"In &quot;Deutsch&quot;","block_context":{"text":"Deutsch","link":"https:\/\/www.achimbrueckner.de\/dxradio\/php\/wordpress\/?cat=1"},"img":{"alt_text":"","src":"","width":0,"height":0},"classes":[]},{"id":1809,"url":"https:\/\/www.achimbrueckner.de\/dxradio\/php\/wordpress\/?p=1809","url_meta":{"origin":39083,"position":1},"title":"Deutsche Welle Einstellung","author":"Administrator","date":"September 27, 2011","format":false,"excerpt":"Die Deutsche Welle stellt Ende Oktober 2011 das deutsche Radioprogramm auf allen Verbreitungswegen ein: http:\/\/www.wellenforum.de\/topic.php?id=18621&&page=2","rel":"","context":"In &quot;Deutsch&quot;","block_context":{"text":"Deutsch","link":"https:\/\/www.achimbrueckner.de\/dxradio\/php\/wordpress\/?cat=1"},"img":{"alt_text":"","src":"","width":0,"height":0},"classes":[]},{"id":6615,"url":"https:\/\/www.achimbrueckner.de\/dxradio\/php\/wordpress\/?p=6615","url_meta":{"origin":39083,"position":2},"title":"Deutsche Welle will sich zum Kultur-Sender mausern.","author":"Administrator","date":"November 23, 2015","format":false,"excerpt":"http:\/\/www.turi2.de\/aktuell\/deutsche-welle-will-sich-zum-kultur-sender-mausern\/","rel":"","context":"In &quot;Deutsch&quot;","block_context":{"text":"Deutsch","link":"https:\/\/www.achimbrueckner.de\/dxradio\/php\/wordpress\/?cat=1"},"img":{"alt_text":"","src":"","width":0,"height":0},"classes":[]},{"id":11023,"url":"https:\/\/www.achimbrueckner.de\/dxradio\/php\/wordpress\/?p=11023","url_meta":{"origin":39083,"position":3},"title":"Kongo verbietet ausl\u00e4ndische Sender wie BBC und Deutsche Welle","author":"Administrator","date":"November 15, 2016","format":false,"excerpt":"http:\/\/derstandard.at\/2000047548545\/Kongo-verbietet-auslaendische-Sender-wie-BBC-und-Deutsche-Welle?ref=article","rel":"","context":"In &quot;Deutsch&quot;","block_context":{"text":"Deutsch","link":"https:\/\/www.achimbrueckner.de\/dxradio\/php\/wordpress\/?cat=1"},"img":{"alt_text":"","src":"","width":0,"height":0},"classes":[]},{"id":11908,"url":"https:\/\/www.achimbrueckner.de\/dxradio\/php\/wordpress\/?p=11908","url_meta":{"origin":39083,"position":4},"title":"Publikation der DGPT zum Thema &#8220;Sender und Antennen&#8221;","author":"Administrator","date":"January 29, 2017","format":false,"excerpt":"Hallo zusammen, das aktuelle Heft der \"Deutschen Gesellschaft f\u00fcr Post- und Telekommunikationsgeschichte\" hat zum Thema \"Sender und Antennen\". Ein Schwerpunkt sind die Sendeanlagen auf dem Gro\u00dfen Feldberg. Weitere Themen sind - \"die Deutsche Welle\", - der Gro\u00dfsender M\u00fchlacker und die Senderstadt - Senderr\u00f6hren und - der Lorenz-Gro\u00dfsender in der Sammlung\u2026","rel":"","context":"In &quot;Deutsch&quot;","block_context":{"text":"Deutsch","link":"https:\/\/www.achimbrueckner.de\/dxradio\/php\/wordpress\/?cat=1"},"img":{"alt_text":"","src":"","width":0,"height":0},"classes":[]},{"id":8629,"url":"https:\/\/www.achimbrueckner.de\/dxradio\/php\/wordpress\/?p=8629","url_meta":{"origin":39083,"position":5},"title":"Deutsche Welle plant deutschsprachigen TV-Kulturkanal &#8211; Rundfunkrat begr\u00fc\u00dft Konzept","author":"Administrator","date":"June 27, 2016","format":false,"excerpt":"https:\/\/www.infosat.de\/digital-tv\/deutsche-welle-plant-deutschsprachigen-tv-kulturkanal-rundfunkrat-begr-t-konzept","rel":"","context":"In &quot;Deutsch&quot;","block_context":{"text":"Deutsch","link":"https:\/\/www.achimbrueckner.de\/dxradio\/php\/wordpress\/?cat=1"},"img":{"alt_text":"","src":"","width":0,"height":0},"classes":[]}],"_links":{"self":[{"href":"https:\/\/www.achimbrueckner.de\/dxradio\/php\/wordpress\/index.php?rest_route=\/wp\/v2\/posts\/39083","targetHints":{"allow":["GET"]}}],"collection":[{"href":"https:\/\/www.achimbrueckner.de\/dxradio\/php\/wordpress\/index.php?rest_route=\/wp\/v2\/posts"}],"about":[{"href":"https:\/\/www.achimbrueckner.de\/dxradio\/php\/wordpress\/index.php?rest_route=\/wp\/v2\/types\/post"}],"author":[{"embeddable":true,"href":"https:\/\/www.achimbrueckner.de\/dxradio\/php\/wordpress\/index.php?rest_route=\/wp\/v2\/users\/1"}],"replies":[{"embeddable":true,"href":"https:\/\/www.achimbrueckner.de\/dxradio\/php\/wordpress\/index.php?rest_route=%2Fwp%2Fv2%2Fcomments&post=39083"}],"version-history":[{"count":0,"href":"https:\/\/www.achimbrueckner.de\/dxradio\/php\/wordpress\/index.php?rest_route=\/wp\/v2\/posts\/39083\/revisions"}],"wp:attachment":[{"href":"https:\/\/www.achimbrueckner.de\/dxradio\/php\/wordpress\/index.php?rest_route=%2Fwp%2Fv2%2Fmedia&parent=39083"}],"wp:term":[{"taxonomy":"category","embeddable":true,"href":"https:\/\/www.achimbrueckner.de\/dxradio\/php\/wordpress\/index.php?rest_route=%2Fwp%2Fv2%2Fcategories&post=39083"},{"taxonomy":"post_tag","embeddable":true,"href":"https:\/\/www.achimbrueckner.de\/dxradio\/php\/wordpress\/index.php?rest_route=%2Fwp%2Fv2%2Ftags&post=39083"}],"curies":[{"name":"wp","href":"https:\/\/api.w.org\/{rel}","templated":true}]}}