{"id":39104,"date":"2023-03-23T17:00:36","date_gmt":"2023-03-23T17:00:36","guid":{"rendered":"https:\/\/www.achimbrueckner.de\/dxradio\/php\/wordpress\/?p=39104"},"modified":"2023-03-23T17:00:36","modified_gmt":"2023-03-23T17:00:36","slug":"prosiebensat-1-chef-habets-schlagt-gemeinsame-inhalte-plattform-vor","status":"publish","type":"post","link":"https:\/\/www.achimbrueckner.de\/dxradio\/php\/wordpress\/?p=39104","title":{"rendered":"ProSiebenSat.1-Chef Habets schl\u00e4gt gemeinsame Inhalte-Plattform vor"},"content":{"rendered":"<p><a href=\"https:\/\/www.infosat.de\/digital-tv\/prosiebensat1-chef-habets-schl-gt-gemeinsame-inhalte-plattform-vor\" rel=\"noopener\" target=\"_blank\">https:\/\/www.infosat.de\/digital-tv\/prosiebensat1-chef-habets-schl-gt-gemeinsame-inhalte-plattform-vor<\/a><\/p>\n","protected":false},"excerpt":{"rendered":"<p>https:\/\/www.infosat.de\/digital-tv\/prosiebensat1-chef-habets-schl-gt-gemeinsame-inhalte-plattform-vor<\/p>\n","protected":false},"author":1,"featured_media":0,"comment_status":"closed","ping_status":"open","sticky":false,"template":"","format":"standard","meta":{"_jetpack_memberships_contains_paid_content":false,"footnotes":"","jetpack_publicize_message":"","jetpack_publicize_feature_enabled":true,"jetpack_social_post_already_shared":true,"jetpack_social_options":{"image_generator_settings":{"template":"highway","default_image_id":0,"font":"","enabled":false},"version":2}},"categories":[1],"tags":[],"class_list":["post-39104","post","type-post","status-publish","format-standard","hentry","category-deutsch"],"jetpack_publicize_connections":[],"jetpack_featured_media_url":"","jetpack_sharing_enabled":true,"jetpack_shortlink":"https:\/\/wp.me\/p5CDmr-aaI","jetpack-related-posts":[{"id":1408,"url":"https:\/\/www.achimbrueckner.de\/dxradio\/php\/wordpress\/?p=1408","url_meta":{"origin":39104,"position":0},"title":"Kartellamt untersagt gemeinsame Video-Plattform","author":"Administrator","date":"March 18, 2011","format":false,"excerpt":"Kartellamt untersagt gemeinsame Video-Plattform http:\/\/www.dwdl.de\/nachrichten\/30575\/kartellamt_untersagt_gemeinsame_videoplattform\/ Info via Facebook","rel":"","context":"In &quot;Deutsch&quot;","block_context":{"text":"Deutsch","link":"https:\/\/www.achimbrueckner.de\/dxradio\/php\/wordpress\/?cat=1"},"img":{"alt_text":"","src":"","width":0,"height":0},"classes":[]},{"id":37617,"url":"https:\/\/www.achimbrueckner.de\/dxradio\/php\/wordpress\/?p=37617","url_meta":{"origin":39104,"position":1},"title":"P7S1-CEO Beaujean muss gehen, Bert Habets \u00fcbernimmt","author":"Administrator","date":"October 4, 2022","format":false,"excerpt":"https:\/\/meedia.de\/2022\/10\/03\/p7s1-ceo-beaujean-muss-gehen-bert-habets-uebernimmt\/","rel":"","context":"In &quot;Deutsch&quot;","block_context":{"text":"Deutsch","link":"https:\/\/www.achimbrueckner.de\/dxradio\/php\/wordpress\/?cat=1"},"img":{"alt_text":"","src":"","width":0,"height":0},"classes":[]},{"id":18998,"url":"https:\/\/www.achimbrueckner.de\/dxradio\/php\/wordpress\/?p=18998","url_meta":{"origin":39104,"position":2},"title":"SWISS RADIOPLAYER IST LIVE Radio-Verb\u00e4nde starten gemeinsame Plattform mit 130 Programmen","author":"Administrator","date":"September 1, 2018","format":false,"excerpt":"https:\/\/www.horizont.net\/schweiz\/nachrichten\/swiss-radioplayer-ist-live-radio-verbaende-starten-gemeinsame-plattform-mit-130-programmen-169312","rel":"","context":"In &quot;Deutsch&quot;","block_context":{"text":"Deutsch","link":"https:\/\/www.achimbrueckner.de\/dxradio\/php\/wordpress\/?cat=1"},"img":{"alt_text":"","src":"","width":0,"height":0},"classes":[]},{"id":43374,"url":"https:\/\/www.achimbrueckner.de\/dxradio\/php\/wordpress\/?p=43374","url_meta":{"origin":39104,"position":3},"title":"\u201eSicherheitsrelevanter Vorfall\u201c bei Webradio-Plattform laut.fm","author":"Administrator","date":"July 23, 2025","format":false,"excerpt":"https:\/\/www.digitalfernsehen.de\/news\/inhalte\/radio-inhalte\/sicherheitsrelevanter-vorfall-bei-webradio-plattform-laut-fm-1152001\/","rel":"","context":"In &quot;Deutsch&quot;","block_context":{"text":"Deutsch","link":"https:\/\/www.achimbrueckner.de\/dxradio\/php\/wordpress\/?cat=1"},"img":{"alt_text":"","src":"","width":0,"height":0},"classes":[]},{"id":39155,"url":"https:\/\/www.achimbrueckner.de\/dxradio\/php\/wordpress\/?p=39155","url_meta":{"origin":39104,"position":4},"title":"CEO erkl\u00e4rt seine Strategie Bert Habets&#8217; Pl\u00e4ne f\u00fcr P7S1: Neues in Nuancen","author":"Administrator","date":"March 29, 2023","format":false,"excerpt":"https:\/\/www.dwdl.de\/nachrichten\/92329\/bert_habets_plaene_fuer_p7s1_neues_in_nuancen\/","rel":"","context":"In &quot;Deutsch&quot;","block_context":{"text":"Deutsch","link":"https:\/\/www.achimbrueckner.de\/dxradio\/php\/wordpress\/?cat=1"},"img":{"alt_text":"","src":"","width":0,"height":0},"classes":[]},{"id":39863,"url":"https:\/\/www.achimbrueckner.de\/dxradio\/php\/wordpress\/?p=39863","url_meta":{"origin":39104,"position":5},"title":"Debatte ums lineare Fernsehen Habets kontert Iger: Gro\u00dfe Zukunft oder kaputtes Gesch\u00e4ftsmodell?","author":"Administrator","date":"July 17, 2023","format":false,"excerpt":"https:\/\/www.dwdl.de\/magazin\/93888\/habets_kontert_iger_grosse_zukunft_oder_kaputtes_geschaeftsmodell\/","rel":"","context":"In &quot;Deutsch&quot;","block_context":{"text":"Deutsch","link":"https:\/\/www.achimbrueckner.de\/dxradio\/php\/wordpress\/?cat=1"},"img":{"alt_text":"","src":"","width":0,"height":0},"classes":[]}],"_links":{"self":[{"href":"https:\/\/www.achimbrueckner.de\/dxradio\/php\/wordpress\/index.php?rest_route=\/wp\/v2\/posts\/39104","targetHints":{"allow":["GET"]}}],"collection":[{"href":"https:\/\/www.achimbrueckner.de\/dxradio\/php\/wordpress\/index.php?rest_route=\/wp\/v2\/posts"}],"about":[{"href":"https:\/\/www.achimbrueckner.de\/dxradio\/php\/wordpress\/index.php?rest_route=\/wp\/v2\/types\/post"}],"author":[{"embeddable":true,"href":"https:\/\/www.achimbrueckner.de\/dxradio\/php\/wordpress\/index.php?rest_route=\/wp\/v2\/users\/1"}],"replies":[{"embeddable":true,"href":"https:\/\/www.achimbrueckner.de\/dxradio\/php\/wordpress\/index.php?rest_route=%2Fwp%2Fv2%2Fcomments&post=39104"}],"version-history":[{"count":0,"href":"https:\/\/www.achimbrueckner.de\/dxradio\/php\/wordpress\/index.php?rest_route=\/wp\/v2\/posts\/39104\/revisions"}],"wp:attachment":[{"href":"https:\/\/www.achimbrueckner.de\/dxradio\/php\/wordpress\/index.php?rest_route=%2Fwp%2Fv2%2Fmedia&parent=39104"}],"wp:term":[{"taxonomy":"category","embeddable":true,"href":"https:\/\/www.achimbrueckner.de\/dxradio\/php\/wordpress\/index.php?rest_route=%2Fwp%2Fv2%2Fcategories&post=39104"},{"taxonomy":"post_tag","embeddable":true,"href":"https:\/\/www.achimbrueckner.de\/dxradio\/php\/wordpress\/index.php?rest_route=%2Fwp%2Fv2%2Ftags&post=39104"}],"curies":[{"name":"wp","href":"https:\/\/api.w.org\/{rel}","templated":true}]}}