{"id":39199,"date":"2023-04-01T13:16:31","date_gmt":"2023-04-01T13:16:31","guid":{"rendered":"https:\/\/www.achimbrueckner.de\/dxradio\/php\/wordpress\/?p=39199"},"modified":"2023-04-01T13:16:31","modified_gmt":"2023-04-01T13:16:31","slug":"sender-muhlacker-kalender-2023-im-nachdruck-wies-einmal-war-wahrzeichen-sender-muhlacker","status":"publish","type":"post","link":"https:\/\/www.achimbrueckner.de\/dxradio\/php\/wordpress\/?p=39199","title":{"rendered":"Sender M\u00fchlacker Kalender 2023 im Nachdruck &#8220;Wie`s einmal war &#8211; Wahrzeichen Sender M\u00fchlacker&#8221;"},"content":{"rendered":"<p>Sender M\u00fchlacker Kalender 2023 im Nachdruck &#8220;Wie`s einmal war &#8211; Wahrzeichen Sender M\u00fchlacker&#8221;<br \/>\nLiebe Radiofreunde,<br \/>\nvor einer Woche waren wir, von FMK, beim Sender M\u00fchlacker. Der F\u00f6rderverein rund um Hans-Bernd Weiner und J\u00fcrgen Fegert signalisierten uns gegen\u00fcber, dass man den beliebten Sender-Kalender extra f\u00fcr die FMK-Leser nachdrucken l\u00e4sst, sobald gen\u00fcgend Abnehmer vorhanden sind (mindestens 10).<br \/>\nEinige Teilnehmer haben sich bereits vorgemerkt, wer m\u00f6chte noch dieses einmalige Exemplar haben? Preis 15 Euro zzgl. Portokosten.<br \/>\n&#8220;Im Jahr 2023&#8221;, so Weiner, &#8220;liegt der Schwerpunkt auf historischen Aufnahmen. Jedes der zw\u00f6lf Kalenderbl\u00e4tter zeigt eine Aufnahme aus der Sendergeschichte. Darunter befindet sich beispielsweise ein Foto aus dem Jahr 1934, das den Sender vom D\u00fcrrmenzer Kirchplatz aus zeigt oder eine Aufnahme aus dem Archiv des M\u00fchlacker Tagblattes, mit dem beeindruckenden 190 Meter hohen Holzsender.<br \/>\nVorbestellungen bitte an fmkompakt@web.de &#8211; Thomas Kircher<\/p>\n","protected":false},"excerpt":{"rendered":"<p>Sender M\u00fchlacker Kalender 2023 im Nachdruck &#8220;Wie`s einmal war &#8211; Wahrzeichen Sender M\u00fchlacker&#8221; Liebe Radiofreunde, vor einer Woche waren wir, von FMK, beim Sender M\u00fchlacker. Der F\u00f6rderverein rund um Hans-Bernd Weiner und J\u00fcrgen Fegert signalisierten uns gegen\u00fcber, dass man den beliebten Sender-Kalender extra f\u00fcr die FMK-Leser nachdrucken l\u00e4sst, sobald gen\u00fcgend Abnehmer vorhanden sind (mindestens 10). &hellip; <a href=\"https:\/\/www.achimbrueckner.de\/dxradio\/php\/wordpress\/?p=39199\" class=\"more-link\">Continue reading <span class=\"screen-reader-text\">Sender M\u00fchlacker Kalender 2023 im Nachdruck &#8220;Wie`s einmal war &#8211; Wahrzeichen Sender M\u00fchlacker&#8221;<\/span><\/a><\/p>\n","protected":false},"author":1,"featured_media":0,"comment_status":"closed","ping_status":"open","sticky":false,"template":"","format":"standard","meta":{"_jetpack_memberships_contains_paid_content":false,"footnotes":"","jetpack_publicize_message":"","jetpack_publicize_feature_enabled":true,"jetpack_social_post_already_shared":true,"jetpack_social_options":{"image_generator_settings":{"template":"highway","default_image_id":0,"font":"","enabled":false},"version":2}},"categories":[1],"tags":[],"class_list":["post-39199","post","type-post","status-publish","format-standard","hentry","category-deutsch"],"jetpack_publicize_connections":[],"jetpack_featured_media_url":"","jetpack_sharing_enabled":true,"jetpack_shortlink":"https:\/\/wp.me\/p5CDmr-acf","jetpack-related-posts":[{"id":3721,"url":"https:\/\/www.achimbrueckner.de\/dxradio\/php\/wordpress\/?p=3721","url_meta":{"origin":39199,"position":0},"title":"F\u00f6rder\u00adverein  Sender M\u00fchl\u00adacker","author":"Administrator","date":"November 1, 2014","format":false,"excerpt":"http:\/\/foerderverein-sender-muehlacker.de\/ Info via Twitter","rel":"","context":"In &quot;links&quot;","block_context":{"text":"links","link":"https:\/\/www.achimbrueckner.de\/dxradio\/php\/wordpress\/?cat=7"},"img":{"alt_text":"","src":"","width":0,"height":0},"classes":[]},{"id":7488,"url":"https:\/\/www.achimbrueckner.de\/dxradio\/php\/wordpress\/?p=7488","url_meta":{"origin":39199,"position":1},"title":"M\u00fchlacker Sender wird Kulturdenkmal","author":"Administrator","date":"February 9, 2016","format":false,"excerpt":"http:\/\/muehlacker-tagblatt.de\/region-muehlacker\/muehlacker\/muehlacker-sender-wird-kulturdenkmal\/","rel":"","context":"In &quot;Deutsch&quot;","block_context":{"text":"Deutsch","link":"https:\/\/www.achimbrueckner.de\/dxradio\/php\/wordpress\/?cat=1"},"img":{"alt_text":"","src":"","width":0,"height":0},"classes":[]},{"id":25609,"url":"https:\/\/www.achimbrueckner.de\/dxradio\/php\/wordpress\/?p=25609","url_meta":{"origin":39199,"position":2},"title":"M\u00dcHLACKER Ein Sender, zwei Meinungen","author":"Administrator","date":"November 2, 2019","format":false,"excerpt":"https:\/\/muehlacker-tagblatt.de\/region-muehlacker\/muehlacker\/ein-sender-zwei-meinungen\/","rel":"","context":"In &quot;Deutsch&quot;","block_context":{"text":"Deutsch","link":"https:\/\/www.achimbrueckner.de\/dxradio\/php\/wordpress\/?cat=1"},"img":{"alt_text":"","src":"","width":0,"height":0},"classes":[]},{"id":2744,"url":"https:\/\/www.achimbrueckner.de\/dxradio\/php\/wordpress\/?p=2744","url_meta":{"origin":39199,"position":3},"title":"Der kleine Sender M\u00fchlacker ist abgerissen","author":"Administrator","date":"November 5, 2013","format":false,"excerpt":"http:\/\/www.swr.de\/landesschau-aktuell\/bw\/-\/id=1622\/nid=1622\/did=12336426\/1ehtqtf\/","rel":"","context":"In &quot;Deutsch&quot;","block_context":{"text":"Deutsch","link":"https:\/\/www.achimbrueckner.de\/dxradio\/php\/wordpress\/?cat=1"},"img":{"alt_text":"","src":"","width":0,"height":0},"classes":[]},{"id":7490,"url":"https:\/\/www.achimbrueckner.de\/dxradio\/php\/wordpress\/?p=7490","url_meta":{"origin":39199,"position":4},"title":"Adrenalin-Kick auf dem M\u00fchlacker Sender","author":"Administrator","date":"February 9, 2016","format":false,"excerpt":"http:\/\/muehlacker-tagblatt.de\/region-muehlacker\/muehlacker\/adrenalin-kick-auf-dem-muehlacker-sender\/","rel":"","context":"In &quot;Deutsch&quot;","block_context":{"text":"Deutsch","link":"https:\/\/www.achimbrueckner.de\/dxradio\/php\/wordpress\/?cat=1"},"img":{"alt_text":"","src":"","width":0,"height":0},"classes":[]},{"id":27543,"url":"https:\/\/www.achimbrueckner.de\/dxradio\/php\/wordpress\/?p=27543","url_meta":{"origin":39199,"position":5},"title":"M\u00dcHLACKER Sender-Verein hofft auf eine Wende","author":"Administrator","date":"March 11, 2020","format":false,"excerpt":"https:\/\/muehlacker-tagblatt.de\/region-muehlacker\/muehlacker\/sender-verein-hofft-auf-eine-wende\/","rel":"","context":"In &quot;Deutsch&quot;","block_context":{"text":"Deutsch","link":"https:\/\/www.achimbrueckner.de\/dxradio\/php\/wordpress\/?cat=1"},"img":{"alt_text":"","src":"","width":0,"height":0},"classes":[]}],"_links":{"self":[{"href":"https:\/\/www.achimbrueckner.de\/dxradio\/php\/wordpress\/index.php?rest_route=\/wp\/v2\/posts\/39199","targetHints":{"allow":["GET"]}}],"collection":[{"href":"https:\/\/www.achimbrueckner.de\/dxradio\/php\/wordpress\/index.php?rest_route=\/wp\/v2\/posts"}],"about":[{"href":"https:\/\/www.achimbrueckner.de\/dxradio\/php\/wordpress\/index.php?rest_route=\/wp\/v2\/types\/post"}],"author":[{"embeddable":true,"href":"https:\/\/www.achimbrueckner.de\/dxradio\/php\/wordpress\/index.php?rest_route=\/wp\/v2\/users\/1"}],"replies":[{"embeddable":true,"href":"https:\/\/www.achimbrueckner.de\/dxradio\/php\/wordpress\/index.php?rest_route=%2Fwp%2Fv2%2Fcomments&post=39199"}],"version-history":[{"count":0,"href":"https:\/\/www.achimbrueckner.de\/dxradio\/php\/wordpress\/index.php?rest_route=\/wp\/v2\/posts\/39199\/revisions"}],"wp:attachment":[{"href":"https:\/\/www.achimbrueckner.de\/dxradio\/php\/wordpress\/index.php?rest_route=%2Fwp%2Fv2%2Fmedia&parent=39199"}],"wp:term":[{"taxonomy":"category","embeddable":true,"href":"https:\/\/www.achimbrueckner.de\/dxradio\/php\/wordpress\/index.php?rest_route=%2Fwp%2Fv2%2Fcategories&post=39199"},{"taxonomy":"post_tag","embeddable":true,"href":"https:\/\/www.achimbrueckner.de\/dxradio\/php\/wordpress\/index.php?rest_route=%2Fwp%2Fv2%2Ftags&post=39199"}],"curies":[{"name":"wp","href":"https:\/\/api.w.org\/{rel}","templated":true}]}}