{"id":39206,"date":"2023-04-02T08:23:32","date_gmt":"2023-04-02T08:23:32","guid":{"rendered":"https:\/\/www.achimbrueckner.de\/dxradio\/php\/wordpress\/?p=39206"},"modified":"2023-04-02T08:23:32","modified_gmt":"2023-04-02T08:23:32","slug":"regiocast-chef-uber-kurz-oder-lang-stehen-kleinere-regionale-sender-vor-dem-aus","status":"publish","type":"post","link":"https:\/\/www.achimbrueckner.de\/dxradio\/php\/wordpress\/?p=39206","title":{"rendered":"REGIOCAST-CHEF \u201e\u00dcber kurz oder lang stehen kleinere regionale Sender vor dem Aus\u201c"},"content":{"rendered":"<p><a href=\"https:\/\/www.meedia.de\/medien\/regiocast-chef-ueber-kurz-oder-lang-stehen-kleinere-regionale-sender-vor-dem-aus-8dff5cb8491423ae7d4c26ad538217c7\" rel=\"noopener\" target=\"_blank\">https:\/\/www.meedia.de\/medien\/regiocast-chef-ueber-kurz-oder-lang-stehen-kleinere-regionale-sender-vor-dem-aus-8dff5cb8491423ae7d4c26ad538217c7<\/a><\/p>\n","protected":false},"excerpt":{"rendered":"<p>https:\/\/www.meedia.de\/medien\/regiocast-chef-ueber-kurz-oder-lang-stehen-kleinere-regionale-sender-vor-dem-aus-8dff5cb8491423ae7d4c26ad538217c7<\/p>\n","protected":false},"author":1,"featured_media":0,"comment_status":"closed","ping_status":"open","sticky":false,"template":"","format":"standard","meta":{"_jetpack_memberships_contains_paid_content":false,"footnotes":"","jetpack_publicize_message":"","jetpack_publicize_feature_enabled":true,"jetpack_social_post_already_shared":true,"jetpack_social_options":{"image_generator_settings":{"template":"highway","default_image_id":0,"font":"","enabled":false},"version":2}},"categories":[1],"tags":[],"class_list":["post-39206","post","type-post","status-publish","format-standard","hentry","category-deutsch"],"jetpack_publicize_connections":[],"jetpack_featured_media_url":"","jetpack_sharing_enabled":true,"jetpack_shortlink":"https:\/\/wp.me\/p5CDmr-acm","jetpack-related-posts":[{"id":13505,"url":"https:\/\/www.achimbrueckner.de\/dxradio\/php\/wordpress\/?p=13505","url_meta":{"origin":39206,"position":0},"title":"REGIOCAST startet neuen Sender \u201e1\/DEUTSCH\u201c","author":"Administrator","date":"June 22, 2017","format":false,"excerpt":"http:\/\/www.radiowoche.de\/regiocast-startet-neuen-sender-1deutsch\/","rel":"","context":"In &quot;Deutsch&quot;","block_context":{"text":"Deutsch","link":"https:\/\/www.achimbrueckner.de\/dxradio\/php\/wordpress\/?cat=1"},"img":{"alt_text":"","src":"","width":0,"height":0},"classes":[]},{"id":25980,"url":"https:\/\/www.achimbrueckner.de\/dxradio\/php\/wordpress\/?p=25980","url_meta":{"origin":39206,"position":1},"title":"Neuer Content-Chef bei Regiocast, 25 Tage Weihnachtssongs","author":"Administrator","date":"November 28, 2019","format":false,"excerpt":"https:\/\/www.dwdl.de\/radioupdate\/75129\/neuer_contentchef_bei_regiocast_25_tage_weihnachtssongs\/","rel":"","context":"In &quot;Deutsch&quot;","block_context":{"text":"Deutsch","link":"https:\/\/www.achimbrueckner.de\/dxradio\/php\/wordpress\/?cat=1"},"img":{"alt_text":"","src":"","width":0,"height":0},"classes":[]},{"id":2496,"url":"https:\/\/www.achimbrueckner.de\/dxradio\/php\/wordpress\/?p=2496","url_meta":{"origin":39206,"position":2},"title":"Abschaltungen: AFN und 90elf","author":"Administrator","date":"May 21, 2013","format":false,"excerpt":"2x Abschaltungs-News heute: - Fu\u00dfballradio 90elf wird eingestellt, weil die entsprechenden DFL-Rechte jetzt bei SPORT 1 liegen, man denkt \u00fcber neue DAB-Sender nach: http:\/\/www.radioszene.de\/54025\/regiocast-digital-stellt-90elf-ein.html - AFN schaltet 873 kHz ab: http:\/\/www.afneurope.net\/Headline\/tabid\/2098\/Default.aspx?aid=28284 (via Radioforum erfahren) Info via A-DX","rel":"","context":"In &quot;Deutsch&quot;","block_context":{"text":"Deutsch","link":"https:\/\/www.achimbrueckner.de\/dxradio\/php\/wordpress\/?cat=1"},"img":{"alt_text":"","src":"","width":0,"height":0},"classes":[]},{"id":39199,"url":"https:\/\/www.achimbrueckner.de\/dxradio\/php\/wordpress\/?p=39199","url_meta":{"origin":39206,"position":3},"title":"Sender M\u00fchlacker Kalender 2023 im Nachdruck &#8220;Wie`s einmal war &#8211; Wahrzeichen Sender M\u00fchlacker&#8221;","author":"Administrator","date":"April 1, 2023","format":false,"excerpt":"Sender M\u00fchlacker Kalender 2023 im Nachdruck \"Wie`s einmal war - Wahrzeichen Sender M\u00fchlacker\" Liebe Radiofreunde, vor einer Woche waren wir, von FMK, beim Sender M\u00fchlacker. Der F\u00f6rderverein rund um Hans-Bernd Weiner und J\u00fcrgen Fegert signalisierten uns gegen\u00fcber, dass man den beliebten Sender-Kalender extra f\u00fcr die FMK-Leser nachdrucken l\u00e4sst, sobald gen\u00fcgend\u2026","rel":"","context":"In &quot;Deutsch&quot;","block_context":{"text":"Deutsch","link":"https:\/\/www.achimbrueckner.de\/dxradio\/php\/wordpress\/?cat=1"},"img":{"alt_text":"","src":"","width":0,"height":0},"classes":[]},{"id":18218,"url":"https:\/\/www.achimbrueckner.de\/dxradio\/php\/wordpress\/?p=18218","url_meta":{"origin":39206,"position":4},"title":"Regiocast rockt die Party &#8211; mit dem neuen Webradio-Portal &#8220;Feierfreund&#8221;","author":"Administrator","date":"June 14, 2018","format":false,"excerpt":"http:\/\/www.satnews.de\/mlesen.php?id=bfddcbe68907ea1bd9183d5bb7daf04e","rel":"","context":"In &quot;Deutsch&quot;","block_context":{"text":"Deutsch","link":"https:\/\/www.achimbrueckner.de\/dxradio\/php\/wordpress\/?cat=1"},"img":{"alt_text":"","src":"","width":0,"height":0},"classes":[]},{"id":11221,"url":"https:\/\/www.achimbrueckner.de\/dxradio\/php\/wordpress\/?p=11221","url_meta":{"origin":39206,"position":5},"title":"REGIOCAST startet 90s90s Radio","author":"Administrator","date":"December 1, 2016","format":false,"excerpt":"http:\/\/www.radiowoche.de\/regiocast-startet-90s90s-radio\/","rel":"","context":"In &quot;Deutsch&quot;","block_context":{"text":"Deutsch","link":"https:\/\/www.achimbrueckner.de\/dxradio\/php\/wordpress\/?cat=1"},"img":{"alt_text":"","src":"","width":0,"height":0},"classes":[]}],"_links":{"self":[{"href":"https:\/\/www.achimbrueckner.de\/dxradio\/php\/wordpress\/index.php?rest_route=\/wp\/v2\/posts\/39206","targetHints":{"allow":["GET"]}}],"collection":[{"href":"https:\/\/www.achimbrueckner.de\/dxradio\/php\/wordpress\/index.php?rest_route=\/wp\/v2\/posts"}],"about":[{"href":"https:\/\/www.achimbrueckner.de\/dxradio\/php\/wordpress\/index.php?rest_route=\/wp\/v2\/types\/post"}],"author":[{"embeddable":true,"href":"https:\/\/www.achimbrueckner.de\/dxradio\/php\/wordpress\/index.php?rest_route=\/wp\/v2\/users\/1"}],"replies":[{"embeddable":true,"href":"https:\/\/www.achimbrueckner.de\/dxradio\/php\/wordpress\/index.php?rest_route=%2Fwp%2Fv2%2Fcomments&post=39206"}],"version-history":[{"count":0,"href":"https:\/\/www.achimbrueckner.de\/dxradio\/php\/wordpress\/index.php?rest_route=\/wp\/v2\/posts\/39206\/revisions"}],"wp:attachment":[{"href":"https:\/\/www.achimbrueckner.de\/dxradio\/php\/wordpress\/index.php?rest_route=%2Fwp%2Fv2%2Fmedia&parent=39206"}],"wp:term":[{"taxonomy":"category","embeddable":true,"href":"https:\/\/www.achimbrueckner.de\/dxradio\/php\/wordpress\/index.php?rest_route=%2Fwp%2Fv2%2Fcategories&post=39206"},{"taxonomy":"post_tag","embeddable":true,"href":"https:\/\/www.achimbrueckner.de\/dxradio\/php\/wordpress\/index.php?rest_route=%2Fwp%2Fv2%2Ftags&post=39206"}],"curies":[{"name":"wp","href":"https:\/\/api.w.org\/{rel}","templated":true}]}}