{"id":39208,"date":"2023-04-02T08:38:15","date_gmt":"2023-04-02T08:38:15","guid":{"rendered":"https:\/\/www.achimbrueckner.de\/dxradio\/php\/wordpress\/?p=39208"},"modified":"2023-04-02T08:38:15","modified_gmt":"2023-04-02T08:38:15","slug":"oliver-kalkofe-im-dwdl-interview-das-zdf-war-das-prosieben-der-70er-und-fruhen-80er-jahre","status":"publish","type":"post","link":"https:\/\/www.achimbrueckner.de\/dxradio\/php\/wordpress\/?p=39208","title":{"rendered":"Oliver Kalkofe im DWDL-Interview &#8220;Das ZDF war das ProSieben der 70er und fr\u00fchen 80er Jahre&#8221;"},"content":{"rendered":"<p><a href=\"https:\/\/www.dwdl.de\/interviews\/92374\/das_zdf_war_das_prosieben_der_70er_und_fruehen_80er_jahre\/\" rel=\"noopener\" target=\"_blank\">https:\/\/www.dwdl.de\/interviews\/92374\/das_zdf_war_das_prosieben_der_70er_und_fruehen_80er_jahre\/<\/a><\/p>\n","protected":false},"excerpt":{"rendered":"<p>https:\/\/www.dwdl.de\/interviews\/92374\/das_zdf_war_das_prosieben_der_70er_und_fruehen_80er_jahre\/<\/p>\n","protected":false},"author":1,"featured_media":0,"comment_status":"closed","ping_status":"open","sticky":false,"template":"","format":"standard","meta":{"_jetpack_memberships_contains_paid_content":false,"footnotes":"","jetpack_publicize_message":"","jetpack_publicize_feature_enabled":true,"jetpack_social_post_already_shared":true,"jetpack_social_options":{"image_generator_settings":{"template":"highway","default_image_id":0,"font":"","enabled":false},"version":2}},"categories":[1],"tags":[],"class_list":["post-39208","post","type-post","status-publish","format-standard","hentry","category-deutsch"],"jetpack_publicize_connections":[],"jetpack_featured_media_url":"","jetpack_sharing_enabled":true,"jetpack_shortlink":"https:\/\/wp.me\/p5CDmr-aco","jetpack-related-posts":[{"id":44440,"url":"https:\/\/www.achimbrueckner.de\/dxradio\/php\/wordpress\/?p=44440","url_meta":{"origin":39208,"position":0},"title":"\u00d6sterreich: Das ist das Programm f\u00fcr das \u00d63 Weihnachtswunder 2025","author":"Administrator","date":"December 2, 2025","format":false,"excerpt":"https:\/\/www.radioblog.eu\/2025\/12\/02\/oesterreich-das-ist-das-programm-fuer-das-oe3-weihnachtswunder-2025\/","rel":"","context":"In &quot;Deutsch&quot;","block_context":{"text":"Deutsch","link":"https:\/\/www.achimbrueckner.de\/dxradio\/php\/wordpress\/?cat=1"},"img":{"alt_text":"","src":"","width":0,"height":0},"classes":[]},{"id":8999,"url":"https:\/\/www.achimbrueckner.de\/dxradio\/php\/wordpress\/?p=8999","url_meta":{"origin":39208,"position":1},"title":"Heute vor 35 Jahren Das war das erste Video, das bei MTV lief","author":"Administrator","date":"August 1, 2016","format":false,"excerpt":"http:\/\/www.berliner-zeitung.de\/kultur\/medien\/heute-vor-35-jahren--das-war-das-erste-video--das-bei-mtv-lief-24485434","rel":"","context":"In &quot;Deutsch&quot;","block_context":{"text":"Deutsch","link":"https:\/\/www.achimbrueckner.de\/dxradio\/php\/wordpress\/?cat=1"},"img":{"alt_text":"","src":"","width":0,"height":0},"classes":[]},{"id":2043,"url":"https:\/\/www.achimbrueckner.de\/dxradio\/php\/wordpress\/?p=2043","url_meta":{"origin":39208,"position":2},"title":"25 Jahre ffn: \u00e2\u20ac\u017eAm Anfang war das Wort \u00e2\u20ac\u201c und das Wort hie\u00df Gr\u00fc\u00df Gott!\u00e2\u20ac\u0153","author":"Administrator","date":"December 14, 2011","format":false,"excerpt":"25 Jahre ffn: \u00e2\u20ac\u017eAm Anfang war das Wort \u00e2\u20ac\u201c und das Wort hie\u00df Gr\u00fc\u00df Gott!\u00e2\u20ac\u0153 http:\/\/www.radioszene.de\/32707\/25-jahre-ffn-am-anfang-war-das-wort-und-das-wort-hiess-gruess-gott.html","rel":"","context":"In &quot;Deutsch&quot;","block_context":{"text":"Deutsch","link":"https:\/\/www.achimbrueckner.de\/dxradio\/php\/wordpress\/?cat=1"},"img":{"alt_text":"","src":"","width":0,"height":0},"classes":[]},{"id":44432,"url":"https:\/\/www.achimbrueckner.de\/dxradio\/php\/wordpress\/?p=44432","url_meta":{"origin":39208,"position":3},"title":"Australien: Das ist das ungew\u00f6hnlichste Weihnachtsradio","author":"Administrator","date":"December 1, 2025","format":false,"excerpt":"https:\/\/www.radioblog.eu\/2025\/11\/30\/australien-das-ist-das-ungewoehnlichste-weihnachtsradio\/","rel":"","context":"In &quot;Deutsch&quot;","block_context":{"text":"Deutsch","link":"https:\/\/www.achimbrueckner.de\/dxradio\/php\/wordpress\/?cat=1"},"img":{"alt_text":"","src":"","width":0,"height":0},"classes":[]},{"id":39100,"url":"https:\/\/www.achimbrueckner.de\/dxradio\/php\/wordpress\/?p=39100","url_meta":{"origin":39208,"position":4},"title":"90s90s: Das bietet das Vollprogramm des Musiksenders","author":"Administrator","date":"March 23, 2023","format":false,"excerpt":"https:\/\/www.radioblog.eu\/2023\/03\/23\/90s90s-das-bietet-das-vollprogramm-des-musiksenders\/","rel":"","context":"In &quot;Deutsch&quot;","block_context":{"text":"Deutsch","link":"https:\/\/www.achimbrueckner.de\/dxradio\/php\/wordpress\/?cat=1"},"img":{"alt_text":"","src":"","width":0,"height":0},"classes":[]},{"id":22012,"url":"https:\/\/www.achimbrueckner.de\/dxradio\/php\/wordpress\/?p=22012","url_meta":{"origin":39208,"position":5},"title":"HELGOLAND Das Radio, das vom roten Felsen sendet","author":"Administrator","date":"March 7, 2019","format":false,"excerpt":"https:\/\/www.abendblatt.de\/region\/pinneberg\/article216605969\/Das-Radio-das-vom-roten-Felsen-sendet.html","rel":"","context":"In &quot;Deutsch&quot;","block_context":{"text":"Deutsch","link":"https:\/\/www.achimbrueckner.de\/dxradio\/php\/wordpress\/?cat=1"},"img":{"alt_text":"","src":"","width":0,"height":0},"classes":[]}],"_links":{"self":[{"href":"https:\/\/www.achimbrueckner.de\/dxradio\/php\/wordpress\/index.php?rest_route=\/wp\/v2\/posts\/39208","targetHints":{"allow":["GET"]}}],"collection":[{"href":"https:\/\/www.achimbrueckner.de\/dxradio\/php\/wordpress\/index.php?rest_route=\/wp\/v2\/posts"}],"about":[{"href":"https:\/\/www.achimbrueckner.de\/dxradio\/php\/wordpress\/index.php?rest_route=\/wp\/v2\/types\/post"}],"author":[{"embeddable":true,"href":"https:\/\/www.achimbrueckner.de\/dxradio\/php\/wordpress\/index.php?rest_route=\/wp\/v2\/users\/1"}],"replies":[{"embeddable":true,"href":"https:\/\/www.achimbrueckner.de\/dxradio\/php\/wordpress\/index.php?rest_route=%2Fwp%2Fv2%2Fcomments&post=39208"}],"version-history":[{"count":0,"href":"https:\/\/www.achimbrueckner.de\/dxradio\/php\/wordpress\/index.php?rest_route=\/wp\/v2\/posts\/39208\/revisions"}],"wp:attachment":[{"href":"https:\/\/www.achimbrueckner.de\/dxradio\/php\/wordpress\/index.php?rest_route=%2Fwp%2Fv2%2Fmedia&parent=39208"}],"wp:term":[{"taxonomy":"category","embeddable":true,"href":"https:\/\/www.achimbrueckner.de\/dxradio\/php\/wordpress\/index.php?rest_route=%2Fwp%2Fv2%2Fcategories&post=39208"},{"taxonomy":"post_tag","embeddable":true,"href":"https:\/\/www.achimbrueckner.de\/dxradio\/php\/wordpress\/index.php?rest_route=%2Fwp%2Fv2%2Ftags&post=39208"}],"curies":[{"name":"wp","href":"https:\/\/api.w.org\/{rel}","templated":true}]}}