{"id":39289,"date":"2023-04-11T12:10:46","date_gmt":"2023-04-11T12:10:46","guid":{"rendered":"https:\/\/www.achimbrueckner.de\/dxradio\/php\/wordpress\/?p=39289"},"modified":"2023-04-11T12:10:46","modified_gmt":"2023-04-11T12:10:46","slug":"jetzt-anmelden-fur-die-medientour-plus","status":"publish","type":"post","link":"https:\/\/www.achimbrueckner.de\/dxradio\/php\/wordpress\/?p=39289","title":{"rendered":"Jetzt anmelden f\u00fcr die Medientour Plus"},"content":{"rendered":"<p><a href=\"https:\/\/www.radiobremen.de\/ueber-uns\/besucherfuehrungen\/medientour-plus-100.html\" rel=\"noopener\" target=\"_blank\">https:\/\/www.radiobremen.de\/ueber-uns\/besucherfuehrungen\/medientour-plus-100.html<\/a><\/p>\n","protected":false},"excerpt":{"rendered":"<p>https:\/\/www.radiobremen.de\/ueber-uns\/besucherfuehrungen\/medientour-plus-100.html<\/p>\n","protected":false},"author":1,"featured_media":0,"comment_status":"closed","ping_status":"open","sticky":false,"template":"","format":"standard","meta":{"_jetpack_memberships_contains_paid_content":false,"footnotes":"","jetpack_publicize_message":"","jetpack_publicize_feature_enabled":true,"jetpack_social_post_already_shared":true,"jetpack_social_options":{"image_generator_settings":{"template":"highway","default_image_id":0,"font":"","enabled":false},"version":2}},"categories":[1],"tags":[],"class_list":["post-39289","post","type-post","status-publish","format-standard","hentry","category-deutsch"],"jetpack_publicize_connections":[],"jetpack_featured_media_url":"","jetpack_sharing_enabled":true,"jetpack_shortlink":"https:\/\/wp.me\/p5CDmr-adH","jetpack-related-posts":[{"id":22724,"url":"https:\/\/www.achimbrueckner.de\/dxradio\/php\/wordpress\/?p=22724","url_meta":{"origin":39289,"position":0},"title":"Auf der Kurzwelle f\u00fchren die Funker Gespr\u00e4che \u00fcber Gott und die Welt","author":"Administrator","date":"April 14, 2019","format":false,"excerpt":"https:\/\/www.hellwegeranzeiger.de\/Bergkamen\/Auf-der-Kurzwelle-fuehren-die-Funker-Gespraeche-ueber-Gott-und-die-Welt-Plus-1396332.html","rel":"","context":"In &quot;Deutsch&quot;","block_context":{"text":"Deutsch","link":"https:\/\/www.achimbrueckner.de\/dxradio\/php\/wordpress\/?cat=1"},"img":{"alt_text":"","src":"","width":0,"height":0},"classes":[]},{"id":4755,"url":"https:\/\/www.achimbrueckner.de\/dxradio\/php\/wordpress\/?p=4755","url_meta":{"origin":39289,"position":1},"title":"DAB Plus: Schreitet die Entwicklung jetzt doch voran?","author":"Administrator","date":"May 29, 2015","format":false,"excerpt":"http:\/\/www.digitalfernsehen.de\/DAB-Plus-Schreitet-die-Entwicklung-jetzt-doch-voran.128189.0.html","rel":"","context":"In &quot;Deutsch&quot;","block_context":{"text":"Deutsch","link":"https:\/\/www.achimbrueckner.de\/dxradio\/php\/wordpress\/?cat=1"},"img":{"alt_text":"","src":"","width":0,"height":0},"classes":[]},{"id":37333,"url":"https:\/\/www.achimbrueckner.de\/dxradio\/php\/wordpress\/?p=37333","url_meta":{"origin":39289,"position":2},"title":"In eigener Sache Facebook: Aus PULS @RadioBayern3 und Radio BAYERN 3 wird ein Angebot!","author":"Administrator","date":"August 23, 2022","format":false,"excerpt":"https:\/\/www.br.de\/puls\/ueber-uns\/facebook-puls-bayern3-100.html","rel":"","context":"In &quot;Deutsch&quot;","block_context":{"text":"Deutsch","link":"https:\/\/www.achimbrueckner.de\/dxradio\/php\/wordpress\/?cat=1"},"img":{"alt_text":"","src":"","width":0,"height":0},"classes":[]},{"id":40106,"url":"https:\/\/www.achimbrueckner.de\/dxradio\/php\/wordpress\/?p=40106","url_meta":{"origin":39289,"position":3},"title":"Sehen Sie die Doku &#8220;Man sieht ja mit den Ohren&#8221; kostenlos im Kino","author":"Administrator","date":"September 5, 2023","format":false,"excerpt":"https:\/\/www.radiobremen.de\/events\/filmsonntag-generation-beat-club-102.html","rel":"","context":"In &quot;Deutsch&quot;","block_context":{"text":"Deutsch","link":"https:\/\/www.achimbrueckner.de\/dxradio\/php\/wordpress\/?cat=1"},"img":{"alt_text":"","src":"","width":0,"height":0},"classes":[]},{"id":11580,"url":"https:\/\/www.achimbrueckner.de\/dxradio\/php\/wordpress\/?p=11580","url_meta":{"origin":39289,"position":4},"title":"Was ist die beste Technologie f\u00fcr Internetradio?","author":"Administrator","date":"January 2, 2017","format":false,"excerpt":"https:\/\/www.teltarif.de\/digitalradio-dab-plus-internetradio-streaming\/news\/66868.html","rel":"","context":"In &quot;Deutsch&quot;","block_context":{"text":"Deutsch","link":"https:\/\/www.achimbrueckner.de\/dxradio\/php\/wordpress\/?cat=1"},"img":{"alt_text":"","src":"","width":0,"height":0},"classes":[]},{"id":25440,"url":"https:\/\/www.achimbrueckner.de\/dxradio\/php\/wordpress\/?p=25440","url_meta":{"origin":39289,"position":5},"title":"Was bedeutet die DAB+-Pflicht in Radios f\u00fcr Verbraucher?","author":"Administrator","date":"October 22, 2019","format":false,"excerpt":"https:\/\/www.teltarif.de\/radio-digitalradio-dab-plus-pflicht-digitalradio\/news\/78407.html","rel":"","context":"In &quot;Deutsch&quot;","block_context":{"text":"Deutsch","link":"https:\/\/www.achimbrueckner.de\/dxradio\/php\/wordpress\/?cat=1"},"img":{"alt_text":"","src":"","width":0,"height":0},"classes":[]}],"_links":{"self":[{"href":"https:\/\/www.achimbrueckner.de\/dxradio\/php\/wordpress\/index.php?rest_route=\/wp\/v2\/posts\/39289","targetHints":{"allow":["GET"]}}],"collection":[{"href":"https:\/\/www.achimbrueckner.de\/dxradio\/php\/wordpress\/index.php?rest_route=\/wp\/v2\/posts"}],"about":[{"href":"https:\/\/www.achimbrueckner.de\/dxradio\/php\/wordpress\/index.php?rest_route=\/wp\/v2\/types\/post"}],"author":[{"embeddable":true,"href":"https:\/\/www.achimbrueckner.de\/dxradio\/php\/wordpress\/index.php?rest_route=\/wp\/v2\/users\/1"}],"replies":[{"embeddable":true,"href":"https:\/\/www.achimbrueckner.de\/dxradio\/php\/wordpress\/index.php?rest_route=%2Fwp%2Fv2%2Fcomments&post=39289"}],"version-history":[{"count":0,"href":"https:\/\/www.achimbrueckner.de\/dxradio\/php\/wordpress\/index.php?rest_route=\/wp\/v2\/posts\/39289\/revisions"}],"wp:attachment":[{"href":"https:\/\/www.achimbrueckner.de\/dxradio\/php\/wordpress\/index.php?rest_route=%2Fwp%2Fv2%2Fmedia&parent=39289"}],"wp:term":[{"taxonomy":"category","embeddable":true,"href":"https:\/\/www.achimbrueckner.de\/dxradio\/php\/wordpress\/index.php?rest_route=%2Fwp%2Fv2%2Fcategories&post=39289"},{"taxonomy":"post_tag","embeddable":true,"href":"https:\/\/www.achimbrueckner.de\/dxradio\/php\/wordpress\/index.php?rest_route=%2Fwp%2Fv2%2Ftags&post=39289"}],"curies":[{"name":"wp","href":"https:\/\/api.w.org\/{rel}","templated":true}]}}