{"id":39305,"date":"2023-04-12T15:26:11","date_gmt":"2023-04-12T15:26:11","guid":{"rendered":"https:\/\/www.achimbrueckner.de\/dxradio\/php\/wordpress\/?p=39305"},"modified":"2023-04-12T15:26:11","modified_gmt":"2023-04-12T15:26:11","slug":"oldie-antenne-sechs-webchannels-gestartet","status":"publish","type":"post","link":"https:\/\/www.achimbrueckner.de\/dxradio\/php\/wordpress\/?p=39305","title":{"rendered":"Oldie Antenne: Sechs Webchannels gestartet"},"content":{"rendered":"<p><a href=\"https:\/\/www.radioblog.eu\/2023\/04\/08\/oldie-antenne-sechs-webchannels-gestartet\/\" rel=\"noopener\" target=\"_blank\">https:\/\/www.radioblog.eu\/2023\/04\/08\/oldie-antenne-sechs-webchannels-gestartet\/<\/a><\/p>\n","protected":false},"excerpt":{"rendered":"<p>https:\/\/www.radioblog.eu\/2023\/04\/08\/oldie-antenne-sechs-webchannels-gestartet\/<\/p>\n","protected":false},"author":1,"featured_media":0,"comment_status":"closed","ping_status":"open","sticky":false,"template":"","format":"standard","meta":{"_jetpack_memberships_contains_paid_content":false,"footnotes":"","jetpack_publicize_message":"","jetpack_publicize_feature_enabled":true,"jetpack_social_post_already_shared":true,"jetpack_social_options":{"image_generator_settings":{"template":"highway","default_image_id":0,"font":"","enabled":false},"version":2}},"categories":[1],"tags":[],"class_list":["post-39305","post","type-post","status-publish","format-standard","hentry","category-deutsch"],"jetpack_publicize_connections":[],"jetpack_featured_media_url":"","jetpack_sharing_enabled":true,"jetpack_shortlink":"https:\/\/wp.me\/p5CDmr-adX","jetpack-related-posts":[{"id":39204,"url":"https:\/\/www.achimbrueckner.de\/dxradio\/php\/wordpress\/?p=39204","url_meta":{"origin":39305,"position":0},"title":"Oldie Antenne: Mehr DAB+-Reichweite und neue Webchannels","author":"Administrator","date":"April 2, 2023","format":false,"excerpt":"https:\/\/www.radioblog.eu\/2023\/04\/01\/oldie-antenne-mehr-dab-reichweite-und-neue-webchannels\/","rel":"","context":"In &quot;Deutsch&quot;","block_context":{"text":"Deutsch","link":"https:\/\/www.achimbrueckner.de\/dxradio\/php\/wordpress\/?cat=1"},"img":{"alt_text":"","src":"","width":0,"height":0},"classes":[]},{"id":39386,"url":"https:\/\/www.achimbrueckner.de\/dxradio\/php\/wordpress\/?p=39386","url_meta":{"origin":39305,"position":1},"title":"80s80s, Antenne NRW und Radio BOB! starten neue Webchannels","author":"Administrator","date":"April 28, 2023","format":false,"excerpt":"https:\/\/www.radioblog.eu\/2023\/04\/27\/80s80s-antenne-nrw-und-radio-bob-starten-neue-webchannels\/","rel":"","context":"In &quot;Deutsch&quot;","block_context":{"text":"Deutsch","link":"https:\/\/www.achimbrueckner.de\/dxradio\/php\/wordpress\/?cat=1"},"img":{"alt_text":"","src":"","width":0,"height":0},"classes":[]},{"id":39948,"url":"https:\/\/www.achimbrueckner.de\/dxradio\/php\/wordpress\/?p=39948","url_meta":{"origin":39305,"position":2},"title":"H\u00f6rerservice best\u00e4tigt: Antenne Bayern \u00fcbernimmt regionale DAB+-Sendepl\u00e4tze der Oldie Antenne","author":"Administrator","date":"August 2, 2023","format":false,"excerpt":"https:\/\/www.radioblog.eu\/2023\/08\/01\/antenne-bayern-uebernimmt-regionale-dab-sendeplaetze-der-oldie-antenne\/","rel":"","context":"In &quot;Deutsch&quot;","block_context":{"text":"Deutsch","link":"https:\/\/www.achimbrueckner.de\/dxradio\/php\/wordpress\/?cat=1"},"img":{"alt_text":"","src":"","width":0,"height":0},"classes":[]},{"id":39962,"url":"https:\/\/www.achimbrueckner.de\/dxradio\/php\/wordpress\/?p=39962","url_meta":{"origin":39305,"position":3},"title":"Empfangstest: Oldie Antenne im zweiten DAB+ \u201eBundesmux\u201c","author":"Administrator","date":"August 4, 2023","format":false,"excerpt":"https:\/\/www.radioblog.eu\/2023\/08\/03\/empfangstest-oldie-antenne-im-zweiten-dab-bundesmux\/","rel":"","context":"In &quot;Deutsch&quot;","block_context":{"text":"Deutsch","link":"https:\/\/www.achimbrueckner.de\/dxradio\/php\/wordpress\/?cat=1"},"img":{"alt_text":"","src":"","width":0,"height":0},"classes":[]},{"id":39993,"url":"https:\/\/www.achimbrueckner.de\/dxradio\/php\/wordpress\/?p=39993","url_meta":{"origin":39305,"position":4},"title":"Oldie Antenne: Automatischer Wechsel zwischen den Multiplexen","author":"Administrator","date":"August 9, 2023","format":false,"excerpt":"https:\/\/www.radioblog.eu\/2023\/08\/09\/oldie-antenne-automatischer-wechsel-zwischen-den-multiplexen\/","rel":"","context":"In &quot;Deutsch&quot;","block_context":{"text":"Deutsch","link":"https:\/\/www.achimbrueckner.de\/dxradio\/php\/wordpress\/?cat=1"},"img":{"alt_text":"","src":"","width":0,"height":0},"classes":[]},{"id":39047,"url":"https:\/\/www.achimbrueckner.de\/dxradio\/php\/wordpress\/?p=39047","url_meta":{"origin":39305,"position":5},"title":"Neue Webchannels von Hitradio Antenne 1, R.SA und WDR3","author":"Administrator","date":"March 13, 2023","format":false,"excerpt":"https:\/\/www.radioblog.eu\/2023\/03\/13\/neue-webchannels-von-hitradio-antenne-1-r-sa-und-wdr3\/","rel":"","context":"In &quot;Deutsch&quot;","block_context":{"text":"Deutsch","link":"https:\/\/www.achimbrueckner.de\/dxradio\/php\/wordpress\/?cat=1"},"img":{"alt_text":"","src":"","width":0,"height":0},"classes":[]}],"_links":{"self":[{"href":"https:\/\/www.achimbrueckner.de\/dxradio\/php\/wordpress\/index.php?rest_route=\/wp\/v2\/posts\/39305","targetHints":{"allow":["GET"]}}],"collection":[{"href":"https:\/\/www.achimbrueckner.de\/dxradio\/php\/wordpress\/index.php?rest_route=\/wp\/v2\/posts"}],"about":[{"href":"https:\/\/www.achimbrueckner.de\/dxradio\/php\/wordpress\/index.php?rest_route=\/wp\/v2\/types\/post"}],"author":[{"embeddable":true,"href":"https:\/\/www.achimbrueckner.de\/dxradio\/php\/wordpress\/index.php?rest_route=\/wp\/v2\/users\/1"}],"replies":[{"embeddable":true,"href":"https:\/\/www.achimbrueckner.de\/dxradio\/php\/wordpress\/index.php?rest_route=%2Fwp%2Fv2%2Fcomments&post=39305"}],"version-history":[{"count":0,"href":"https:\/\/www.achimbrueckner.de\/dxradio\/php\/wordpress\/index.php?rest_route=\/wp\/v2\/posts\/39305\/revisions"}],"wp:attachment":[{"href":"https:\/\/www.achimbrueckner.de\/dxradio\/php\/wordpress\/index.php?rest_route=%2Fwp%2Fv2%2Fmedia&parent=39305"}],"wp:term":[{"taxonomy":"category","embeddable":true,"href":"https:\/\/www.achimbrueckner.de\/dxradio\/php\/wordpress\/index.php?rest_route=%2Fwp%2Fv2%2Fcategories&post=39305"},{"taxonomy":"post_tag","embeddable":true,"href":"https:\/\/www.achimbrueckner.de\/dxradio\/php\/wordpress\/index.php?rest_route=%2Fwp%2Fv2%2Ftags&post=39305"}],"curies":[{"name":"wp","href":"https:\/\/api.w.org\/{rel}","templated":true}]}}