{"id":3939,"date":"2015-01-06T12:59:41","date_gmt":"2015-01-06T12:59:41","guid":{"rendered":"https:\/\/www.achimbrueckner.de\/dxradio\/php\/wordpress\/?p=3939"},"modified":"2015-01-06T12:59:41","modified_gmt":"2015-01-06T12:59:41","slug":"reset-folge-2-2011-sdr-special","status":"publish","type":"post","link":"https:\/\/www.achimbrueckner.de\/dxradio\/php\/wordpress\/?p=3939","title":{"rendered":"Reset Folge 2 2011 SDR Special"},"content":{"rendered":"<p><a href=\"https:\/\/www.youtube.com\/watch?v=PTluWERprsQ&#038;feature=youtu.be\" target=\"_blank\">https:\/\/www.youtube.com\/watch?v=PTluWERprsQ&#038;feature=youtu.be<\/a><\/p>\n","protected":false},"excerpt":{"rendered":"<p>https:\/\/www.youtube.com\/watch?v=PTluWERprsQ&#038;feature=youtu.be<\/p>\n","protected":false},"author":1,"featured_media":0,"comment_status":"open","ping_status":"open","sticky":false,"template":"","format":"standard","meta":{"_jetpack_memberships_contains_paid_content":false,"footnotes":"","jetpack_publicize_message":"","jetpack_publicize_feature_enabled":true,"jetpack_social_post_already_shared":false,"jetpack_social_options":{"image_generator_settings":{"template":"highway","default_image_id":0,"font":"","enabled":false},"version":2}},"categories":[1],"tags":[],"class_list":["post-3939","post","type-post","status-publish","format-standard","hentry","category-deutsch"],"jetpack_publicize_connections":[],"jetpack_featured_media_url":"","jetpack_sharing_enabled":true,"jetpack_shortlink":"https:\/\/wp.me\/p5CDmr-11x","jetpack-related-posts":[{"id":3486,"url":"https:\/\/www.achimbrueckner.de\/dxradio\/php\/wordpress\/?p=3486","url_meta":{"origin":3939,"position":0},"title":"2011 SDR Special","author":"Administrator","date":"September 3, 2014","format":false,"excerpt":"Interview mit Willi Passmann, DJ6JZ, \u00fcber SDR Empf\u00e4nger und Zubeh\u00f6r: Pappradio, Perseus, Excalibur, Switch Box, Konverter und LAN-SDR. Mit freundlicher Genehmigung von TecTime TV. https:\/\/www.youtube.com\/watch?v=PTluWERprsQ&feature=youtu.be Info via A-DX","rel":"","context":"In &quot;Deutsch&quot;","block_context":{"text":"Deutsch","link":"https:\/\/www.achimbrueckner.de\/dxradio\/php\/wordpress\/?cat=1"},"img":{"alt_text":"","src":"","width":0,"height":0},"classes":[]},{"id":4326,"url":"https:\/\/www.achimbrueckner.de\/dxradio\/php\/wordpress\/?p=4326","url_meta":{"origin":3939,"position":1},"title":"Geheimnisvolle Orte E38 Das Haus des Rundfunks Doku 2011","author":"Administrator","date":"March 31, 2015","format":false,"excerpt":"https:\/\/www.youtube.com\/watch?v=RwUqe_TUPcI&feature=youtu.be","rel":"","context":"In &quot;Deutsch&quot;","block_context":{"text":"Deutsch","link":"https:\/\/www.achimbrueckner.de\/dxradio\/php\/wordpress\/?cat=1"},"img":{"alt_text":"","src":"","width":0,"height":0},"classes":[]},{"id":3076,"url":"https:\/\/www.achimbrueckner.de\/dxradio\/php\/wordpress\/?p=3076","url_meta":{"origin":3939,"position":2},"title":"Abschied von Norddeich Radio","author":"Administrator","date":"April 11, 2014","format":false,"excerpt":"https:\/\/www.youtube.com\/watch?v=0Nw294TfeRY&feature=youtu.be&a https:\/\/www.youtube.com\/watch?v=zwJiELx1K2Y&feature=youtu.be&a","rel":"","context":"In &quot;Deutsch&quot;","block_context":{"text":"Deutsch","link":"https:\/\/www.achimbrueckner.de\/dxradio\/php\/wordpress\/?cat=1"},"img":{"alt_text":"","src":"","width":0,"height":0},"classes":[]},{"id":16719,"url":"https:\/\/www.achimbrueckner.de\/dxradio\/php\/wordpress\/?p=16719","url_meta":{"origin":3939,"position":3},"title":"Sprengung der Sendet\u00fcrme in Donebach","author":"Administrator","date":"March 2, 2018","format":false,"excerpt":"https:\/\/www.youtube.com\/watch?v=OROT8msWHKE&feature=youtu.be https:\/\/www.youtube.com\/watch?v=zpro-_Vei5U&feature=youtu.be","rel":"","context":"In &quot;Deutsch&quot;","block_context":{"text":"Deutsch","link":"https:\/\/www.achimbrueckner.de\/dxradio\/php\/wordpress\/?cat=1"},"img":{"alt_text":"","src":"","width":0,"height":0},"classes":[]},{"id":6003,"url":"https:\/\/www.achimbrueckner.de\/dxradio\/php\/wordpress\/?p=6003","url_meta":{"origin":3939,"position":4},"title":"SDR 3 Radio f\u00fcr den wilden S\u00fcden &#8211; Jingles","author":"Administrator","date":"September 20, 2015","format":false,"excerpt":"https:\/\/www.youtube.com\/watch?v=f1sZVUnxWxg&feature=iv&src_vid=05nP1-GkZXg&annotation_id=annotation_3976943799","rel":"","context":"In &quot;Deutsch&quot;","block_context":{"text":"Deutsch","link":"https:\/\/www.achimbrueckner.de\/dxradio\/php\/wordpress\/?cat=1"},"img":{"alt_text":"","src":"","width":0,"height":0},"classes":[]},{"id":3983,"url":"https:\/\/www.achimbrueckner.de\/dxradio\/php\/wordpress\/?p=3983","url_meta":{"origin":3939,"position":5},"title":"Abschaltung AM Sender 828kHz Hannover Hemmingen","author":"Administrator","date":"January 16, 2015","format":false,"excerpt":"https:\/\/www.youtube.com\/watch?v=Mhwc_clGGXU&feature=youtu.be https:\/\/www.youtube.com\/watch?v=C9-pxDU5wqA&feature=youtu.be","rel":"","context":"In &quot;Deutsch&quot;","block_context":{"text":"Deutsch","link":"https:\/\/www.achimbrueckner.de\/dxradio\/php\/wordpress\/?cat=1"},"img":{"alt_text":"","src":"","width":0,"height":0},"classes":[]}],"_links":{"self":[{"href":"https:\/\/www.achimbrueckner.de\/dxradio\/php\/wordpress\/index.php?rest_route=\/wp\/v2\/posts\/3939","targetHints":{"allow":["GET"]}}],"collection":[{"href":"https:\/\/www.achimbrueckner.de\/dxradio\/php\/wordpress\/index.php?rest_route=\/wp\/v2\/posts"}],"about":[{"href":"https:\/\/www.achimbrueckner.de\/dxradio\/php\/wordpress\/index.php?rest_route=\/wp\/v2\/types\/post"}],"author":[{"embeddable":true,"href":"https:\/\/www.achimbrueckner.de\/dxradio\/php\/wordpress\/index.php?rest_route=\/wp\/v2\/users\/1"}],"replies":[{"embeddable":true,"href":"https:\/\/www.achimbrueckner.de\/dxradio\/php\/wordpress\/index.php?rest_route=%2Fwp%2Fv2%2Fcomments&post=3939"}],"version-history":[{"count":0,"href":"https:\/\/www.achimbrueckner.de\/dxradio\/php\/wordpress\/index.php?rest_route=\/wp\/v2\/posts\/3939\/revisions"}],"wp:attachment":[{"href":"https:\/\/www.achimbrueckner.de\/dxradio\/php\/wordpress\/index.php?rest_route=%2Fwp%2Fv2%2Fmedia&parent=3939"}],"wp:term":[{"taxonomy":"category","embeddable":true,"href":"https:\/\/www.achimbrueckner.de\/dxradio\/php\/wordpress\/index.php?rest_route=%2Fwp%2Fv2%2Fcategories&post=3939"},{"taxonomy":"post_tag","embeddable":true,"href":"https:\/\/www.achimbrueckner.de\/dxradio\/php\/wordpress\/index.php?rest_route=%2Fwp%2Fv2%2Ftags&post=3939"}],"curies":[{"name":"wp","href":"https:\/\/api.w.org\/{rel}","templated":true}]}}