{"id":39435,"date":"2023-05-05T14:07:36","date_gmt":"2023-05-05T14:07:36","guid":{"rendered":"https:\/\/www.achimbrueckner.de\/dxradio\/php\/wordpress\/?p=39435"},"modified":"2023-05-05T14:07:36","modified_gmt":"2023-05-05T14:07:36","slug":"tunein-optimiert-suchfunktion-in-den-apps-und-im-web","status":"publish","type":"post","link":"https:\/\/www.achimbrueckner.de\/dxradio\/php\/wordpress\/?p=39435","title":{"rendered":"TuneIn optimiert Suchfunktion in den Apps und im Web"},"content":{"rendered":"<p><a href=\"https:\/\/www.radioblog.eu\/2023\/05\/04\/tunein-optimiert-suchfunktion-in-den-apps-und-im-web\/\" rel=\"noopener\" target=\"_blank\">https:\/\/www.radioblog.eu\/2023\/05\/04\/tunein-optimiert-suchfunktion-in-den-apps-und-im-web\/<\/a><\/p>\n","protected":false},"excerpt":{"rendered":"<p>https:\/\/www.radioblog.eu\/2023\/05\/04\/tunein-optimiert-suchfunktion-in-den-apps-und-im-web\/<\/p>\n","protected":false},"author":1,"featured_media":0,"comment_status":"closed","ping_status":"open","sticky":false,"template":"","format":"standard","meta":{"_jetpack_memberships_contains_paid_content":false,"footnotes":"","jetpack_publicize_message":"","jetpack_publicize_feature_enabled":true,"jetpack_social_post_already_shared":true,"jetpack_social_options":{"image_generator_settings":{"template":"highway","default_image_id":0,"font":"","enabled":false},"version":2}},"categories":[1],"tags":[],"class_list":["post-39435","post","type-post","status-publish","format-standard","hentry","category-deutsch"],"jetpack_publicize_connections":[],"jetpack_featured_media_url":"","jetpack_sharing_enabled":true,"jetpack_shortlink":"https:\/\/wp.me\/p5CDmr-ag3","jetpack-related-posts":[{"id":9060,"url":"https:\/\/www.achimbrueckner.de\/dxradio\/php\/wordpress\/?p=9060","url_meta":{"origin":39435,"position":0},"title":"MW-List &#8211; Suchfunktion","author":"Administrator","date":"August 6, 2016","format":false,"excerpt":"F\u00fcr alle Mittelwellenspezialisten gibt es jetzt eine sch\u00f6ne neue Suchfunktion bei der MW-List: Es lassen sich so f\u00fcr jede Frequenz die \"Offsets\" der einzelnen Stationen aus der umfangreichen und aktuellen MW-List anzeigen. Danke an G\u00fcnter Lorenz f\u00fcr die Umsetzung! Beispiel: http:\/\/www.mwlist.org\/mwoffset.php?khz=1190 Info via A-DX","rel":"","context":"In &quot;Deutsch&quot;","block_context":{"text":"Deutsch","link":"https:\/\/www.achimbrueckner.de\/dxradio\/php\/wordpress\/?cat=1"},"img":{"alt_text":"","src":"","width":0,"height":0},"classes":[]},{"id":42801,"url":"https:\/\/www.achimbrueckner.de\/dxradio\/php\/wordpress\/?p=42801","url_meta":{"origin":39435,"position":1},"title":"USA: iHeartRadio optimiert Apps f\u00fcr Apple CarPlay und Android Auto","author":"Administrator","date":"May 15, 2025","format":false,"excerpt":"https:\/\/www.radioblog.eu\/2025\/05\/15\/usa-iheartradio-optimiert-apps-fuer-apple-carplay-und-android-auto\/","rel":"","context":"In &quot;Deutsch&quot;","block_context":{"text":"Deutsch","link":"https:\/\/www.achimbrueckner.de\/dxradio\/php\/wordpress\/?cat=1"},"img":{"alt_text":"","src":"","width":0,"height":0},"classes":[]},{"id":2963,"url":"https:\/\/www.achimbrueckner.de\/dxradio\/php\/wordpress\/?p=2963","url_meta":{"origin":39435,"position":2},"title":"A-DX Archiv","author":"Administrator","date":"March 9, 2014","format":false,"excerpt":"Hallo A-DXer, in den letzten Tagen habe ich ein gro\u00dfes Projekt abgeschlossen: Das A-DX Archiv. Ab sofort stehen auf meiner Webseite alle (!) A-DX Mails - seit der ersten A-DX Mail im Mai 1999 - online zur Verf\u00fcgung. Das A-DX Archiv ist vollst\u00e4ndig durchsuchbar. Da im A-DX Archiv nun bereits\u2026","rel":"","context":"In &quot;Deutsch&quot;","block_context":{"text":"Deutsch","link":"https:\/\/www.achimbrueckner.de\/dxradio\/php\/wordpress\/?cat=1"},"img":{"alt_text":"","src":"","width":0,"height":0},"classes":[]},{"id":39820,"url":"https:\/\/www.achimbrueckner.de\/dxradio\/php\/wordpress\/?p=39820","url_meta":{"origin":39435,"position":3},"title":"Spessart Radio","author":"Administrator","date":"July 11, 2023","format":false,"excerpt":"Herzlich willkommen bei Spessart Radio, oder vielmehr auf der Baustelle, aus der Spessart Radio entstehen soll. Bis dahin ist es noch ein weiter Weg, doch der Anfang ist gemacht. Nachdem unser Testprogramm in den vergangenen Wochen noch von den Servern unseres Stream-Providers Laut fm ausgespielt wurde, kommt die Musik ab\u2026","rel":"","context":"In &quot;Deutsch&quot;","block_context":{"text":"Deutsch","link":"https:\/\/www.achimbrueckner.de\/dxradio\/php\/wordpress\/?cat=1"},"img":{"alt_text":"","src":"","width":0,"height":0},"classes":[]},{"id":39074,"url":"https:\/\/www.achimbrueckner.de\/dxradio\/php\/wordpress\/?p=39074","url_meta":{"origin":39435,"position":4},"title":"TuneIn Explorer jetzt auch in mobilen Apps","author":"Administrator","date":"March 18, 2023","format":false,"excerpt":"https:\/\/www.radioblog.eu\/2023\/03\/17\/tunein-explorer-jetzt-auch-in-mobilen-apps\/","rel":"","context":"In &quot;Deutsch&quot;","block_context":{"text":"Deutsch","link":"https:\/\/www.achimbrueckner.de\/dxradio\/php\/wordpress\/?cat=1"},"img":{"alt_text":"","src":"","width":0,"height":0},"classes":[]},{"id":36430,"url":"https:\/\/www.achimbrueckner.de\/dxradio\/php\/wordpress\/?p=36430","url_meta":{"origin":39435,"position":5},"title":"TuneIn: Bild TV im Radio und mit verl\u00e4ngertem Live-Programm","author":"Administrator","date":"May 30, 2022","format":false,"excerpt":"https:\/\/www.radioblog.eu\/2022\/05\/30\/tunein-bild-tv-im-radio-und-mit-verlaengertem-live-programm\/","rel":"","context":"In &quot;Deutsch&quot;","block_context":{"text":"Deutsch","link":"https:\/\/www.achimbrueckner.de\/dxradio\/php\/wordpress\/?cat=1"},"img":{"alt_text":"","src":"","width":0,"height":0},"classes":[]}],"_links":{"self":[{"href":"https:\/\/www.achimbrueckner.de\/dxradio\/php\/wordpress\/index.php?rest_route=\/wp\/v2\/posts\/39435","targetHints":{"allow":["GET"]}}],"collection":[{"href":"https:\/\/www.achimbrueckner.de\/dxradio\/php\/wordpress\/index.php?rest_route=\/wp\/v2\/posts"}],"about":[{"href":"https:\/\/www.achimbrueckner.de\/dxradio\/php\/wordpress\/index.php?rest_route=\/wp\/v2\/types\/post"}],"author":[{"embeddable":true,"href":"https:\/\/www.achimbrueckner.de\/dxradio\/php\/wordpress\/index.php?rest_route=\/wp\/v2\/users\/1"}],"replies":[{"embeddable":true,"href":"https:\/\/www.achimbrueckner.de\/dxradio\/php\/wordpress\/index.php?rest_route=%2Fwp%2Fv2%2Fcomments&post=39435"}],"version-history":[{"count":0,"href":"https:\/\/www.achimbrueckner.de\/dxradio\/php\/wordpress\/index.php?rest_route=\/wp\/v2\/posts\/39435\/revisions"}],"wp:attachment":[{"href":"https:\/\/www.achimbrueckner.de\/dxradio\/php\/wordpress\/index.php?rest_route=%2Fwp%2Fv2%2Fmedia&parent=39435"}],"wp:term":[{"taxonomy":"category","embeddable":true,"href":"https:\/\/www.achimbrueckner.de\/dxradio\/php\/wordpress\/index.php?rest_route=%2Fwp%2Fv2%2Fcategories&post=39435"},{"taxonomy":"post_tag","embeddable":true,"href":"https:\/\/www.achimbrueckner.de\/dxradio\/php\/wordpress\/index.php?rest_route=%2Fwp%2Fv2%2Ftags&post=39435"}],"curies":[{"name":"wp","href":"https:\/\/api.w.org\/{rel}","templated":true}]}}