{"id":39461,"date":"2023-05-09T15:58:27","date_gmt":"2023-05-09T15:58:27","guid":{"rendered":"https:\/\/www.achimbrueckner.de\/dxradio\/php\/wordpress\/?p=39461"},"modified":"2023-05-09T15:58:27","modified_gmt":"2023-05-09T15:58:27","slug":"antenne-thuringen-und-landeswelle-thuringen-starten-weitreichende-kooperation","status":"publish","type":"post","link":"https:\/\/www.achimbrueckner.de\/dxradio\/php\/wordpress\/?p=39461","title":{"rendered":"ANTENNE TH\u00dcRINGEN und LandesWelle Th\u00fcringen starten weitreichende Kooperation"},"content":{"rendered":"<p><a href=\"https:\/\/www.radioszene.de\/174806\/audio-media-plus-antenne-landeswelle-thueringen.html\" rel=\"noopener\" target=\"_blank\">https:\/\/www.radioszene.de\/174806\/audio-media-plus-antenne-landeswelle-thueringen.html<\/a><\/p>\n","protected":false},"excerpt":{"rendered":"<p>https:\/\/www.radioszene.de\/174806\/audio-media-plus-antenne-landeswelle-thueringen.html<\/p>\n","protected":false},"author":1,"featured_media":0,"comment_status":"closed","ping_status":"open","sticky":false,"template":"","format":"standard","meta":{"_jetpack_memberships_contains_paid_content":false,"footnotes":"","jetpack_publicize_message":"","jetpack_publicize_feature_enabled":true,"jetpack_social_post_already_shared":true,"jetpack_social_options":{"image_generator_settings":{"template":"highway","default_image_id":0,"font":"","enabled":false},"version":2}},"categories":[1],"tags":[],"class_list":["post-39461","post","type-post","status-publish","format-standard","hentry","category-deutsch"],"jetpack_publicize_connections":[],"jetpack_featured_media_url":"","jetpack_sharing_enabled":true,"jetpack_shortlink":"https:\/\/wp.me\/p5CDmr-agt","jetpack-related-posts":[{"id":40634,"url":"https:\/\/www.achimbrueckner.de\/dxradio\/php\/wordpress\/?p=40634","url_meta":{"origin":39461,"position":0},"title":"ANTENNE TH\u00dcRINGEN und LandesWelle Th\u00fcringen starten regionalisierte Programme \u00fcber DAB+","author":"Administrator","date":"December 14, 2023","format":false,"excerpt":"https:\/\/www.radioszene.de\/182233\/antenne-thueringen-und-landeswelle-thueringen-dab-regionalisierung.html","rel":"","context":"In &quot;Deutsch&quot;","block_context":{"text":"Deutsch","link":"https:\/\/www.achimbrueckner.de\/dxradio\/php\/wordpress\/?cat=1"},"img":{"alt_text":"","src":"","width":0,"height":0},"classes":[]},{"id":39498,"url":"https:\/\/www.achimbrueckner.de\/dxradio\/php\/wordpress\/?p=39498","url_meta":{"origin":39461,"position":1},"title":"Antenne und LandesWelle Th\u00fcringen ziehen zusammen","author":"Administrator","date":"May 16, 2023","format":false,"excerpt":"https:\/\/www.radioblog.eu\/2023\/05\/15\/antenne-und-landeswelle-thueringen-ziehen-zusammen\/","rel":"","context":"In &quot;Deutsch&quot;","block_context":{"text":"Deutsch","link":"https:\/\/www.achimbrueckner.de\/dxradio\/php\/wordpress\/?cat=1"},"img":{"alt_text":"","src":"","width":0,"height":0},"classes":[]},{"id":40372,"url":"https:\/\/www.achimbrueckner.de\/dxradio\/php\/wordpress\/?p=40372","url_meta":{"origin":39461,"position":2},"title":"DAB+ Th\u00fcringen: Antenne Th\u00fcringen und Landeswelle schalten Regionalversionen auf","author":"Administrator","date":"October 20, 2023","format":false,"excerpt":"https:\/\/www.satellifax.de\/mlesen.php?id=949eac67d22288385ecfdc54c767bf8b","rel":"","context":"In &quot;Deutsch&quot;","block_context":{"text":"Deutsch","link":"https:\/\/www.achimbrueckner.de\/dxradio\/php\/wordpress\/?cat=1"},"img":{"alt_text":"","src":"","width":0,"height":0},"classes":[]},{"id":42340,"url":"https:\/\/www.achimbrueckner.de\/dxradio\/php\/wordpress\/?p=42340","url_meta":{"origin":39461,"position":3},"title":"LandesWelle Th\u00fcringen wird 30 Jahre","author":"Administrator","date":"March 11, 2025","format":false,"excerpt":"https:\/\/www.radioszene.de\/200840\/30-jahre-landeswelle-thueringen.html","rel":"","context":"In &quot;Deutsch&quot;","block_context":{"text":"Deutsch","link":"https:\/\/www.achimbrueckner.de\/dxradio\/php\/wordpress\/?cat=1"},"img":{"alt_text":"","src":"","width":0,"height":0},"classes":[]},{"id":37065,"url":"https:\/\/www.achimbrueckner.de\/dxradio\/php\/wordpress\/?p=37065","url_meta":{"origin":39461,"position":4},"title":"LandesWelle Th\u00fcringen schlie\u00dft Vormittagsl\u00fccke","author":"Administrator","date":"July 24, 2022","format":false,"excerpt":"https:\/\/www.radioblog.eu\/2022\/07\/24\/landeswelle-thueringen-schliesst-vormittagsluecke\/","rel":"","context":"In &quot;Deutsch&quot;","block_context":{"text":"Deutsch","link":"https:\/\/www.achimbrueckner.de\/dxradio\/php\/wordpress\/?cat=1"},"img":{"alt_text":"","src":"","width":0,"height":0},"classes":[]},{"id":40015,"url":"https:\/\/www.achimbrueckner.de\/dxradio\/php\/wordpress\/?p=40015","url_meta":{"origin":39461,"position":5},"title":"Wechsel in der Gesch\u00e4ftsf\u00fchrung bei LandesWelle Th\u00fcringen","author":"Administrator","date":"August 14, 2023","format":false,"excerpt":"https:\/\/www.radiowoche.de\/wechsel-in-der-geschaeftsfuehrung-bei-landeswelle-thueringen\/","rel":"","context":"In &quot;Deutsch&quot;","block_context":{"text":"Deutsch","link":"https:\/\/www.achimbrueckner.de\/dxradio\/php\/wordpress\/?cat=1"},"img":{"alt_text":"","src":"","width":0,"height":0},"classes":[]}],"_links":{"self":[{"href":"https:\/\/www.achimbrueckner.de\/dxradio\/php\/wordpress\/index.php?rest_route=\/wp\/v2\/posts\/39461","targetHints":{"allow":["GET"]}}],"collection":[{"href":"https:\/\/www.achimbrueckner.de\/dxradio\/php\/wordpress\/index.php?rest_route=\/wp\/v2\/posts"}],"about":[{"href":"https:\/\/www.achimbrueckner.de\/dxradio\/php\/wordpress\/index.php?rest_route=\/wp\/v2\/types\/post"}],"author":[{"embeddable":true,"href":"https:\/\/www.achimbrueckner.de\/dxradio\/php\/wordpress\/index.php?rest_route=\/wp\/v2\/users\/1"}],"replies":[{"embeddable":true,"href":"https:\/\/www.achimbrueckner.de\/dxradio\/php\/wordpress\/index.php?rest_route=%2Fwp%2Fv2%2Fcomments&post=39461"}],"version-history":[{"count":0,"href":"https:\/\/www.achimbrueckner.de\/dxradio\/php\/wordpress\/index.php?rest_route=\/wp\/v2\/posts\/39461\/revisions"}],"wp:attachment":[{"href":"https:\/\/www.achimbrueckner.de\/dxradio\/php\/wordpress\/index.php?rest_route=%2Fwp%2Fv2%2Fmedia&parent=39461"}],"wp:term":[{"taxonomy":"category","embeddable":true,"href":"https:\/\/www.achimbrueckner.de\/dxradio\/php\/wordpress\/index.php?rest_route=%2Fwp%2Fv2%2Fcategories&post=39461"},{"taxonomy":"post_tag","embeddable":true,"href":"https:\/\/www.achimbrueckner.de\/dxradio\/php\/wordpress\/index.php?rest_route=%2Fwp%2Fv2%2Ftags&post=39461"}],"curies":[{"name":"wp","href":"https:\/\/api.w.org\/{rel}","templated":true}]}}