{"id":39464,"date":"2023-05-10T16:27:33","date_gmt":"2023-05-10T16:27:33","guid":{"rendered":"https:\/\/www.achimbrueckner.de\/dxradio\/php\/wordpress\/?p=39464"},"modified":"2023-05-10T16:27:33","modified_gmt":"2023-05-10T16:27:33","slug":"tradie-radio-triple-m-dreht-weiter-am-formate-karussell","status":"publish","type":"post","link":"https:\/\/www.achimbrueckner.de\/dxradio\/php\/wordpress\/?p=39464","title":{"rendered":"Tradie Radio: Triple M dreht weiter am Formate-Karussell"},"content":{"rendered":"<p><a href=\"https:\/\/www.radioblog.eu\/2023\/05\/09\/tradie-radio-triple-m-dreht-weiter-am-formate-karussell\/\" rel=\"noopener\" target=\"_blank\">https:\/\/www.radioblog.eu\/2023\/05\/09\/tradie-radio-triple-m-dreht-weiter-am-formate-karussell\/<\/a><\/p>\n","protected":false},"excerpt":{"rendered":"<p>https:\/\/www.radioblog.eu\/2023\/05\/09\/tradie-radio-triple-m-dreht-weiter-am-formate-karussell\/<\/p>\n","protected":false},"author":1,"featured_media":0,"comment_status":"closed","ping_status":"open","sticky":false,"template":"","format":"standard","meta":{"_jetpack_memberships_contains_paid_content":false,"footnotes":"","jetpack_publicize_message":"","jetpack_publicize_feature_enabled":true,"jetpack_social_post_already_shared":true,"jetpack_social_options":{"image_generator_settings":{"template":"highway","default_image_id":0,"font":"","enabled":false},"version":2}},"categories":[1],"tags":[],"class_list":["post-39464","post","type-post","status-publish","format-standard","hentry","category-deutsch"],"jetpack_publicize_connections":[],"jetpack_featured_media_url":"","jetpack_sharing_enabled":true,"jetpack_shortlink":"https:\/\/wp.me\/p5CDmr-agw","jetpack-related-posts":[{"id":2052,"url":"https:\/\/www.achimbrueckner.de\/dxradio\/php\/wordpress\/?p=2052","url_meta":{"origin":39464,"position":0},"title":"Ungarn dreht letztes Oppositions-Radio ab","author":"Administrator","date":"December 21, 2011","format":false,"excerpt":"Ungarn dreht letztes Oppositions-Radio ab http:\/\/www.fr-online.de\/politik\/zensur-ungarn-dreht-letztes-oppositions-radio-ab,1472596,11338760.html Info via Twitter","rel":"","context":"In &quot;Deutsch&quot;","block_context":{"text":"Deutsch","link":"https:\/\/www.achimbrueckner.de\/dxradio\/php\/wordpress\/?cat=1"},"img":{"alt_text":"","src":"","width":0,"height":0},"classes":[]},{"id":3552,"url":"https:\/\/www.achimbrueckner.de\/dxradio\/php\/wordpress\/?p=3552","url_meta":{"origin":39464,"position":1},"title":"ALTERDINGS F\u00c4HRT AUF EINEM RIESEN-KARUSSELL MIT: ORF-Kurzwellensender Moosbrunn","author":"Administrator","date":"September 20, 2014","format":false,"excerpt":"http:\/\/neuerdings.com\/2014\/09\/19\/alterdings-fahrt-auf-einem-riesen-karusell-mit-orf-kurzwellensender-moosbrunn\/","rel":"","context":"In &quot;Deutsch&quot;","block_context":{"text":"Deutsch","link":"https:\/\/www.achimbrueckner.de\/dxradio\/php\/wordpress\/?cat=1"},"img":{"alt_text":"","src":"","width":0,"height":0},"classes":[]},{"id":25728,"url":"https:\/\/www.achimbrueckner.de\/dxradio\/php\/wordpress\/?p=25728","url_meta":{"origin":39464,"position":2},"title":"Das gr\u00f6\u00dfte Radio der Welt: Radio Gaga dreht in der Konzertaula m\u00e4chtig auf","author":"Administrator","date":"November 10, 2019","format":false,"excerpt":"https:\/\/www.hellwegeranzeiger.de\/kamen\/das-groesste-radio-der-welt-radio-gaga-dreht-in-der-konzertaula-maechtig-auf-plus-1469296.html","rel":"","context":"In &quot;Deutsch&quot;","block_context":{"text":"Deutsch","link":"https:\/\/www.achimbrueckner.de\/dxradio\/php\/wordpress\/?cat=1"},"img":{"alt_text":"","src":"","width":0,"height":0},"classes":[]},{"id":25568,"url":"https:\/\/www.achimbrueckner.de\/dxradio\/php\/wordpress\/?p=25568","url_meta":{"origin":39464,"position":3},"title":"Freudenstadt Freies Radio dreht Mobbing-Vorw\u00fcrfe um","author":"Administrator","date":"October 31, 2019","format":false,"excerpt":"https:\/\/www.schwarzwaelder-bote.de\/inhalt.freudenstadt-freies-radio-dreht-mobbing-vorwuerfe-um.b919eed0-dc54-4bcc-b418-285ebdbeb9e3.html","rel":"","context":"In &quot;Deutsch&quot;","block_context":{"text":"Deutsch","link":"https:\/\/www.achimbrueckner.de\/dxradio\/php\/wordpress\/?cat=1"},"img":{"alt_text":"","src":"","width":0,"height":0},"classes":[]},{"id":16615,"url":"https:\/\/www.achimbrueckner.de\/dxradio\/php\/wordpress\/?p=16615","url_meta":{"origin":39464,"position":4},"title":"Ungew\u00f6hnliche Formate im Radio","author":"Administrator","date":"February 23, 2018","format":false,"excerpt":"http:\/\/www.quotenmeter.de\/n\/99179\/ungewoehnliche-formate-im-radio","rel":"","context":"In &quot;Deutsch&quot;","block_context":{"text":"Deutsch","link":"https:\/\/www.achimbrueckner.de\/dxradio\/php\/wordpress\/?cat=1"},"img":{"alt_text":"","src":"","width":0,"height":0},"classes":[]},{"id":16312,"url":"https:\/\/www.achimbrueckner.de\/dxradio\/php\/wordpress\/?p=16312","url_meta":{"origin":39464,"position":5},"title":"\u201eDas Radio hat sein Monopol verloren\u201c: Wie Sprachsteuerung und Audio-Formate den Medienmarkt revolutionieren","author":"Administrator","date":"January 29, 2018","format":false,"excerpt":"http:\/\/meedia.de\/2018\/01\/29\/das-radio-hat-sein-monopol-verloren-wie-sprachsteuerung-und-audio-formate-den-medienmarkt-revolutionieren\/","rel":"","context":"In &quot;audio&quot;","block_context":{"text":"audio","link":"https:\/\/www.achimbrueckner.de\/dxradio\/php\/wordpress\/?cat=47"},"img":{"alt_text":"","src":"","width":0,"height":0},"classes":[]}],"_links":{"self":[{"href":"https:\/\/www.achimbrueckner.de\/dxradio\/php\/wordpress\/index.php?rest_route=\/wp\/v2\/posts\/39464","targetHints":{"allow":["GET"]}}],"collection":[{"href":"https:\/\/www.achimbrueckner.de\/dxradio\/php\/wordpress\/index.php?rest_route=\/wp\/v2\/posts"}],"about":[{"href":"https:\/\/www.achimbrueckner.de\/dxradio\/php\/wordpress\/index.php?rest_route=\/wp\/v2\/types\/post"}],"author":[{"embeddable":true,"href":"https:\/\/www.achimbrueckner.de\/dxradio\/php\/wordpress\/index.php?rest_route=\/wp\/v2\/users\/1"}],"replies":[{"embeddable":true,"href":"https:\/\/www.achimbrueckner.de\/dxradio\/php\/wordpress\/index.php?rest_route=%2Fwp%2Fv2%2Fcomments&post=39464"}],"version-history":[{"count":0,"href":"https:\/\/www.achimbrueckner.de\/dxradio\/php\/wordpress\/index.php?rest_route=\/wp\/v2\/posts\/39464\/revisions"}],"wp:attachment":[{"href":"https:\/\/www.achimbrueckner.de\/dxradio\/php\/wordpress\/index.php?rest_route=%2Fwp%2Fv2%2Fmedia&parent=39464"}],"wp:term":[{"taxonomy":"category","embeddable":true,"href":"https:\/\/www.achimbrueckner.de\/dxradio\/php\/wordpress\/index.php?rest_route=%2Fwp%2Fv2%2Fcategories&post=39464"},{"taxonomy":"post_tag","embeddable":true,"href":"https:\/\/www.achimbrueckner.de\/dxradio\/php\/wordpress\/index.php?rest_route=%2Fwp%2Fv2%2Ftags&post=39464"}],"curies":[{"name":"wp","href":"https:\/\/api.w.org\/{rel}","templated":true}]}}