{"id":39477,"date":"2023-05-11T16:18:59","date_gmt":"2023-05-11T16:18:59","guid":{"rendered":"https:\/\/www.achimbrueckner.de\/dxradio\/php\/wordpress\/?p=39477"},"modified":"2023-05-11T16:18:59","modified_gmt":"2023-05-11T16:18:59","slug":"die-eifeler-radiotage-sind-zuruck-das-grose-unterhaltungswochenende","status":"publish","type":"post","link":"https:\/\/www.achimbrueckner.de\/dxradio\/php\/wordpress\/?p=39477","title":{"rendered":"Die Eifeler Radiotage sind zur\u00fcck: \u201eDas gro\u00dfe Unterhaltungswochenende\u201c"},"content":{"rendered":"<p><a href=\"https:\/\/www.radioszene.de\/174784\/eifeler-radiotage-2023.html\" rel=\"noopener\" target=\"_blank\">https:\/\/www.radioszene.de\/174784\/eifeler-radiotage-2023.html<\/a><\/p>\n","protected":false},"excerpt":{"rendered":"<p>https:\/\/www.radioszene.de\/174784\/eifeler-radiotage-2023.html<\/p>\n","protected":false},"author":1,"featured_media":0,"comment_status":"closed","ping_status":"open","sticky":false,"template":"","format":"standard","meta":{"_jetpack_memberships_contains_paid_content":false,"footnotes":"","jetpack_publicize_message":"","jetpack_publicize_feature_enabled":true,"jetpack_social_post_already_shared":true,"jetpack_social_options":{"image_generator_settings":{"template":"highway","default_image_id":0,"font":"","enabled":false},"version":2}},"categories":[1],"tags":[],"class_list":["post-39477","post","type-post","status-publish","format-standard","hentry","category-deutsch"],"jetpack_publicize_connections":[],"jetpack_featured_media_url":"","jetpack_sharing_enabled":true,"jetpack_shortlink":"https:\/\/wp.me\/p5CDmr-agJ","jetpack-related-posts":[{"id":39447,"url":"https:\/\/www.achimbrueckner.de\/dxradio\/php\/wordpress\/?p=39447","url_meta":{"origin":39477,"position":0},"title":"Die Eifeler Radiotage sind zur\u00fcck","author":"Administrator","date":"May 8, 2023","format":false,"excerpt":"https:\/\/www.radioblog.eu\/2023\/05\/07\/die-eifeler-radiotage-sind-zurueck\/","rel":"","context":"In &quot;Deutsch&quot;","block_context":{"text":"Deutsch","link":"https:\/\/www.achimbrueckner.de\/dxradio\/php\/wordpress\/?cat=1"},"img":{"alt_text":"","src":"","width":0,"height":0},"classes":[]},{"id":41905,"url":"https:\/\/www.achimbrueckner.de\/dxradio\/php\/wordpress\/?p=41905","url_meta":{"origin":39477,"position":1},"title":"Eifeler Radiotage 2024: Drei Tage Nostalgie und Kultur im Radio","author":"Administrator","date":"November 3, 2024","format":false,"excerpt":"https:\/\/www.radioszene.de\/192380\/eifeler-radiotage-2024.html","rel":"","context":"In &quot;Deutsch&quot;","block_context":{"text":"Deutsch","link":"https:\/\/www.achimbrueckner.de\/dxradio\/php\/wordpress\/?cat=1"},"img":{"alt_text":"","src":"","width":0,"height":0},"classes":[]},{"id":44026,"url":"https:\/\/www.achimbrueckner.de\/dxradio\/php\/wordpress\/?p=44026","url_meta":{"origin":39477,"position":2},"title":"Eifeler Radiotage 2025: Drei Tage mit dem Radio auf Reisen","author":"Administrator","date":"October 16, 2025","format":false,"excerpt":"https:\/\/www.radioszene.de\/207018\/eifeler-radiotage-2025.html","rel":"","context":"In &quot;Deutsch&quot;","block_context":{"text":"Deutsch","link":"https:\/\/www.achimbrueckner.de\/dxradio\/php\/wordpress\/?cat=1"},"img":{"alt_text":"","src":"","width":0,"height":0},"classes":[]},{"id":24066,"url":"https:\/\/www.achimbrueckner.de\/dxradio\/php\/wordpress\/?p=24066","url_meta":{"origin":39477,"position":3},"title":"Eifeler Radiotage 9\/10 November 2019","author":"Administrator","date":"August 2, 2019","format":false,"excerpt":"\u201eDas tritt nach meiner Kenntnis \u2026 ist das sofort, unverz\u00fcglich.\u201c sagte G\u00fcnter Schabowski am 09. November 1989. Zum 30sten Jubil\u00e4um des Mauerfalls, am 09. und 10. November 2019 kommen die Eifeler Radiotage zur\u00fcck - mit Radiogeschichten aus Ost und West. Save the date! Info via Facebook","rel":"","context":"In &quot;Deutsch&quot;","block_context":{"text":"Deutsch","link":"https:\/\/www.achimbrueckner.de\/dxradio\/php\/wordpress\/?cat=1"},"img":{"alt_text":"","src":"","width":0,"height":0},"classes":[]},{"id":41895,"url":"https:\/\/www.achimbrueckner.de\/dxradio\/php\/wordpress\/?p=41895","url_meta":{"origin":39477,"position":4},"title":"Eifeler Radiotage kommen zur\u00fcck","author":"Administrator","date":"November 1, 2024","format":false,"excerpt":"https:\/\/www.radioblog.eu\/2024\/10\/31\/eifeler-radiotage-kommen-zurueck\/","rel":"","context":"In &quot;Deutsch&quot;","block_context":{"text":"Deutsch","link":"https:\/\/www.achimbrueckner.de\/dxradio\/php\/wordpress\/?cat=1"},"img":{"alt_text":"","src":"","width":0,"height":0},"classes":[]},{"id":40395,"url":"https:\/\/www.achimbrueckner.de\/dxradio\/php\/wordpress\/?p=40395","url_meta":{"origin":39477,"position":5},"title":"Eifeler Radiotage: 100 Jahre Unterhaltungsrundfunk in Deutschland","author":"Administrator","date":"October 23, 2023","format":false,"excerpt":"https:\/\/www.radioszene.de\/180761\/eifeler-radiotage-100-jahre-radio.html","rel":"","context":"In &quot;Deutsch&quot;","block_context":{"text":"Deutsch","link":"https:\/\/www.achimbrueckner.de\/dxradio\/php\/wordpress\/?cat=1"},"img":{"alt_text":"","src":"","width":0,"height":0},"classes":[]}],"_links":{"self":[{"href":"https:\/\/www.achimbrueckner.de\/dxradio\/php\/wordpress\/index.php?rest_route=\/wp\/v2\/posts\/39477","targetHints":{"allow":["GET"]}}],"collection":[{"href":"https:\/\/www.achimbrueckner.de\/dxradio\/php\/wordpress\/index.php?rest_route=\/wp\/v2\/posts"}],"about":[{"href":"https:\/\/www.achimbrueckner.de\/dxradio\/php\/wordpress\/index.php?rest_route=\/wp\/v2\/types\/post"}],"author":[{"embeddable":true,"href":"https:\/\/www.achimbrueckner.de\/dxradio\/php\/wordpress\/index.php?rest_route=\/wp\/v2\/users\/1"}],"replies":[{"embeddable":true,"href":"https:\/\/www.achimbrueckner.de\/dxradio\/php\/wordpress\/index.php?rest_route=%2Fwp%2Fv2%2Fcomments&post=39477"}],"version-history":[{"count":0,"href":"https:\/\/www.achimbrueckner.de\/dxradio\/php\/wordpress\/index.php?rest_route=\/wp\/v2\/posts\/39477\/revisions"}],"wp:attachment":[{"href":"https:\/\/www.achimbrueckner.de\/dxradio\/php\/wordpress\/index.php?rest_route=%2Fwp%2Fv2%2Fmedia&parent=39477"}],"wp:term":[{"taxonomy":"category","embeddable":true,"href":"https:\/\/www.achimbrueckner.de\/dxradio\/php\/wordpress\/index.php?rest_route=%2Fwp%2Fv2%2Fcategories&post=39477"},{"taxonomy":"post_tag","embeddable":true,"href":"https:\/\/www.achimbrueckner.de\/dxradio\/php\/wordpress\/index.php?rest_route=%2Fwp%2Fv2%2Ftags&post=39477"}],"curies":[{"name":"wp","href":"https:\/\/api.w.org\/{rel}","templated":true}]}}