{"id":39495,"date":"2023-05-15T16:10:13","date_gmt":"2023-05-15T16:10:13","guid":{"rendered":"https:\/\/www.achimbrueckner.de\/dxradio\/php\/wordpress\/?p=39495"},"modified":"2023-05-15T16:10:13","modified_gmt":"2023-05-15T16:10:13","slug":"radio-was-the-abcs-crown-jewel-but-new-data-shows-how-it-has-fallen","status":"publish","type":"post","link":"https:\/\/www.achimbrueckner.de\/dxradio\/php\/wordpress\/?p=39495","title":{"rendered":"Radio was the ABC\u2019s crown jewel, but new data shows how it has fallen"},"content":{"rendered":"<p><a href=\"https:\/\/www.smh.com.au\/national\/radio-was-the-abc-s-crown-jewel-but-new-data-shows-how-it-has-fallen-20230514-p5d886.html\" rel=\"noopener\" target=\"_blank\">https:\/\/www.smh.com.au\/national\/radio-was-the-abc-s-crown-jewel-but-new-data-shows-how-it-has-fallen-20230514-p5d886.html<\/a><\/p>\n","protected":false},"excerpt":{"rendered":"<p>https:\/\/www.smh.com.au\/national\/radio-was-the-abc-s-crown-jewel-but-new-data-shows-how-it-has-fallen-20230514-p5d886.html<\/p>\n","protected":false},"author":1,"featured_media":0,"comment_status":"closed","ping_status":"open","sticky":false,"template":"","format":"standard","meta":{"_jetpack_memberships_contains_paid_content":false,"footnotes":"","jetpack_publicize_message":"","jetpack_publicize_feature_enabled":true,"jetpack_social_post_already_shared":true,"jetpack_social_options":{"image_generator_settings":{"template":"highway","default_image_id":0,"font":"","enabled":false},"version":2}},"categories":[2],"tags":[],"class_list":["post-39495","post","type-post","status-publish","format-standard","hentry","category-english"],"jetpack_publicize_connections":[],"jetpack_featured_media_url":"","jetpack_sharing_enabled":true,"jetpack_shortlink":"https:\/\/wp.me\/p5CDmr-ah1","jetpack-related-posts":[{"id":36441,"url":"https:\/\/www.achimbrueckner.de\/dxradio\/php\/wordpress\/?p=36441","url_meta":{"origin":39495,"position":0},"title":"K-Jewel 105.5 wechselt auf 99,3 MHz","author":"Administrator","date":"May 31, 2022","format":false,"excerpt":"https:\/\/www.radioblog.eu\/2022\/05\/31\/k-jewel-105-5-wechselt-auf-993-mhz\/","rel":"","context":"In &quot;Deutsch&quot;","block_context":{"text":"Deutsch","link":"https:\/\/www.achimbrueckner.de\/dxradio\/php\/wordpress\/?cat=1"},"img":{"alt_text":"","src":"","width":0,"height":0},"classes":[]},{"id":12525,"url":"https:\/\/www.achimbrueckner.de\/dxradio\/php\/wordpress\/?p=12525","url_meta":{"origin":39495,"position":1},"title":"Trump-Fans fallen auf erfundenen Radiosender rein","author":"Administrator","date":"March 15, 2017","format":false,"excerpt":"http:\/\/ze.tt\/trump-fans-fallen-auf-erfundenen-radio-sender-rein\/","rel":"","context":"In &quot;Deutsch&quot;","block_context":{"text":"Deutsch","link":"https:\/\/www.achimbrueckner.de\/dxradio\/php\/wordpress\/?cat=1"},"img":{"alt_text":"","src":"","width":0,"height":0},"classes":[]},{"id":7835,"url":"https:\/\/www.achimbrueckner.de\/dxradio\/php\/wordpress\/?p=7835","url_meta":{"origin":39495,"position":2},"title":"Radio k\u00f6nnte schnellerem Kabel-Internet zum Opfer fallen","author":"Administrator","date":"March 16, 2016","format":false,"excerpt":"http:\/\/www.teltarif.de\/kabel-netz-radio-ukw-frequenzen-docsis-zukunft\/news\/63231.html","rel":"","context":"In &quot;Deutsch&quot;","block_context":{"text":"Deutsch","link":"https:\/\/www.achimbrueckner.de\/dxradio\/php\/wordpress\/?cat=1"},"img":{"alt_text":"","src":"","width":0,"height":0},"classes":[]},{"id":43269,"url":"https:\/\/www.achimbrueckner.de\/dxradio\/php\/wordpress\/?p=43269","url_meta":{"origin":39495,"position":3},"title":"ARD-H\u00f6rfunk: Diese Programme fallen weg, diese bleiben","author":"Administrator","date":"July 10, 2025","format":false,"excerpt":"https:\/\/www.teltarif.de\/ard-radio-ukw-dab-reform\/news\/99028.html","rel":"","context":"In &quot;Deutsch&quot;","block_context":{"text":"Deutsch","link":"https:\/\/www.achimbrueckner.de\/dxradio\/php\/wordpress\/?cat=1"},"img":{"alt_text":"","src":"","width":0,"height":0},"classes":[]},{"id":5478,"url":"https:\/\/www.achimbrueckner.de\/dxradio\/php\/wordpress\/?p=5478","url_meta":{"origin":39495,"position":4},"title":"Capital regains London radio crown","author":"Administrator","date":"August 7, 2015","format":false,"excerpt":"http:\/\/www.theguardian.com\/media\/2015\/aug\/06\/capital-london-global-radio-magic","rel":"","context":"In &quot;English&quot;","block_context":{"text":"English","link":"https:\/\/www.achimbrueckner.de\/dxradio\/php\/wordpress\/?cat=2"},"img":{"alt_text":"","src":"","width":0,"height":0},"classes":[]},{"id":547,"url":"https:\/\/www.achimbrueckner.de\/dxradio\/php\/wordpress\/?p=547","url_meta":{"origin":39495,"position":5},"title":"Radio Slovakia Sonder-QSL-Karte","author":"Administrator","date":"September 25, 2009","format":false,"excerpt":"Liebe Hobbyfreunde! Das Austrian DX Board (ADXB) f\u00fchrt in Zusammenarbeit mit Radio Slovakia International eine Aktion im Zeitraum im Zeitraum von November-2009 bis inklusive J\u00e4nner 2010 durch, bei der es eine Sonder-QSL Karte als Belohnung f\u00fcr korrekte Empfangsberichte geben wird. Anlass ist das 40 J\u00e4hrige Bestehen des ADXB, des einzigen\u2026","rel":"","context":"In &quot;contests&quot;","block_context":{"text":"contests","link":"https:\/\/www.achimbrueckner.de\/dxradio\/php\/wordpress\/?cat=6"},"img":{"alt_text":"","src":"","width":0,"height":0},"classes":[]}],"_links":{"self":[{"href":"https:\/\/www.achimbrueckner.de\/dxradio\/php\/wordpress\/index.php?rest_route=\/wp\/v2\/posts\/39495","targetHints":{"allow":["GET"]}}],"collection":[{"href":"https:\/\/www.achimbrueckner.de\/dxradio\/php\/wordpress\/index.php?rest_route=\/wp\/v2\/posts"}],"about":[{"href":"https:\/\/www.achimbrueckner.de\/dxradio\/php\/wordpress\/index.php?rest_route=\/wp\/v2\/types\/post"}],"author":[{"embeddable":true,"href":"https:\/\/www.achimbrueckner.de\/dxradio\/php\/wordpress\/index.php?rest_route=\/wp\/v2\/users\/1"}],"replies":[{"embeddable":true,"href":"https:\/\/www.achimbrueckner.de\/dxradio\/php\/wordpress\/index.php?rest_route=%2Fwp%2Fv2%2Fcomments&post=39495"}],"version-history":[{"count":0,"href":"https:\/\/www.achimbrueckner.de\/dxradio\/php\/wordpress\/index.php?rest_route=\/wp\/v2\/posts\/39495\/revisions"}],"wp:attachment":[{"href":"https:\/\/www.achimbrueckner.de\/dxradio\/php\/wordpress\/index.php?rest_route=%2Fwp%2Fv2%2Fmedia&parent=39495"}],"wp:term":[{"taxonomy":"category","embeddable":true,"href":"https:\/\/www.achimbrueckner.de\/dxradio\/php\/wordpress\/index.php?rest_route=%2Fwp%2Fv2%2Fcategories&post=39495"},{"taxonomy":"post_tag","embeddable":true,"href":"https:\/\/www.achimbrueckner.de\/dxradio\/php\/wordpress\/index.php?rest_route=%2Fwp%2Fv2%2Ftags&post=39495"}],"curies":[{"name":"wp","href":"https:\/\/api.w.org\/{rel}","templated":true}]}}