{"id":39547,"date":"2023-05-25T16:44:00","date_gmt":"2023-05-25T16:44:00","guid":{"rendered":"https:\/\/www.achimbrueckner.de\/dxradio\/php\/wordpress\/?p=39547"},"modified":"2023-05-25T16:44:00","modified_gmt":"2023-05-25T16:44:00","slug":"bericht-flamischer-dab-multiplex-soll-neu-organisiert-werden","status":"publish","type":"post","link":"https:\/\/www.achimbrueckner.de\/dxradio\/php\/wordpress\/?p=39547","title":{"rendered":"Bericht: Fl\u00e4mischer DAB+-Multiplex soll neu organisiert werden"},"content":{"rendered":"<p><a href=\"https:\/\/www.radioblog.eu\/2023\/05\/25\/bericht-flaemischer-dab-multiplex-soll-neu-organisiert-werden\/\" rel=\"noopener\" target=\"_blank\">https:\/\/www.radioblog.eu\/2023\/05\/25\/bericht-flaemischer-dab-multiplex-soll-neu-organisiert-werden\/<\/a><\/p>\n","protected":false},"excerpt":{"rendered":"<p>https:\/\/www.radioblog.eu\/2023\/05\/25\/bericht-flaemischer-dab-multiplex-soll-neu-organisiert-werden\/<\/p>\n","protected":false},"author":1,"featured_media":0,"comment_status":"closed","ping_status":"open","sticky":false,"template":"","format":"standard","meta":{"_jetpack_memberships_contains_paid_content":false,"footnotes":"","jetpack_publicize_message":"","jetpack_publicize_feature_enabled":true,"jetpack_social_post_already_shared":true,"jetpack_social_options":{"image_generator_settings":{"template":"highway","default_image_id":0,"font":"","enabled":false},"version":2}},"categories":[1],"tags":[],"class_list":["post-39547","post","type-post","status-publish","format-standard","hentry","category-deutsch"],"jetpack_publicize_connections":[],"jetpack_featured_media_url":"","jetpack_sharing_enabled":true,"jetpack_shortlink":"https:\/\/wp.me\/p5CDmr-ahR","jetpack-related-posts":[{"id":20396,"url":"https:\/\/www.achimbrueckner.de\/dxradio\/php\/wordpress\/?p=20396","url_meta":{"origin":39547,"position":0},"title":"Streit um DAB+ Multiplex: Zweiter DAB+ Bundesmux soll neu ausgeschrieben werden","author":"Administrator","date":"December 14, 2018","format":false,"excerpt":"https:\/\/www.infosat.de\/radio\/streit-um-dab-multiplex-zweiter-dab-bundesmux-soll-neu-ausgeschrieben-werden","rel":"","context":"In &quot;Deutsch&quot;","block_context":{"text":"Deutsch","link":"https:\/\/www.achimbrueckner.de\/dxradio\/php\/wordpress\/?cat=1"},"img":{"alt_text":"","src":"","width":0,"height":0},"classes":[]},{"id":42228,"url":"https:\/\/www.achimbrueckner.de\/dxradio\/php\/wordpress\/?p=42228","url_meta":{"origin":39547,"position":1},"title":"Public Radios in Saint Louis, Kansas City und Liberty werden neu organisiert","author":"Administrator","date":"February 18, 2025","format":false,"excerpt":"https:\/\/www.radioblog.eu\/2025\/02\/17\/public-radios-in-saint-louis-kansas-city-und-liberty-werden-neu-organisiert\/","rel":"","context":"In &quot;Deutsch&quot;","block_context":{"text":"Deutsch","link":"https:\/\/www.achimbrueckner.de\/dxradio\/php\/wordpress\/?cat=1"},"img":{"alt_text":"","src":"","width":0,"height":0},"classes":[]},{"id":1915,"url":"https:\/\/www.achimbrueckner.de\/dxradio\/php\/wordpress\/?p=1915","url_meta":{"origin":39547,"position":2},"title":"Zweiter bundesweiter DABplus-Multiplex soll zur IFA 2012 starten","author":"Administrator","date":"November 12, 2011","format":false,"excerpt":"Zweiter bundesweiter DABplus-Multiplex soll zur IFA 2012 starten http:\/\/www.teltarif.de\/dab-dabplus-radio-multimedia\/news\/44580.html","rel":"","context":"In &quot;Deutsch&quot;","block_context":{"text":"Deutsch","link":"https:\/\/www.achimbrueckner.de\/dxradio\/php\/wordpress\/?cat=1"},"img":{"alt_text":"","src":"","width":0,"height":0},"classes":[]},{"id":44147,"url":"https:\/\/www.achimbrueckner.de\/dxradio\/php\/wordpress\/?p=44147","url_meta":{"origin":39547,"position":3},"title":"Bericht: Brandenburg soll regionale DAB+ Multiplexe bekommen","author":"Administrator","date":"October 29, 2025","format":false,"excerpt":"https:\/\/www.radioblog.eu\/2025\/10\/29\/bericht-brandenburg-soll-regionale-dab-multiplexe-bekommen\/","rel":"","context":"In &quot;Deutsch&quot;","block_context":{"text":"Deutsch","link":"https:\/\/www.achimbrueckner.de\/dxradio\/php\/wordpress\/?cat=1"},"img":{"alt_text":"","src":"","width":0,"height":0},"classes":[]},{"id":43247,"url":"https:\/\/www.achimbrueckner.de\/dxradio\/php\/wordpress\/?p=43247","url_meta":{"origin":39547,"position":4},"title":"Bericht: NOXX soll durch Programm f\u00fcr \u00e4ltere H\u00f6rer ersetzt werden","author":"Administrator","date":"July 8, 2025","format":false,"excerpt":"https:\/\/www.radioblog.eu\/2025\/07\/07\/bericht-noxx-soll-durch-programm-fuer-aeltere-hoerer-ersetzt-werden\/","rel":"","context":"In &quot;Deutsch&quot;","block_context":{"text":"Deutsch","link":"https:\/\/www.achimbrueckner.de\/dxradio\/php\/wordpress\/?cat=1"},"img":{"alt_text":"","src":"","width":0,"height":0},"classes":[]},{"id":23260,"url":"https:\/\/www.achimbrueckner.de\/dxradio\/php\/wordpress\/?p=23260","url_meta":{"origin":39547,"position":5},"title":"DAB+ in \u00d6sterreich: Landesweite DAB+ Multiplex Plattform startet Sendebetrieb","author":"Administrator","date":"May 28, 2019","format":false,"excerpt":"https:\/\/www.dabplus.de\/2019\/05\/28\/dab-in-oesterreich-landesweite-dab-multiplex-plattform-startet-sendebetrieb\/","rel":"","context":"In &quot;Deutsch&quot;","block_context":{"text":"Deutsch","link":"https:\/\/www.achimbrueckner.de\/dxradio\/php\/wordpress\/?cat=1"},"img":{"alt_text":"","src":"","width":0,"height":0},"classes":[]}],"_links":{"self":[{"href":"https:\/\/www.achimbrueckner.de\/dxradio\/php\/wordpress\/index.php?rest_route=\/wp\/v2\/posts\/39547","targetHints":{"allow":["GET"]}}],"collection":[{"href":"https:\/\/www.achimbrueckner.de\/dxradio\/php\/wordpress\/index.php?rest_route=\/wp\/v2\/posts"}],"about":[{"href":"https:\/\/www.achimbrueckner.de\/dxradio\/php\/wordpress\/index.php?rest_route=\/wp\/v2\/types\/post"}],"author":[{"embeddable":true,"href":"https:\/\/www.achimbrueckner.de\/dxradio\/php\/wordpress\/index.php?rest_route=\/wp\/v2\/users\/1"}],"replies":[{"embeddable":true,"href":"https:\/\/www.achimbrueckner.de\/dxradio\/php\/wordpress\/index.php?rest_route=%2Fwp%2Fv2%2Fcomments&post=39547"}],"version-history":[{"count":0,"href":"https:\/\/www.achimbrueckner.de\/dxradio\/php\/wordpress\/index.php?rest_route=\/wp\/v2\/posts\/39547\/revisions"}],"wp:attachment":[{"href":"https:\/\/www.achimbrueckner.de\/dxradio\/php\/wordpress\/index.php?rest_route=%2Fwp%2Fv2%2Fmedia&parent=39547"}],"wp:term":[{"taxonomy":"category","embeddable":true,"href":"https:\/\/www.achimbrueckner.de\/dxradio\/php\/wordpress\/index.php?rest_route=%2Fwp%2Fv2%2Fcategories&post=39547"},{"taxonomy":"post_tag","embeddable":true,"href":"https:\/\/www.achimbrueckner.de\/dxradio\/php\/wordpress\/index.php?rest_route=%2Fwp%2Fv2%2Ftags&post=39547"}],"curies":[{"name":"wp","href":"https:\/\/api.w.org\/{rel}","templated":true}]}}