{"id":39575,"date":"2023-05-31T15:42:22","date_gmt":"2023-05-31T15:42:22","guid":{"rendered":"https:\/\/www.achimbrueckner.de\/dxradio\/php\/wordpress\/?p=39575"},"modified":"2023-05-31T15:42:22","modified_gmt":"2023-05-31T15:42:22","slug":"angeschaut-deutschlandradio-sender-in-sassnitz-auf-rugen","status":"publish","type":"post","link":"https:\/\/www.achimbrueckner.de\/dxradio\/php\/wordpress\/?p=39575","title":{"rendered":"Angeschaut: Deutschlandradio-Sender in Sassnitz auf R\u00fcgen"},"content":{"rendered":"<p><a href=\"https:\/\/www.radioblog.eu\/2023\/05\/31\/angeschaut-deutschlandradio-sender-in-sassnitz-auf-ruegen\/\" rel=\"noopener\" target=\"_blank\">https:\/\/www.radioblog.eu\/2023\/05\/31\/angeschaut-deutschlandradio-sender-in-sassnitz-auf-ruegen\/<\/a><\/p>\n","protected":false},"excerpt":{"rendered":"<p>https:\/\/www.radioblog.eu\/2023\/05\/31\/angeschaut-deutschlandradio-sender-in-sassnitz-auf-ruegen\/<\/p>\n","protected":false},"author":1,"featured_media":0,"comment_status":"closed","ping_status":"open","sticky":false,"template":"","format":"standard","meta":{"_jetpack_memberships_contains_paid_content":false,"footnotes":"","jetpack_publicize_message":"","jetpack_publicize_feature_enabled":true,"jetpack_social_post_already_shared":true,"jetpack_social_options":{"image_generator_settings":{"template":"highway","default_image_id":0,"font":"","enabled":false},"version":2}},"categories":[1],"tags":[],"class_list":["post-39575","post","type-post","status-publish","format-standard","hentry","category-deutsch"],"jetpack_publicize_connections":[],"jetpack_featured_media_url":"","jetpack_sharing_enabled":true,"jetpack_shortlink":"https:\/\/wp.me\/p5CDmr-aij","jetpack-related-posts":[{"id":2595,"url":"https:\/\/www.achimbrueckner.de\/dxradio\/php\/wordpress\/?p=2595","url_meta":{"origin":39575,"position":0},"title":"Deutschlandradio gibt Sender Berlin-Britz auf","author":"Administrator","date":"August 14, 2013","format":false,"excerpt":"Deutschlandradio gibt Sender Berlin-Britz auf http:\/\/www.radioszene.de\/58656\/deutschlandradio-gibt-sender-berlin-britz-auf.html","rel":"","context":"In &quot;Deutsch&quot;","block_context":{"text":"Deutsch","link":"https:\/\/www.achimbrueckner.de\/dxradio\/php\/wordpress\/?cat=1"},"img":{"alt_text":"","src":"","width":0,"height":0},"classes":[]},{"id":3703,"url":"https:\/\/www.achimbrueckner.de\/dxradio\/php\/wordpress\/?p=3703","url_meta":{"origin":39575,"position":1},"title":"H\u00f6rtip: Ein Zauberer auf dem Sender","author":"Administrator","date":"October 24, 2014","format":false,"excerpt":"http:\/\/www.deutschlandradiokultur.de\/ein-zauberer-auf-dem-sender.1024.de.html?dram:article_id=301266 H\u00f6rtip: Deutschlandradio Kultur 25.10.2014 0005 MESZ http:\/\/www.deutschlandradiokultur.de\/lange-nacht.1023.de.html Info via A-DX","rel":"","context":"In &quot;Deutsch&quot;","block_context":{"text":"Deutsch","link":"https:\/\/www.achimbrueckner.de\/dxradio\/php\/wordpress\/?cat=1"},"img":{"alt_text":"","src":"","width":0,"height":0},"classes":[]},{"id":5850,"url":"https:\/\/www.achimbrueckner.de\/dxradio\/php\/wordpress\/?p=5850","url_meta":{"origin":39575,"position":2},"title":"DAB+-Ausbau: Deutschlandradio plant 110 Sender bis 2016","author":"Administrator","date":"September 7, 2015","format":false,"excerpt":"https:\/\/www.infosat.de\/radio\/dab-ausbau-deutschlandradio-plant-110-sender-bis-2016","rel":"","context":"In &quot;Deutsch&quot;","block_context":{"text":"Deutsch","link":"https:\/\/www.achimbrueckner.de\/dxradio\/php\/wordpress\/?cat=1"},"img":{"alt_text":"","src":"","width":0,"height":0},"classes":[]},{"id":3303,"url":"https:\/\/www.achimbrueckner.de\/dxradio\/php\/wordpress\/?p=3303","url_meta":{"origin":39575,"position":3},"title":"Der Sender Britz &#8211; Einblicke in die RIAS Berlin Deutschlandradio-Rundfunk-Sendestelle 1946 bis 2013","author":"Administrator","date":"June 30, 2014","format":false,"excerpt":"http:\/\/www.funkshop-berlin.de\/BU90-der-sender-britz---einblicke-in-die-rias-berlin-deutschlandradio-rundfunk-sendestelle-1946-bis-2013.htm","rel":"","context":"In &quot;Deutsch&quot;","block_context":{"text":"Deutsch","link":"https:\/\/www.achimbrueckner.de\/dxradio\/php\/wordpress\/?cat=1"},"img":{"alt_text":"","src":"","width":0,"height":0},"classes":[]},{"id":42974,"url":"https:\/\/www.achimbrueckner.de\/dxradio\/php\/wordpress\/?p=42974","url_meta":{"origin":39575,"position":4},"title":"Deutschlandradio: 12 neue DAB+ Sender im Jahr 2025","author":"Administrator","date":"June 6, 2025","format":false,"excerpt":"https:\/\/www.radioszene.de\/203371\/deutschlandradio-dab-2025.html","rel":"","context":"In &quot;Deutsch&quot;","block_context":{"text":"Deutsch","link":"https:\/\/www.achimbrueckner.de\/dxradio\/php\/wordpress\/?cat=1"},"img":{"alt_text":"","src":"","width":0,"height":0},"classes":[]},{"id":339,"url":"https:\/\/www.achimbrueckner.de\/dxradio\/php\/wordpress\/?p=339","url_meta":{"origin":39575,"position":5},"title":"Deutschlandradio 6005 Khz f\u00fcr immer ade","author":"Administrator","date":"September 4, 2007","format":false,"excerpt":"Die 6005 Khz von Deutschlandradio wird nicht wieder aufgebaut. Vor Monaten wurde durch einen Brand der Sender zerst\u00f6rt. Damit verschwindet eine geschichtstr\u00e4chtige 49m-Band Frequenz. Vor der Wende wurde \u00fcber dieses Frequenz RIAS Berlin verbreitet. Quelle: ukwtv.de Radioforum","rel":"","context":"In &quot;Deutsch&quot;","block_context":{"text":"Deutsch","link":"https:\/\/www.achimbrueckner.de\/dxradio\/php\/wordpress\/?cat=1"},"img":{"alt_text":"","src":"","width":0,"height":0},"classes":[]}],"_links":{"self":[{"href":"https:\/\/www.achimbrueckner.de\/dxradio\/php\/wordpress\/index.php?rest_route=\/wp\/v2\/posts\/39575","targetHints":{"allow":["GET"]}}],"collection":[{"href":"https:\/\/www.achimbrueckner.de\/dxradio\/php\/wordpress\/index.php?rest_route=\/wp\/v2\/posts"}],"about":[{"href":"https:\/\/www.achimbrueckner.de\/dxradio\/php\/wordpress\/index.php?rest_route=\/wp\/v2\/types\/post"}],"author":[{"embeddable":true,"href":"https:\/\/www.achimbrueckner.de\/dxradio\/php\/wordpress\/index.php?rest_route=\/wp\/v2\/users\/1"}],"replies":[{"embeddable":true,"href":"https:\/\/www.achimbrueckner.de\/dxradio\/php\/wordpress\/index.php?rest_route=%2Fwp%2Fv2%2Fcomments&post=39575"}],"version-history":[{"count":0,"href":"https:\/\/www.achimbrueckner.de\/dxradio\/php\/wordpress\/index.php?rest_route=\/wp\/v2\/posts\/39575\/revisions"}],"wp:attachment":[{"href":"https:\/\/www.achimbrueckner.de\/dxradio\/php\/wordpress\/index.php?rest_route=%2Fwp%2Fv2%2Fmedia&parent=39575"}],"wp:term":[{"taxonomy":"category","embeddable":true,"href":"https:\/\/www.achimbrueckner.de\/dxradio\/php\/wordpress\/index.php?rest_route=%2Fwp%2Fv2%2Fcategories&post=39575"},{"taxonomy":"post_tag","embeddable":true,"href":"https:\/\/www.achimbrueckner.de\/dxradio\/php\/wordpress\/index.php?rest_route=%2Fwp%2Fv2%2Ftags&post=39575"}],"curies":[{"name":"wp","href":"https:\/\/api.w.org\/{rel}","templated":true}]}}