{"id":39599,"date":"2023-06-03T16:53:44","date_gmt":"2023-06-03T16:53:44","guid":{"rendered":"https:\/\/www.achimbrueckner.de\/dxradio\/php\/wordpress\/?p=39599"},"modified":"2023-06-03T16:53:44","modified_gmt":"2023-06-03T16:53:44","slug":"dab-netzausbau-neue-sender-fur-zweiten-bundesmux-und-nrw-landesmux","status":"publish","type":"post","link":"https:\/\/www.achimbrueckner.de\/dxradio\/php\/wordpress\/?p=39599","title":{"rendered":"DAB+-Netzausbau: Neue Sender f\u00fcr zweiten \u201eBundesmux\u201c und NRW-\u201eLandesmux\u201c"},"content":{"rendered":"<p><a href=\"https:\/\/www.radioblog.eu\/2023\/06\/03\/dab-netzausbau-neue-sender-fuer-zweiten-bundesmux-und-nrw-landesmux\/\" rel=\"noopener\" target=\"_blank\">https:\/\/www.radioblog.eu\/2023\/06\/03\/dab-netzausbau-neue-sender-fuer-zweiten-bundesmux-und-nrw-landesmux\/<\/a><\/p>\n","protected":false},"excerpt":{"rendered":"<p>https:\/\/www.radioblog.eu\/2023\/06\/03\/dab-netzausbau-neue-sender-fuer-zweiten-bundesmux-und-nrw-landesmux\/<\/p>\n","protected":false},"author":1,"featured_media":0,"comment_status":"closed","ping_status":"open","sticky":false,"template":"","format":"standard","meta":{"_jetpack_memberships_contains_paid_content":false,"footnotes":"","jetpack_publicize_message":"","jetpack_publicize_feature_enabled":true,"jetpack_social_post_already_shared":true,"jetpack_social_options":{"image_generator_settings":{"template":"highway","default_image_id":0,"font":"","enabled":false},"version":2}},"categories":[1],"tags":[],"class_list":["post-39599","post","type-post","status-publish","format-standard","hentry","category-deutsch"],"jetpack_publicize_connections":[],"jetpack_featured_media_url":"","jetpack_sharing_enabled":true,"jetpack_shortlink":"https:\/\/wp.me\/p5CDmr-aiH","jetpack-related-posts":[{"id":37839,"url":"https:\/\/www.achimbrueckner.de\/dxradio\/php\/wordpress\/?p=37839","url_meta":{"origin":39599,"position":0},"title":"DAB+: Sender M\u00fcnster f\u00fcr zweiten Bundesmux und Sender Bonn f\u00fcr NRW-Mux in K\u00fcrze","author":"Administrator","date":"November 3, 2022","format":false,"excerpt":"https:\/\/www.satellifax.de\/mlesen.php?id=9cd51464e69c8e74f8bc170ee0c55df4","rel":"","context":"In &quot;Deutsch&quot;","block_context":{"text":"Deutsch","link":"https:\/\/www.achimbrueckner.de\/dxradio\/php\/wordpress\/?cat=1"},"img":{"alt_text":"","src":"","width":0,"height":0},"classes":[]},{"id":30818,"url":"https:\/\/www.achimbrueckner.de\/dxradio\/php\/wordpress\/?p=30818","url_meta":{"origin":39599,"position":1},"title":"DAB+ in NRW: Ausschreibung f\u00fcr Landesmux beginnt","author":"Administrator","date":"November 17, 2020","format":false,"excerpt":"https:\/\/www.radiowoche.de\/dab-in-nrw-ausschreibung-fuer-landesmux-beginnt\/","rel":"","context":"In &quot;Deutsch&quot;","block_context":{"text":"Deutsch","link":"https:\/\/www.achimbrueckner.de\/dxradio\/php\/wordpress\/?cat=1"},"img":{"alt_text":"","src":"","width":0,"height":0},"classes":[]},{"id":21350,"url":"https:\/\/www.achimbrueckner.de\/dxradio\/php\/wordpress\/?p=21350","url_meta":{"origin":39599,"position":2},"title":"NRW: Ein Landesmux und sechs Regionalmuxe f\u00fcr DAB+","author":"Administrator","date":"February 6, 2019","format":false,"excerpt":"https:\/\/www.teltarif.de\/radio-digitalradio-nrw-dab-plus\/news\/75544.html","rel":"","context":"In &quot;Deutsch&quot;","block_context":{"text":"Deutsch","link":"https:\/\/www.achimbrueckner.de\/dxradio\/php\/wordpress\/?cat=1"},"img":{"alt_text":"","src":"","width":0,"height":0},"classes":[]},{"id":37517,"url":"https:\/\/www.achimbrueckner.de\/dxradio\/php\/wordpress\/?p=37517","url_meta":{"origin":39599,"position":3},"title":"DAB+: Neue Programme und Ausbau 2. Bundesmux","author":"Administrator","date":"September 19, 2022","format":false,"excerpt":"https:\/\/www.teltarif.de\/dab-plus-radio-netzausbau-zweiter-bundesmux\/news\/89388.html","rel":"","context":"In &quot;Deutsch&quot;","block_context":{"text":"Deutsch","link":"https:\/\/www.achimbrueckner.de\/dxradio\/php\/wordpress\/?cat=1"},"img":{"alt_text":"","src":"","width":0,"height":0},"classes":[]},{"id":30764,"url":"https:\/\/www.achimbrueckner.de\/dxradio\/php\/wordpress\/?p=30764","url_meta":{"origin":39599,"position":4},"title":"DAB+: Netzausbau beim Bundesmux und neue Programme","author":"Administrator","date":"November 10, 2020","format":false,"excerpt":"https:\/\/www.teltarif.de\/radio-dab-plus-media-broadcast\/news\/82525.html","rel":"","context":"In &quot;Deutsch&quot;","block_context":{"text":"Deutsch","link":"https:\/\/www.achimbrueckner.de\/dxradio\/php\/wordpress\/?cat=1"},"img":{"alt_text":"","src":"","width":0,"height":0},"classes":[]},{"id":29973,"url":"https:\/\/www.achimbrueckner.de\/dxradio\/php\/wordpress\/?p=29973","url_meta":{"origin":39599,"position":5},"title":"DAB+: Neue Tests f\u00fcr zweiten \u201cBundesmux\u201d","author":"Administrator","date":"September 8, 2020","format":false,"excerpt":"https:\/\/www.smartphonefan.de\/2020\/09\/08\/dab-neue-tests-fuer-zweiten-bundesmux\/","rel":"","context":"In &quot;Deutsch&quot;","block_context":{"text":"Deutsch","link":"https:\/\/www.achimbrueckner.de\/dxradio\/php\/wordpress\/?cat=1"},"img":{"alt_text":"","src":"","width":0,"height":0},"classes":[]}],"_links":{"self":[{"href":"https:\/\/www.achimbrueckner.de\/dxradio\/php\/wordpress\/index.php?rest_route=\/wp\/v2\/posts\/39599","targetHints":{"allow":["GET"]}}],"collection":[{"href":"https:\/\/www.achimbrueckner.de\/dxradio\/php\/wordpress\/index.php?rest_route=\/wp\/v2\/posts"}],"about":[{"href":"https:\/\/www.achimbrueckner.de\/dxradio\/php\/wordpress\/index.php?rest_route=\/wp\/v2\/types\/post"}],"author":[{"embeddable":true,"href":"https:\/\/www.achimbrueckner.de\/dxradio\/php\/wordpress\/index.php?rest_route=\/wp\/v2\/users\/1"}],"replies":[{"embeddable":true,"href":"https:\/\/www.achimbrueckner.de\/dxradio\/php\/wordpress\/index.php?rest_route=%2Fwp%2Fv2%2Fcomments&post=39599"}],"version-history":[{"count":0,"href":"https:\/\/www.achimbrueckner.de\/dxradio\/php\/wordpress\/index.php?rest_route=\/wp\/v2\/posts\/39599\/revisions"}],"wp:attachment":[{"href":"https:\/\/www.achimbrueckner.de\/dxradio\/php\/wordpress\/index.php?rest_route=%2Fwp%2Fv2%2Fmedia&parent=39599"}],"wp:term":[{"taxonomy":"category","embeddable":true,"href":"https:\/\/www.achimbrueckner.de\/dxradio\/php\/wordpress\/index.php?rest_route=%2Fwp%2Fv2%2Fcategories&post=39599"},{"taxonomy":"post_tag","embeddable":true,"href":"https:\/\/www.achimbrueckner.de\/dxradio\/php\/wordpress\/index.php?rest_route=%2Fwp%2Fv2%2Ftags&post=39599"}],"curies":[{"name":"wp","href":"https:\/\/api.w.org\/{rel}","templated":true}]}}