{"id":39610,"date":"2023-06-05T16:37:10","date_gmt":"2023-06-05T16:37:10","guid":{"rendered":"https:\/\/www.achimbrueckner.de\/dxradio\/php\/wordpress\/?p=39610"},"modified":"2023-06-05T16:37:10","modified_gmt":"2023-06-05T16:37:10","slug":"dab-oldie-antenne-in-schleswig-holstein-nkls-in-brandenburg","status":"publish","type":"post","link":"https:\/\/www.achimbrueckner.de\/dxradio\/php\/wordpress\/?p=39610","title":{"rendered":"DAB+: Oldie Antenne in Schleswig-Holstein, NKLs in Brandenburg"},"content":{"rendered":"<p><a href=\"https:\/\/www.radioblog.eu\/2023\/06\/05\/dab-oldie-antenne-in-schleswig-holstein-nkls-in-brandenburg\/\" rel=\"noopener\" target=\"_blank\">https:\/\/www.radioblog.eu\/2023\/06\/05\/dab-oldie-antenne-in-schleswig-holstein-nkls-in-brandenburg\/<\/a><\/p>\n","protected":false},"excerpt":{"rendered":"<p>https:\/\/www.radioblog.eu\/2023\/06\/05\/dab-oldie-antenne-in-schleswig-holstein-nkls-in-brandenburg\/<\/p>\n","protected":false},"author":1,"featured_media":0,"comment_status":"closed","ping_status":"open","sticky":false,"template":"","format":"standard","meta":{"_jetpack_memberships_contains_paid_content":false,"footnotes":"","jetpack_publicize_message":"","jetpack_publicize_feature_enabled":true,"jetpack_social_post_already_shared":true,"jetpack_social_options":{"image_generator_settings":{"template":"highway","default_image_id":0,"font":"","enabled":false},"version":2}},"categories":[1],"tags":[],"class_list":["post-39610","post","type-post","status-publish","format-standard","hentry","category-deutsch"],"jetpack_publicize_connections":[],"jetpack_featured_media_url":"","jetpack_sharing_enabled":true,"jetpack_shortlink":"https:\/\/wp.me\/p5CDmr-aiS","jetpack-related-posts":[{"id":27007,"url":"https:\/\/www.achimbrueckner.de\/dxradio\/php\/wordpress\/?p=27007","url_meta":{"origin":39610,"position":0},"title":"Antenne Holstein: Urlaubsradio f\u00fcr Schleswig-Holstein \u00fcber DAB+ geplant","author":"Administrator","date":"February 4, 2020","format":false,"excerpt":"https:\/\/www.satellifax.de\/mlesen.php?id=a2519714cd31955764ae17f3b715eaeb","rel":"","context":"In &quot;Deutsch&quot;","block_context":{"text":"Deutsch","link":"https:\/\/www.achimbrueckner.de\/dxradio\/php\/wordpress\/?cat=1"},"img":{"alt_text":"","src":"","width":0,"height":0},"classes":[]},{"id":39912,"url":"https:\/\/www.achimbrueckner.de\/dxradio\/php\/wordpress\/?p=39912","url_meta":{"origin":39610,"position":1},"title":"Oldie Antenne ersetzt Antenne Bayern im zweiten DAB+ \u201eBundesmux\u201c","author":"Administrator","date":"July 26, 2023","format":false,"excerpt":"https:\/\/www.radioblog.eu\/2023\/07\/26\/oldie-antenne-ersetzt-antenne-bayern-im-zweiten-dab-bundesmux\/","rel":"","context":"In &quot;Deutsch&quot;","block_context":{"text":"Deutsch","link":"https:\/\/www.achimbrueckner.de\/dxradio\/php\/wordpress\/?cat=1"},"img":{"alt_text":"","src":"","width":0,"height":0},"classes":[]},{"id":39948,"url":"https:\/\/www.achimbrueckner.de\/dxradio\/php\/wordpress\/?p=39948","url_meta":{"origin":39610,"position":2},"title":"H\u00f6rerservice best\u00e4tigt: Antenne Bayern \u00fcbernimmt regionale DAB+-Sendepl\u00e4tze der Oldie Antenne","author":"Administrator","date":"August 2, 2023","format":false,"excerpt":"https:\/\/www.radioblog.eu\/2023\/08\/01\/antenne-bayern-uebernimmt-regionale-dab-sendeplaetze-der-oldie-antenne\/","rel":"","context":"In &quot;Deutsch&quot;","block_context":{"text":"Deutsch","link":"https:\/\/www.achimbrueckner.de\/dxradio\/php\/wordpress\/?cat=1"},"img":{"alt_text":"","src":"","width":0,"height":0},"classes":[]},{"id":34485,"url":"https:\/\/www.achimbrueckner.de\/dxradio\/php\/wordpress\/?p=34485","url_meta":{"origin":39610,"position":3},"title":"Oldie Antenne will in Hessen auf DAB+","author":"Administrator","date":"January 24, 2022","format":false,"excerpt":"https:\/\/www.smartphonefan.de\/2022\/01\/24\/oldie-antenne-will-in-hessen-auf-dab\/","rel":"","context":"In &quot;Deutsch&quot;","block_context":{"text":"Deutsch","link":"https:\/\/www.achimbrueckner.de\/dxradio\/php\/wordpress\/?cat=1"},"img":{"alt_text":"","src":"","width":0,"height":0},"classes":[]},{"id":39911,"url":"https:\/\/www.achimbrueckner.de\/dxradio\/php\/wordpress\/?p=39911","url_meta":{"origin":39610,"position":4},"title":"OLDIE ANTENNE ab 31. Juli bundesweit via DAB+ zu h\u00f6ren","author":"Administrator","date":"July 26, 2023","format":false,"excerpt":"https:\/\/www.radioszene.de\/177991\/oldie-antenne-dab-bundesweit.html","rel":"","context":"In &quot;Deutsch&quot;","block_context":{"text":"Deutsch","link":"https:\/\/www.achimbrueckner.de\/dxradio\/php\/wordpress\/?cat=1"},"img":{"alt_text":"","src":"","width":0,"height":0},"classes":[]},{"id":43118,"url":"https:\/\/www.achimbrueckner.de\/dxradio\/php\/wordpress\/?p=43118","url_meta":{"origin":39610,"position":5},"title":"Oldie Antenne verl\u00e4sst DAB+ Mux in Bremen","author":"Administrator","date":"June 25, 2025","format":false,"excerpt":"https:\/\/www.radioblog.eu\/2025\/06\/24\/oldie-antenne-verlaesst-dab-mux-in-bremen\/","rel":"","context":"In &quot;Deutsch&quot;","block_context":{"text":"Deutsch","link":"https:\/\/www.achimbrueckner.de\/dxradio\/php\/wordpress\/?cat=1"},"img":{"alt_text":"","src":"","width":0,"height":0},"classes":[]}],"_links":{"self":[{"href":"https:\/\/www.achimbrueckner.de\/dxradio\/php\/wordpress\/index.php?rest_route=\/wp\/v2\/posts\/39610","targetHints":{"allow":["GET"]}}],"collection":[{"href":"https:\/\/www.achimbrueckner.de\/dxradio\/php\/wordpress\/index.php?rest_route=\/wp\/v2\/posts"}],"about":[{"href":"https:\/\/www.achimbrueckner.de\/dxradio\/php\/wordpress\/index.php?rest_route=\/wp\/v2\/types\/post"}],"author":[{"embeddable":true,"href":"https:\/\/www.achimbrueckner.de\/dxradio\/php\/wordpress\/index.php?rest_route=\/wp\/v2\/users\/1"}],"replies":[{"embeddable":true,"href":"https:\/\/www.achimbrueckner.de\/dxradio\/php\/wordpress\/index.php?rest_route=%2Fwp%2Fv2%2Fcomments&post=39610"}],"version-history":[{"count":0,"href":"https:\/\/www.achimbrueckner.de\/dxradio\/php\/wordpress\/index.php?rest_route=\/wp\/v2\/posts\/39610\/revisions"}],"wp:attachment":[{"href":"https:\/\/www.achimbrueckner.de\/dxradio\/php\/wordpress\/index.php?rest_route=%2Fwp%2Fv2%2Fmedia&parent=39610"}],"wp:term":[{"taxonomy":"category","embeddable":true,"href":"https:\/\/www.achimbrueckner.de\/dxradio\/php\/wordpress\/index.php?rest_route=%2Fwp%2Fv2%2Fcategories&post=39610"},{"taxonomy":"post_tag","embeddable":true,"href":"https:\/\/www.achimbrueckner.de\/dxradio\/php\/wordpress\/index.php?rest_route=%2Fwp%2Fv2%2Ftags&post=39610"}],"curies":[{"name":"wp","href":"https:\/\/api.w.org\/{rel}","templated":true}]}}