{"id":39693,"date":"2023-06-21T13:20:02","date_gmt":"2023-06-21T13:20:02","guid":{"rendered":"https:\/\/www.achimbrueckner.de\/dxradio\/php\/wordpress\/?p=39693"},"modified":"2023-06-21T13:20:02","modified_gmt":"2023-06-21T13:20:02","slug":"ausnahme-fur-nationale-sicherheit-eu-staaten-schwachen-gesetz-zum-schutz-der-pressefreiheit","status":"publish","type":"post","link":"https:\/\/www.achimbrueckner.de\/dxradio\/php\/wordpress\/?p=39693","title":{"rendered":"Ausnahme f\u00fcr &#8220;nationale Sicherheit&#8221;:  EU-Staaten schw\u00e4chen Gesetz zum Schutz der Pressefreiheit"},"content":{"rendered":"<p><a href=\"https:\/\/netzpolitik.org\/2023\/ausnahme-fuer-nationale-sicherheit-eu-staaten-schwaechen-gesetz-zum-schutz-der-pressefreiheit\/\" rel=\"noopener\" target=\"_blank\">https:\/\/netzpolitik.org\/2023\/ausnahme-fuer-nationale-sicherheit-eu-staaten-schwaechen-gesetz-zum-schutz-der-pressefreiheit\/<\/a><\/p>\n","protected":false},"excerpt":{"rendered":"<p>https:\/\/netzpolitik.org\/2023\/ausnahme-fuer-nationale-sicherheit-eu-staaten-schwaechen-gesetz-zum-schutz-der-pressefreiheit\/<\/p>\n","protected":false},"author":1,"featured_media":0,"comment_status":"closed","ping_status":"open","sticky":false,"template":"","format":"standard","meta":{"_jetpack_memberships_contains_paid_content":false,"footnotes":"","jetpack_publicize_message":"","jetpack_publicize_feature_enabled":true,"jetpack_social_post_already_shared":true,"jetpack_social_options":{"image_generator_settings":{"template":"highway","default_image_id":0,"font":"","enabled":false},"version":2}},"categories":[1],"tags":[],"class_list":["post-39693","post","type-post","status-publish","format-standard","hentry","category-deutsch"],"jetpack_publicize_connections":[],"jetpack_featured_media_url":"","jetpack_sharing_enabled":true,"jetpack_shortlink":"https:\/\/wp.me\/p5CDmr-akd","jetpack-related-posts":[{"id":28978,"url":"https:\/\/www.achimbrueckner.de\/dxradio\/php\/wordpress\/?p=28978","url_meta":{"origin":39693,"position":0},"title":"Angriff auf ZDF-Team Berlins Justizsenator fordert Schutz der Pressefreiheit","author":"Administrator","date":"June 5, 2020","format":false,"excerpt":"https:\/\/netzpolitik.org\/2020\/angriff-auf-zdf-team-berlins-justizsenator-fordert-schutz-der-pressefreiheit\/","rel":"","context":"In &quot;Deutsch&quot;","block_context":{"text":"Deutsch","link":"https:\/\/www.achimbrueckner.de\/dxradio\/php\/wordpress\/?cat=1"},"img":{"alt_text":"","src":"","width":0,"height":0},"classes":[]},{"id":32396,"url":"https:\/\/www.achimbrueckner.de\/dxradio\/php\/wordpress\/?p=32396","url_meta":{"origin":39693,"position":1},"title":"Pressefreiheit BBC-Korrespondent verl\u00e4sst wegen Repressalien China","author":"Administrator","date":"March 31, 2021","format":false,"excerpt":"https:\/\/www.spiegel.de\/politik\/ausland\/pressefreiheit-bbc-korrespondent-verlaesst-china-aus-sorge-um-sicherheit-a-d1f22166-3495-41c2-b3ee-de43d0eb3ae1","rel":"","context":"In &quot;Deutsch&quot;","block_context":{"text":"Deutsch","link":"https:\/\/www.achimbrueckner.de\/dxradio\/php\/wordpress\/?cat=1"},"img":{"alt_text":"","src":"","width":0,"height":0},"classes":[]},{"id":25211,"url":"https:\/\/www.achimbrueckner.de\/dxradio\/php\/wordpress\/?p=25211","url_meta":{"origin":39693,"position":2},"title":"Sicherheit von 5G-Netzen: EU-Staaten halten Staats-Hacking f\u00fcr gr\u00f6\u00dftes Risiko","author":"Administrator","date":"October 9, 2019","format":false,"excerpt":"https:\/\/netzpolitik.org\/2019\/sicherheit-von-5g-netzen-eu-staaten-halten-staats-hacking-fuer-groesstes-risiko\/","rel":"","context":"In &quot;Deutsch&quot;","block_context":{"text":"Deutsch","link":"https:\/\/www.achimbrueckner.de\/dxradio\/php\/wordpress\/?cat=1"},"img":{"alt_text":"","src":"","width":0,"height":0},"classes":[]},{"id":8182,"url":"https:\/\/www.achimbrueckner.de\/dxradio\/php\/wordpress\/?p=8182","url_meta":{"origin":39693,"position":3},"title":"Zum Tag der Pressefreiheit: NDR Programme erkl\u00e4ren, wie Medien arbeiten","author":"Administrator","date":"April 29, 2016","format":false,"excerpt":"http:\/\/www.ndr.de\/der_ndr\/presse\/mitteilungen\/Zum-Tag-der-Pressefreiheit-NDR-Programme-erklaeren-wie-Medien-arbeiten-,pressemeldungndr17164.html","rel":"","context":"In &quot;Deutsch&quot;","block_context":{"text":"Deutsch","link":"https:\/\/www.achimbrueckner.de\/dxradio\/php\/wordpress\/?cat=1"},"img":{"alt_text":"","src":"","width":0,"height":0},"classes":[]},{"id":33013,"url":"https:\/\/www.achimbrueckner.de\/dxradio\/php\/wordpress\/?p=33013","url_meta":{"origin":39693,"position":4},"title":"&#8220;Feinde der Pressefreiheit&#8221;: Mit Orb\u00e1n steht erstmals EU-Staatschef am Pranger","author":"Administrator","date":"July 6, 2021","format":false,"excerpt":"https:\/\/www.heise.de\/news\/Feinde-der-Pressefreiheit-Mit-Orban-steht-erstmals-EU-Staatschef-am-Pranger-6128463.html","rel":"","context":"In &quot;Deutsch&quot;","block_context":{"text":"Deutsch","link":"https:\/\/www.achimbrueckner.de\/dxradio\/php\/wordpress\/?cat=1"},"img":{"alt_text":"","src":"","width":0,"height":0},"classes":[]},{"id":33895,"url":"https:\/\/www.achimbrueckner.de\/dxradio\/php\/wordpress\/?p=33895","url_meta":{"origin":39693,"position":5},"title":"Digitale-M\u00e4rkte-Gesetz Rat der EU stellt sich Tech-Konzernen in den Weg","author":"Administrator","date":"October 27, 2021","format":false,"excerpt":"https:\/\/netzpolitik.org\/2021\/digitale-maerkte-gesetz-rat-der-eu-stellt-sich-tech-konzernen-in-den-weg\/","rel":"","context":"In &quot;Deutsch&quot;","block_context":{"text":"Deutsch","link":"https:\/\/www.achimbrueckner.de\/dxradio\/php\/wordpress\/?cat=1"},"img":{"alt_text":"","src":"","width":0,"height":0},"classes":[]}],"_links":{"self":[{"href":"https:\/\/www.achimbrueckner.de\/dxradio\/php\/wordpress\/index.php?rest_route=\/wp\/v2\/posts\/39693","targetHints":{"allow":["GET"]}}],"collection":[{"href":"https:\/\/www.achimbrueckner.de\/dxradio\/php\/wordpress\/index.php?rest_route=\/wp\/v2\/posts"}],"about":[{"href":"https:\/\/www.achimbrueckner.de\/dxradio\/php\/wordpress\/index.php?rest_route=\/wp\/v2\/types\/post"}],"author":[{"embeddable":true,"href":"https:\/\/www.achimbrueckner.de\/dxradio\/php\/wordpress\/index.php?rest_route=\/wp\/v2\/users\/1"}],"replies":[{"embeddable":true,"href":"https:\/\/www.achimbrueckner.de\/dxradio\/php\/wordpress\/index.php?rest_route=%2Fwp%2Fv2%2Fcomments&post=39693"}],"version-history":[{"count":0,"href":"https:\/\/www.achimbrueckner.de\/dxradio\/php\/wordpress\/index.php?rest_route=\/wp\/v2\/posts\/39693\/revisions"}],"wp:attachment":[{"href":"https:\/\/www.achimbrueckner.de\/dxradio\/php\/wordpress\/index.php?rest_route=%2Fwp%2Fv2%2Fmedia&parent=39693"}],"wp:term":[{"taxonomy":"category","embeddable":true,"href":"https:\/\/www.achimbrueckner.de\/dxradio\/php\/wordpress\/index.php?rest_route=%2Fwp%2Fv2%2Fcategories&post=39693"},{"taxonomy":"post_tag","embeddable":true,"href":"https:\/\/www.achimbrueckner.de\/dxradio\/php\/wordpress\/index.php?rest_route=%2Fwp%2Fv2%2Ftags&post=39693"}],"curies":[{"name":"wp","href":"https:\/\/api.w.org\/{rel}","templated":true}]}}