{"id":39737,"date":"2023-06-27T18:25:54","date_gmt":"2023-06-27T18:25:54","guid":{"rendered":"https:\/\/www.achimbrueckner.de\/dxradio\/php\/wordpress\/?p=39737"},"modified":"2023-06-27T18:25:54","modified_gmt":"2023-06-27T18:25:54","slug":"mittelwelle-und-langwelle-weitere-abschaltungen-in-grosbritannien-und-danemark","status":"publish","type":"post","link":"https:\/\/www.achimbrueckner.de\/dxradio\/php\/wordpress\/?p=39737","title":{"rendered":"Mittelwelle und Langwelle: Weitere Abschaltungen in Gro\u00dfbritannien und D\u00e4nemark"},"content":{"rendered":"<p><a href=\"https:\/\/www.radiowoche.de\/mittelwelle-und-langwelle-weitere-abschaltungen-in-grossbritannien-und-daenemark\/\" rel=\"noopener\" target=\"_blank\">https:\/\/www.radiowoche.de\/mittelwelle-und-langwelle-weitere-abschaltungen-in-grossbritannien-und-daenemark\/<\/a><\/p>\n","protected":false},"excerpt":{"rendered":"<p>https:\/\/www.radiowoche.de\/mittelwelle-und-langwelle-weitere-abschaltungen-in-grossbritannien-und-daenemark\/<\/p>\n","protected":false},"author":1,"featured_media":0,"comment_status":"closed","ping_status":"open","sticky":false,"template":"","format":"standard","meta":{"_jetpack_memberships_contains_paid_content":false,"footnotes":"","jetpack_publicize_message":"","jetpack_publicize_feature_enabled":true,"jetpack_social_post_already_shared":true,"jetpack_social_options":{"image_generator_settings":{"template":"highway","default_image_id":0,"font":"","enabled":false},"version":2}},"categories":[1],"tags":[],"class_list":["post-39737","post","type-post","status-publish","format-standard","hentry","category-deutsch"],"jetpack_publicize_connections":[],"jetpack_featured_media_url":"","jetpack_sharing_enabled":true,"jetpack_shortlink":"https:\/\/wp.me\/p5CDmr-akV","jetpack-related-posts":[{"id":4213,"url":"https:\/\/www.achimbrueckner.de\/dxradio\/php\/wordpress\/?p=4213","url_meta":{"origin":39737,"position":0},"title":"Mittelwelle und Langwelle  Zuverl\u00e4ssige \u00dcbertragungswege f\u00fcr H\u00f6rfunk und Daten","author":"Administrator","date":"March 14, 2015","format":false,"excerpt":"Media-Broadcast Werbung aus einer anderen Zeit http:\/\/www.media-broadcast.com\/enabling-media-innovation\/leistungen\/radio\/mw-und-lw-sendernetze\/","rel":"","context":"In &quot;Deutsch&quot;","block_context":{"text":"Deutsch","link":"https:\/\/www.achimbrueckner.de\/dxradio\/php\/wordpress\/?cat=1"},"img":{"alt_text":"","src":"","width":0,"height":0},"classes":[]},{"id":42965,"url":"https:\/\/www.achimbrueckner.de\/dxradio\/php\/wordpress\/?p=42965","url_meta":{"origin":39737,"position":1},"title":"Gro\u00dfbritannien: BBC-Langwelle sendet l\u00e4nger","author":"Administrator","date":"June 6, 2025","format":false,"excerpt":"https:\/\/www.radioblog.eu\/2025\/06\/06\/grossbritannien-bbc-langwelle-sendet-laenger\/","rel":"","context":"In &quot;Deutsch&quot;","block_context":{"text":"Deutsch","link":"https:\/\/www.achimbrueckner.de\/dxradio\/php\/wordpress\/?cat=1"},"img":{"alt_text":"","src":"","width":0,"height":0},"classes":[]},{"id":43505,"url":"https:\/\/www.achimbrueckner.de\/dxradio\/php\/wordpress\/?p=43505","url_meta":{"origin":39737,"position":2},"title":"Gro\u00dfbritannien: Verl\u00e4ngerung f\u00fcr die BBC-Langwelle","author":"Administrator","date":"August 5, 2025","format":false,"excerpt":"https:\/\/www.radioblog.eu\/2025\/08\/04\/grossbritannien-verlaengerung-fuer-die-bbc-langwelle\/","rel":"","context":"In &quot;Deutsch&quot;","block_context":{"text":"Deutsch","link":"https:\/\/www.achimbrueckner.de\/dxradio\/php\/wordpress\/?cat=1"},"img":{"alt_text":"","src":"","width":0,"height":0},"classes":[]},{"id":45466,"url":"https:\/\/www.achimbrueckner.de\/dxradio\/php\/wordpress\/?p=45466","url_meta":{"origin":39737,"position":3},"title":"Gro\u00dfbritannien: BBC k\u00fcndigt Abschaltung von Radio 4 auf Langwelle an","author":"Administrator","date":"April 17, 2026","format":false,"excerpt":"https:\/\/www.radioblog.eu\/2026\/04\/17\/grossbritannien-bbc-kuendigt-abschaltung-von-radio-4-auf-langwelle-an\/","rel":"","context":"In &quot;Deutsch&quot;","block_context":{"text":"Deutsch","link":"https:\/\/www.achimbrueckner.de\/dxradio\/php\/wordpress\/?cat=1"},"img":{"alt_text":"","src":"","width":0,"height":0},"classes":[]},{"id":247,"url":"https:\/\/www.achimbrueckner.de\/dxradio\/php\/wordpress\/?p=247","url_meta":{"origin":39737,"position":4},"title":"Weihnachtscontest Wellenforum","author":"Administrator","date":"December 20, 2006","format":false,"excerpt":"Das Wellenforum veranstaltet vom 21. Dezember 2006 bis 7. Januar 2007 seinen zweiten Weihnachtscontest. Auf Mittelwelle und Langwelle sind bestimmte L\u00e4nder zu h\u00f6ren. Die Contest-Unterlagen k\u00f6nnen via Ausschreibung heruntergeladen werden.","rel":"","context":"In &quot;contests&quot;","block_context":{"text":"contests","link":"https:\/\/www.achimbrueckner.de\/dxradio\/php\/wordpress\/?cat=6"},"img":{"alt_text":"","src":"","width":0,"height":0},"classes":[]},{"id":45060,"url":"https:\/\/www.achimbrueckner.de\/dxradio\/php\/wordpress\/?p=45060","url_meta":{"origin":39737,"position":5},"title":"Schweiz: Weitere UKW-Abschaltungen","author":"Administrator","date":"February 18, 2026","format":false,"excerpt":"https:\/\/www.radioblog.eu\/2026\/02\/18\/schweiz-weitere-ukw-abschaltungen\/","rel":"","context":"In &quot;Deutsch&quot;","block_context":{"text":"Deutsch","link":"https:\/\/www.achimbrueckner.de\/dxradio\/php\/wordpress\/?cat=1"},"img":{"alt_text":"","src":"","width":0,"height":0},"classes":[]}],"_links":{"self":[{"href":"https:\/\/www.achimbrueckner.de\/dxradio\/php\/wordpress\/index.php?rest_route=\/wp\/v2\/posts\/39737","targetHints":{"allow":["GET"]}}],"collection":[{"href":"https:\/\/www.achimbrueckner.de\/dxradio\/php\/wordpress\/index.php?rest_route=\/wp\/v2\/posts"}],"about":[{"href":"https:\/\/www.achimbrueckner.de\/dxradio\/php\/wordpress\/index.php?rest_route=\/wp\/v2\/types\/post"}],"author":[{"embeddable":true,"href":"https:\/\/www.achimbrueckner.de\/dxradio\/php\/wordpress\/index.php?rest_route=\/wp\/v2\/users\/1"}],"replies":[{"embeddable":true,"href":"https:\/\/www.achimbrueckner.de\/dxradio\/php\/wordpress\/index.php?rest_route=%2Fwp%2Fv2%2Fcomments&post=39737"}],"version-history":[{"count":0,"href":"https:\/\/www.achimbrueckner.de\/dxradio\/php\/wordpress\/index.php?rest_route=\/wp\/v2\/posts\/39737\/revisions"}],"wp:attachment":[{"href":"https:\/\/www.achimbrueckner.de\/dxradio\/php\/wordpress\/index.php?rest_route=%2Fwp%2Fv2%2Fmedia&parent=39737"}],"wp:term":[{"taxonomy":"category","embeddable":true,"href":"https:\/\/www.achimbrueckner.de\/dxradio\/php\/wordpress\/index.php?rest_route=%2Fwp%2Fv2%2Fcategories&post=39737"},{"taxonomy":"post_tag","embeddable":true,"href":"https:\/\/www.achimbrueckner.de\/dxradio\/php\/wordpress\/index.php?rest_route=%2Fwp%2Fv2%2Ftags&post=39737"}],"curies":[{"name":"wp","href":"https:\/\/api.w.org\/{rel}","templated":true}]}}