{"id":39745,"date":"2023-06-29T16:04:47","date_gmt":"2023-06-29T16:04:47","guid":{"rendered":"https:\/\/www.achimbrueckner.de\/dxradio\/php\/wordpress\/?p=39745"},"modified":"2023-06-29T16:04:47","modified_gmt":"2023-06-29T16:04:47","slug":"wrth-2023-bundle-gutschein","status":"publish","type":"post","link":"https:\/\/www.achimbrueckner.de\/dxradio\/php\/wordpress\/?p=39745","title":{"rendered":"WRTH 2023 Bundle Gutschein"},"content":{"rendered":"<p>Aufregende Neuigkeiten f\u00fcr alle Radioliebhaber!<\/p>\n<p>Um uns f\u00fcr Ihre anhaltende Unterst\u00fctzung und Begeisterung zu bedanken, haben wir beschlossen, unser Sonderangebot zu verl\u00e4ngern und Ihnen einen noch gr\u00f6\u00dferen Mehrwert zu bieten.<\/p>\n<p>Bis zum 7. Juli erhalten Sie bei jedem Kauf der gedruckten WRTH-Ausgabe auf unserer Website ein kostenloses Upgrade auf unsere WebApp!<\/p>\n<p>Wir freuen uns au\u00dferdem, Ihnen einen kostenlosen Versand anbieten zu k\u00f6nnen, so dass Sie 20 % des regul\u00e4ren Ladenpreises f\u00fcr das Paket sparen k\u00f6nnen.<\/p>\n<p>1. Besuchen Sie den folgenden Link:<br \/>\n<a href=\"https:\/\/shop.radiodatacenter.net\/product\/wrth-2023-bundle\/\" rel=\"noopener\" target=\"_blank\">https:\/\/shop.radiodatacenter.net\/product\/wrth-2023-bundle\/<\/a><br \/>\nund legen Sie das Bundle in Ihren Einkaufswagen<br \/>\n2. Um in den Genuss dieses zeitlich begrenzten Angebots zu kommen, geben Sie einfach den Gutscheincode HAMRADIO im Warenkorb ein.<\/p>\n","protected":false},"excerpt":{"rendered":"<p>Aufregende Neuigkeiten f\u00fcr alle Radioliebhaber! Um uns f\u00fcr Ihre anhaltende Unterst\u00fctzung und Begeisterung zu bedanken, haben wir beschlossen, unser Sonderangebot zu verl\u00e4ngern und Ihnen einen noch gr\u00f6\u00dferen Mehrwert zu bieten. Bis zum 7. Juli erhalten Sie bei jedem Kauf der gedruckten WRTH-Ausgabe auf unserer Website ein kostenloses Upgrade auf unsere WebApp! Wir freuen uns au\u00dferdem, &hellip; <a href=\"https:\/\/www.achimbrueckner.de\/dxradio\/php\/wordpress\/?p=39745\" class=\"more-link\">Continue reading <span class=\"screen-reader-text\">WRTH 2023 Bundle Gutschein<\/span><\/a><\/p>\n","protected":false},"author":1,"featured_media":0,"comment_status":"closed","ping_status":"open","sticky":false,"template":"","format":"standard","meta":{"_jetpack_memberships_contains_paid_content":false,"footnotes":"","jetpack_publicize_message":"","jetpack_publicize_feature_enabled":true,"jetpack_social_post_already_shared":true,"jetpack_social_options":{"image_generator_settings":{"template":"highway","default_image_id":0,"font":"","enabled":false},"version":2}},"categories":[1],"tags":[],"class_list":["post-39745","post","type-post","status-publish","format-standard","hentry","category-deutsch"],"jetpack_publicize_connections":[],"jetpack_featured_media_url":"","jetpack_sharing_enabled":true,"jetpack_shortlink":"https:\/\/wp.me\/p5CDmr-al3","jetpack-related-posts":[{"id":39266,"url":"https:\/\/www.achimbrueckner.de\/dxradio\/php\/wordpress\/?p=39266","url_meta":{"origin":39745,"position":0},"title":"WRTH Update &#8211; Sommer 2023 \u201eA\u201c &#8211; Sendepl\u00e4ne","author":"Administrator","date":"April 7, 2023","format":false,"excerpt":"Sommer 2023 \u201eA\u201c - Sendepl\u00e4ne Wir freuen uns, Ihnen das Programm f\u00fcr den Sommer 2023 in einer PDF-Datei zur Verf\u00fcgung stellen zu k\u00f6nnen: Diese Datei ist eine Erg\u00e4nzung zur Ausgabe 2023 des World Radio TV Handbook. Sie fasst die \u00c4nderungen der im Buch abgedruckten internationalen Sendepl\u00e4ne zusammen, die sich aus\u2026","rel":"","context":"In &quot;Deutsch&quot;","block_context":{"text":"Deutsch","link":"https:\/\/www.achimbrueckner.de\/dxradio\/php\/wordpress\/?cat=1"},"img":{"alt_text":"","src":"","width":0,"height":0},"classes":[]},{"id":38168,"url":"https:\/\/www.achimbrueckner.de\/dxradio\/php\/wordpress\/?p=38168","url_meta":{"origin":39745,"position":1},"title":"WRTH 2023","author":"Administrator","date":"December 9, 2022","format":false,"excerpt":"Oliver Schmidt informiert in unserer A-DX Mailingliste: Als Mitherausgeber des neuen WRTH m\u00f6chte ich mich kurz hier zu Wort melden: Wir sind aktuell auf einem sehr guten Weg unterwegs und das neue WRTH wird nat\u00fcrlich den bekannten Aufbau haben. Allerdings wird es \u00c4nderungen geben, da wir mehr Informationen zu Programmen,\u2026","rel":"","context":"In &quot;Deutsch&quot;","block_context":{"text":"Deutsch","link":"https:\/\/www.achimbrueckner.de\/dxradio\/php\/wordpress\/?cat=1"},"img":{"alt_text":"","src":"","width":0,"height":0},"classes":[]},{"id":38213,"url":"https:\/\/www.achimbrueckner.de\/dxradio\/php\/wordpress\/?p=38213","url_meta":{"origin":39745,"position":2},"title":"Neues zum WRTH 2023","author":"Administrator","date":"December 15, 2022","format":false,"excerpt":"Neues zum WRTH: (aber noch keine Bestellm\u00f6glichkeit) Mit der Ausgabe 2023 wird das World Radio TV Handbook zum ersten Mal auch in einer digitalen Version erh\u00e4ltlich sein. So k\u00f6nnen Sie entscheiden, ob Sie das klassische gedruckte Handbuch, die Web-App oder beides zusammen kaufen m\u00f6chten. Die Preise: Web App 24,90 \u20ac\u2026","rel":"","context":"In &quot;Deutsch&quot;","block_context":{"text":"Deutsch","link":"https:\/\/www.achimbrueckner.de\/dxradio\/php\/wordpress\/?cat=1"},"img":{"alt_text":"","src":"","width":0,"height":0},"classes":[]},{"id":1135,"url":"https:\/\/www.achimbrueckner.de\/dxradio\/php\/wordpress\/?p=1135","url_meta":{"origin":39745,"position":3},"title":"DARC Tag der offenen T\u00fcr","author":"Administrator","date":"September 9, 2010","format":false,"excerpt":"18. September: Kommen Sie zum Tag der offenen T\u00fcr nach Baunatal! ---------------------------------------------------------------- Am Samstag, dem 18. September, ab 10 Uhr sind alle Mitglieder und Freunde des DARC e.V. eingeladen, das Amateurfunkzentrum in Baunatal zu besuchen. Gemeinsam mit Ihnen feiern wir das 60-j\u00e4hrige Bestehen des Bundesverbandes. Der Tag bietet Gelegenheit, die\u2026","rel":"","context":"In &quot;camps&quot;","block_context":{"text":"camps","link":"https:\/\/www.achimbrueckner.de\/dxradio\/php\/wordpress\/?cat=5"},"img":{"alt_text":"","src":"","width":0,"height":0},"classes":[]},{"id":42000,"url":"https:\/\/www.achimbrueckner.de\/dxradio\/php\/wordpress\/?p=42000","url_meta":{"origin":39745,"position":4},"title":"**Einladung zum 1. H\u00f6rertreffen der SATzentrale**","author":"Administrator","date":"November 29, 2024","format":false,"excerpt":"**Einladung zum 1. H\u00f6rertreffen der SATzentrale** Liebe H\u00f6rerinnen und H\u00f6rer, wir freuen uns, Euch zu unserem ersten H\u00f6rertreffen der SATzentrale einzuladen! Markiert Euch den 22. M\u00e4rz 2025 rot im Kalender, denn an diesem Tag treffen wir uns in Coswig OT S\u00f6rnewitz \u2013 ein pers\u00f6nliches Treffen, das es in sich hat!\u2026","rel":"","context":"In &quot;Deutsch&quot;","block_context":{"text":"Deutsch","link":"https:\/\/www.achimbrueckner.de\/dxradio\/php\/wordpress\/?cat=1"},"img":{"alt_text":"","src":"","width":0,"height":0},"classes":[]},{"id":1950,"url":"https:\/\/www.achimbrueckner.de\/dxradio\/php\/wordpress\/?p=1950","url_meta":{"origin":39745,"position":5},"title":"Gemeinsames Weihnachts-Preisr\u00e4tsel 2011","author":"Administrator","date":"November 20, 2011","format":false,"excerpt":"Gemeinsame Ank\u00fcndigung! Das Forum www.dx-unlimited.de und die A-DX Mailingliste freuen sich, bekannt geben zu d\u00fcrfen, dass wir in einer gemeinsamen Aktion ein Weihnachts-Preisr\u00e4tsel f\u00fcr alle Hobbyfreunde veranstalten werden! Eine Mitgliedschaft in Forum oder Liste ist ausdr\u00fccklich nicht erforderlich, um am Preisr\u00e4tsel teilnehmen zu d\u00fcrfen, denn es soll niemand bevorzugt oder\u2026","rel":"","context":"In &quot;contests&quot;","block_context":{"text":"contests","link":"https:\/\/www.achimbrueckner.de\/dxradio\/php\/wordpress\/?cat=6"},"img":{"alt_text":"","src":"","width":0,"height":0},"classes":[]}],"_links":{"self":[{"href":"https:\/\/www.achimbrueckner.de\/dxradio\/php\/wordpress\/index.php?rest_route=\/wp\/v2\/posts\/39745","targetHints":{"allow":["GET"]}}],"collection":[{"href":"https:\/\/www.achimbrueckner.de\/dxradio\/php\/wordpress\/index.php?rest_route=\/wp\/v2\/posts"}],"about":[{"href":"https:\/\/www.achimbrueckner.de\/dxradio\/php\/wordpress\/index.php?rest_route=\/wp\/v2\/types\/post"}],"author":[{"embeddable":true,"href":"https:\/\/www.achimbrueckner.de\/dxradio\/php\/wordpress\/index.php?rest_route=\/wp\/v2\/users\/1"}],"replies":[{"embeddable":true,"href":"https:\/\/www.achimbrueckner.de\/dxradio\/php\/wordpress\/index.php?rest_route=%2Fwp%2Fv2%2Fcomments&post=39745"}],"version-history":[{"count":0,"href":"https:\/\/www.achimbrueckner.de\/dxradio\/php\/wordpress\/index.php?rest_route=\/wp\/v2\/posts\/39745\/revisions"}],"wp:attachment":[{"href":"https:\/\/www.achimbrueckner.de\/dxradio\/php\/wordpress\/index.php?rest_route=%2Fwp%2Fv2%2Fmedia&parent=39745"}],"wp:term":[{"taxonomy":"category","embeddable":true,"href":"https:\/\/www.achimbrueckner.de\/dxradio\/php\/wordpress\/index.php?rest_route=%2Fwp%2Fv2%2Fcategories&post=39745"},{"taxonomy":"post_tag","embeddable":true,"href":"https:\/\/www.achimbrueckner.de\/dxradio\/php\/wordpress\/index.php?rest_route=%2Fwp%2Fv2%2Ftags&post=39745"}],"curies":[{"name":"wp","href":"https:\/\/api.w.org\/{rel}","templated":true}]}}