{"id":39748,"date":"2023-06-29T16:15:37","date_gmt":"2023-06-29T16:15:37","guid":{"rendered":"https:\/\/www.achimbrueckner.de\/dxradio\/php\/wordpress\/?p=39748"},"modified":"2023-06-29T16:15:37","modified_gmt":"2023-06-29T16:15:37","slug":"dab-in-hessen-mehr-regionalitat-mehr-vielfalt","status":"publish","type":"post","link":"https:\/\/www.achimbrueckner.de\/dxradio\/php\/wordpress\/?p=39748","title":{"rendered":"DAB+ in Hessen: Mehr Regionalit\u00e4t, mehr Vielfalt"},"content":{"rendered":"<p><a href=\"https:\/\/www.dabplus.de\/2023\/06\/28\/dab-in-hessen-mehr-regionalitaet-mehr-vielfalt\/\" rel=\"noopener\" target=\"_blank\">https:\/\/www.dabplus.de\/2023\/06\/28\/dab-in-hessen-mehr-regionalitaet-mehr-vielfalt\/<\/a><\/p>\n","protected":false},"excerpt":{"rendered":"<p>https:\/\/www.dabplus.de\/2023\/06\/28\/dab-in-hessen-mehr-regionalitaet-mehr-vielfalt\/<\/p>\n","protected":false},"author":1,"featured_media":0,"comment_status":"closed","ping_status":"open","sticky":false,"template":"","format":"standard","meta":{"_jetpack_memberships_contains_paid_content":false,"footnotes":"","jetpack_publicize_message":"","jetpack_publicize_feature_enabled":true,"jetpack_social_post_already_shared":true,"jetpack_social_options":{"image_generator_settings":{"template":"highway","default_image_id":0,"font":"","enabled":false},"version":2}},"categories":[1],"tags":[],"class_list":["post-39748","post","type-post","status-publish","format-standard","hentry","category-deutsch"],"jetpack_publicize_connections":[],"jetpack_featured_media_url":"","jetpack_sharing_enabled":true,"jetpack_shortlink":"https:\/\/wp.me\/p5CDmr-al6","jetpack-related-posts":[{"id":36520,"url":"https:\/\/www.achimbrueckner.de\/dxradio\/php\/wordpress\/?p=36520","url_meta":{"origin":39748,"position":0},"title":"DAB+ im ersten Halbjahr 2022: Mehr Sender, mehr Vielfalt, mehr Nutzung","author":"Administrator","date":"June 10, 2022","format":false,"excerpt":"https:\/\/www.dabplus.de\/2022\/06\/08\/dab-im-ersten-halbjahr-2022-mehr-sender-mehr-vielfalt-mehr-nutzung\/","rel":"","context":"In &quot;Deutsch&quot;","block_context":{"text":"Deutsch","link":"https:\/\/www.achimbrueckner.de\/dxradio\/php\/wordpress\/?cat=1"},"img":{"alt_text":"","src":"","width":0,"height":0},"classes":[]},{"id":37828,"url":"https:\/\/www.achimbrueckner.de\/dxradio\/php\/wordpress\/?p=37828","url_meta":{"origin":39748,"position":1},"title":"DAB+ Hessen: Weniger Vielfalt f\u00fcr mehr Regionalisierung","author":"Administrator","date":"November 2, 2022","format":false,"excerpt":"https:\/\/www.teltarif.de\/ffh-regional-dab-plus-digitalradio\/news\/89840.html","rel":"","context":"In &quot;Deutsch&quot;","block_context":{"text":"Deutsch","link":"https:\/\/www.achimbrueckner.de\/dxradio\/php\/wordpress\/?cat=1"},"img":{"alt_text":"","src":"","width":0,"height":0},"classes":[]},{"id":43379,"url":"https:\/\/www.achimbrueckner.de\/dxradio\/php\/wordpress\/?p=43379","url_meta":{"origin":39748,"position":2},"title":"Mehr DAB+ Kapazit\u00e4ten f\u00fcr Hessen","author":"Administrator","date":"July 24, 2025","format":false,"excerpt":"https:\/\/www.radioblog.eu\/2025\/07\/24\/mehr-dab-kapazitaeten-fuer-hessen\/","rel":"","context":"In &quot;Deutsch&quot;","block_context":{"text":"Deutsch","link":"https:\/\/www.achimbrueckner.de\/dxradio\/php\/wordpress\/?cat=1"},"img":{"alt_text":"","src":"","width":0,"height":0},"classes":[]},{"id":37614,"url":"https:\/\/www.achimbrueckner.de\/dxradio\/php\/wordpress\/?p=37614","url_meta":{"origin":39748,"position":3},"title":"DAB+ Hessen-S\u00fcd: Mehr als dreit\u00e4gige Sendest\u00f6rung behoben","author":"Administrator","date":"October 4, 2022","format":false,"excerpt":"https:\/\/www.radioblog.eu\/2022\/10\/04\/dab-hessen-sued-mehr-als-dreitaegige-sendestoerung-behoben\/","rel":"","context":"In &quot;Deutsch&quot;","block_context":{"text":"Deutsch","link":"https:\/\/www.achimbrueckner.de\/dxradio\/php\/wordpress\/?cat=1"},"img":{"alt_text":"","src":"","width":0,"height":0},"classes":[]},{"id":9119,"url":"https:\/\/www.achimbrueckner.de\/dxradio\/php\/wordpress\/?p=9119","url_meta":{"origin":39748,"position":4},"title":"DAB Plus: Mehr Sender f\u00fcr Hessen Digitalradio","author":"Administrator","date":"August 11, 2016","format":false,"excerpt":"http:\/\/www.digitalfernsehen.de\/DAB-Plus-Mehr-Sender-fuer-Hessen-Digitalradio.142388.0.html","rel":"","context":"In &quot;Deutsch&quot;","block_context":{"text":"Deutsch","link":"https:\/\/www.achimbrueckner.de\/dxradio\/php\/wordpress\/?cat=1"},"img":{"alt_text":"","src":"","width":0,"height":0},"classes":[]},{"id":21146,"url":"https:\/\/www.achimbrueckner.de\/dxradio\/php\/wordpress\/?p=21146","url_meta":{"origin":39748,"position":5},"title":"Radio Teddy nicht mehr \u00fcber DAB+ in Hessen","author":"Administrator","date":"January 26, 2019","format":false,"excerpt":"https:\/\/www.teltarif.de\/radio-teddy-dab-plus-digitalradio\/news\/75416.html","rel":"","context":"In &quot;Deutsch&quot;","block_context":{"text":"Deutsch","link":"https:\/\/www.achimbrueckner.de\/dxradio\/php\/wordpress\/?cat=1"},"img":{"alt_text":"","src":"","width":0,"height":0},"classes":[]}],"_links":{"self":[{"href":"https:\/\/www.achimbrueckner.de\/dxradio\/php\/wordpress\/index.php?rest_route=\/wp\/v2\/posts\/39748","targetHints":{"allow":["GET"]}}],"collection":[{"href":"https:\/\/www.achimbrueckner.de\/dxradio\/php\/wordpress\/index.php?rest_route=\/wp\/v2\/posts"}],"about":[{"href":"https:\/\/www.achimbrueckner.de\/dxradio\/php\/wordpress\/index.php?rest_route=\/wp\/v2\/types\/post"}],"author":[{"embeddable":true,"href":"https:\/\/www.achimbrueckner.de\/dxradio\/php\/wordpress\/index.php?rest_route=\/wp\/v2\/users\/1"}],"replies":[{"embeddable":true,"href":"https:\/\/www.achimbrueckner.de\/dxradio\/php\/wordpress\/index.php?rest_route=%2Fwp%2Fv2%2Fcomments&post=39748"}],"version-history":[{"count":0,"href":"https:\/\/www.achimbrueckner.de\/dxradio\/php\/wordpress\/index.php?rest_route=\/wp\/v2\/posts\/39748\/revisions"}],"wp:attachment":[{"href":"https:\/\/www.achimbrueckner.de\/dxradio\/php\/wordpress\/index.php?rest_route=%2Fwp%2Fv2%2Fmedia&parent=39748"}],"wp:term":[{"taxonomy":"category","embeddable":true,"href":"https:\/\/www.achimbrueckner.de\/dxradio\/php\/wordpress\/index.php?rest_route=%2Fwp%2Fv2%2Fcategories&post=39748"},{"taxonomy":"post_tag","embeddable":true,"href":"https:\/\/www.achimbrueckner.de\/dxradio\/php\/wordpress\/index.php?rest_route=%2Fwp%2Fv2%2Ftags&post=39748"}],"curies":[{"name":"wp","href":"https:\/\/api.w.org\/{rel}","templated":true}]}}