{"id":3987,"date":"2015-01-17T18:16:51","date_gmt":"2015-01-17T18:16:51","guid":{"rendered":"https:\/\/www.achimbrueckner.de\/dxradio\/php\/wordpress\/?p=3987"},"modified":"2015-01-17T18:16:51","modified_gmt":"2015-01-17T18:16:51","slug":"fernsehen-weltflucht-tv","status":"publish","type":"post","link":"https:\/\/www.achimbrueckner.de\/dxradio\/php\/wordpress\/?p=3987","title":{"rendered":"Fernsehen Weltflucht-TV"},"content":{"rendered":"<p><a href=\"http:\/\/www.zeit.de\/zeit-magazin\/2015\/01\/fernsehen-norwegen-weltflucht\" target=\"_blank\">http:\/\/www.zeit.de\/zeit-magazin\/2015\/01\/fernsehen-norwegen-weltflucht<\/a><\/p>\n","protected":false},"excerpt":{"rendered":"<p>http:\/\/www.zeit.de\/zeit-magazin\/2015\/01\/fernsehen-norwegen-weltflucht<\/p>\n","protected":false},"author":1,"featured_media":0,"comment_status":"open","ping_status":"open","sticky":false,"template":"","format":"standard","meta":{"_jetpack_memberships_contains_paid_content":false,"footnotes":"","jetpack_publicize_message":"","jetpack_publicize_feature_enabled":true,"jetpack_social_post_already_shared":true,"jetpack_social_options":{"image_generator_settings":{"template":"highway","default_image_id":0,"font":"","enabled":false},"version":2}},"categories":[1],"tags":[],"class_list":["post-3987","post","type-post","status-publish","format-standard","hentry","category-deutsch"],"jetpack_publicize_connections":[],"jetpack_featured_media_url":"","jetpack_sharing_enabled":true,"jetpack_shortlink":"https:\/\/wp.me\/p5CDmr-12j","jetpack-related-posts":[{"id":3162,"url":"https:\/\/www.achimbrueckner.de\/dxradio\/php\/wordpress\/?p=3162","url_meta":{"origin":3987,"position":0},"title":"Als das Fernsehen noch aus dem Fernseher kam","author":"Administrator","date":"May 12, 2014","format":false,"excerpt":"http:\/\/www.zeit.de\/community\/2014-05\/fernsehen-geschichte-familie","rel":"","context":"In &quot;Deutsch&quot;","block_context":{"text":"Deutsch","link":"https:\/\/www.achimbrueckner.de\/dxradio\/php\/wordpress\/?cat=1"},"img":{"alt_text":"","src":"","width":0,"height":0},"classes":[]},{"id":26282,"url":"https:\/\/www.achimbrueckner.de\/dxradio\/php\/wordpress\/?p=26282","url_meta":{"origin":3987,"position":1},"title":"Teleshopping : Die Hausfrauenfl\u00fcsterer","author":"Administrator","date":"December 21, 2019","format":false,"excerpt":"https:\/\/www.zeit.de\/entdecken\/2019-12\/teleshopping-fernsehen-konsum-tv-sender","rel":"","context":"In &quot;Deutsch&quot;","block_context":{"text":"Deutsch","link":"https:\/\/www.achimbrueckner.de\/dxradio\/php\/wordpress\/?cat=1"},"img":{"alt_text":"","src":"","width":0,"height":0},"classes":[]},{"id":1136,"url":"https:\/\/www.achimbrueckner.de\/dxradio\/php\/wordpress\/?p=1136","url_meta":{"origin":3987,"position":2},"title":"Kurzwelle im Fernsehen","author":"Administrator","date":"September 10, 2010","format":false,"excerpt":"Das Magazin Galileo berichtete gestern \u00fcber Kurzwelle, Radiosignale und Utillity. Zuschauer aus Deutschland k\u00f6nnen sich den Bericht unter http:\/\/www.prosieben.de\/tv\/galileo\/videos\/clip\/30948-mysterioese-radio-signale-1.2010038\/ ansehen. Info via A-DX","rel":"","context":"In &quot;Deutsch&quot;","block_context":{"text":"Deutsch","link":"https:\/\/www.achimbrueckner.de\/dxradio\/php\/wordpress\/?cat=1"},"img":{"alt_text":"","src":"","width":0,"height":0},"classes":[]},{"id":7021,"url":"https:\/\/www.achimbrueckner.de\/dxradio\/php\/wordpress\/?p=7021","url_meta":{"origin":3987,"position":3},"title":"B\u00fcrgerfernsehen","author":"Administrator","date":"December 22, 2015","format":false,"excerpt":"http:\/\/www.zeit.de\/zeit-magazin\/2015\/49\/deutschlandkarte-offener-kanal","rel":"","context":"In &quot;Deutsch&quot;","block_context":{"text":"Deutsch","link":"https:\/\/www.achimbrueckner.de\/dxradio\/php\/wordpress\/?cat=1"},"img":{"alt_text":"","src":"","width":0,"height":0},"classes":[]},{"id":36350,"url":"https:\/\/www.achimbrueckner.de\/dxradio\/php\/wordpress\/?p=36350","url_meta":{"origin":3987,"position":4},"title":"Fu\u00dfball-M\u00fcdigkeit im Fernsehen R\u00fcckl\u00e4ufige TV-Reichweiten: Woran krankt die Bundesliga?","author":"Administrator","date":"May 16, 2022","format":false,"excerpt":"https:\/\/www.dwdl.de\/magazin\/87913\/ruecklaeufige_tvreichweiten_woran_krankt_die_bundesliga\/","rel":"","context":"In &quot;Deutsch&quot;","block_context":{"text":"Deutsch","link":"https:\/\/www.achimbrueckner.de\/dxradio\/php\/wordpress\/?cat=1"},"img":{"alt_text":"","src":"","width":0,"height":0},"classes":[]},{"id":32670,"url":"https:\/\/www.achimbrueckner.de\/dxradio\/php\/wordpress\/?p=32670","url_meta":{"origin":3987,"position":5},"title":"Spieletechnik im Fernsehen Der M\u00f6glichmacher f\u00fcr TV-Shows: Geht nicht, gibt&#8217;s nicht","author":"Administrator","date":"May 14, 2021","format":false,"excerpt":"https:\/\/www.dwdl.de\/magazin\/82715\/der_moeglichmacher_fuer_tvshows_geht_nicht_gibts_nicht\/","rel":"","context":"In &quot;Deutsch&quot;","block_context":{"text":"Deutsch","link":"https:\/\/www.achimbrueckner.de\/dxradio\/php\/wordpress\/?cat=1"},"img":{"alt_text":"","src":"","width":0,"height":0},"classes":[]}],"_links":{"self":[{"href":"https:\/\/www.achimbrueckner.de\/dxradio\/php\/wordpress\/index.php?rest_route=\/wp\/v2\/posts\/3987","targetHints":{"allow":["GET"]}}],"collection":[{"href":"https:\/\/www.achimbrueckner.de\/dxradio\/php\/wordpress\/index.php?rest_route=\/wp\/v2\/posts"}],"about":[{"href":"https:\/\/www.achimbrueckner.de\/dxradio\/php\/wordpress\/index.php?rest_route=\/wp\/v2\/types\/post"}],"author":[{"embeddable":true,"href":"https:\/\/www.achimbrueckner.de\/dxradio\/php\/wordpress\/index.php?rest_route=\/wp\/v2\/users\/1"}],"replies":[{"embeddable":true,"href":"https:\/\/www.achimbrueckner.de\/dxradio\/php\/wordpress\/index.php?rest_route=%2Fwp%2Fv2%2Fcomments&post=3987"}],"version-history":[{"count":0,"href":"https:\/\/www.achimbrueckner.de\/dxradio\/php\/wordpress\/index.php?rest_route=\/wp\/v2\/posts\/3987\/revisions"}],"wp:attachment":[{"href":"https:\/\/www.achimbrueckner.de\/dxradio\/php\/wordpress\/index.php?rest_route=%2Fwp%2Fv2%2Fmedia&parent=3987"}],"wp:term":[{"taxonomy":"category","embeddable":true,"href":"https:\/\/www.achimbrueckner.de\/dxradio\/php\/wordpress\/index.php?rest_route=%2Fwp%2Fv2%2Fcategories&post=3987"},{"taxonomy":"post_tag","embeddable":true,"href":"https:\/\/www.achimbrueckner.de\/dxradio\/php\/wordpress\/index.php?rest_route=%2Fwp%2Fv2%2Ftags&post=3987"}],"curies":[{"name":"wp","href":"https:\/\/api.w.org\/{rel}","templated":true}]}}