{"id":39993,"date":"2023-08-09T16:10:36","date_gmt":"2023-08-09T16:10:36","guid":{"rendered":"https:\/\/www.achimbrueckner.de\/dxradio\/php\/wordpress\/?p=39993"},"modified":"2023-08-09T16:10:36","modified_gmt":"2023-08-09T16:10:36","slug":"oldie-antenne-automatischer-wechsel-zwischen-den-multiplexen","status":"publish","type":"post","link":"https:\/\/www.achimbrueckner.de\/dxradio\/php\/wordpress\/?p=39993","title":{"rendered":"Oldie Antenne: Automatischer Wechsel zwischen den Multiplexen"},"content":{"rendered":"<p><a href=\"https:\/\/www.radioblog.eu\/2023\/08\/09\/oldie-antenne-automatischer-wechsel-zwischen-den-multiplexen\/\" rel=\"noopener\" target=\"_blank\">https:\/\/www.radioblog.eu\/2023\/08\/09\/oldie-antenne-automatischer-wechsel-zwischen-den-multiplexen\/<\/a><\/p>\n","protected":false},"excerpt":{"rendered":"<p>https:\/\/www.radioblog.eu\/2023\/08\/09\/oldie-antenne-automatischer-wechsel-zwischen-den-multiplexen\/<\/p>\n","protected":false},"author":1,"featured_media":0,"comment_status":"closed","ping_status":"open","sticky":false,"template":"","format":"standard","meta":{"_jetpack_memberships_contains_paid_content":false,"footnotes":"","jetpack_publicize_message":"","jetpack_publicize_feature_enabled":true,"jetpack_social_post_already_shared":true,"jetpack_social_options":{"image_generator_settings":{"template":"highway","default_image_id":0,"font":"","enabled":false},"version":2}},"categories":[1],"tags":[],"class_list":["post-39993","post","type-post","status-publish","format-standard","hentry","category-deutsch"],"jetpack_publicize_connections":[],"jetpack_featured_media_url":"","jetpack_sharing_enabled":true,"jetpack_shortlink":"https:\/\/wp.me\/p5CDmr-ap3","jetpack-related-posts":[{"id":32525,"url":"https:\/\/www.achimbrueckner.de\/dxradio\/php\/wordpress\/?p=32525","url_meta":{"origin":39993,"position":0},"title":"Empfangstest: Rock Antenne in zwei Multiplexen","author":"Administrator","date":"April 19, 2021","format":false,"excerpt":"https:\/\/www.smartphonefan.de\/2021\/04\/19\/empfangstest-rock-antenne-in-zwei-multiplexen\/","rel":"","context":"In &quot;Deutsch&quot;","block_context":{"text":"Deutsch","link":"https:\/\/www.achimbrueckner.de\/dxradio\/php\/wordpress\/?cat=1"},"img":{"alt_text":"","src":"","width":0,"height":0},"classes":[]},{"id":36010,"url":"https:\/\/www.achimbrueckner.de\/dxradio\/php\/wordpress\/?p=36010","url_meta":{"origin":39993,"position":1},"title":"Uwe Bahn: Oldie Antenne schnappt sich den n\u00e4chsten Promi","author":"Administrator","date":"April 27, 2022","format":false,"excerpt":"https:\/\/www.smartphonefan.de\/2022\/04\/27\/uwe-bahn-oldie-antenne-schnappt-sich-den-naechsten-promi\/","rel":"","context":"In &quot;Deutsch&quot;","block_context":{"text":"Deutsch","link":"https:\/\/www.achimbrueckner.de\/dxradio\/php\/wordpress\/?cat=1"},"img":{"alt_text":"","src":"","width":0,"height":0},"classes":[]},{"id":33459,"url":"https:\/\/www.achimbrueckner.de\/dxradio\/php\/wordpress\/?p=33459","url_meta":{"origin":39993,"position":2},"title":"Kommt nach der Rock Antenne die Oldie Antenne?","author":"Administrator","date":"August 29, 2021","format":false,"excerpt":"https:\/\/www.smartphonefan.de\/2021\/08\/29\/kommt-nach-der-rock-antenne-die-oldie-antenne\/","rel":"","context":"In &quot;Deutsch&quot;","block_context":{"text":"Deutsch","link":"https:\/\/www.achimbrueckner.de\/dxradio\/php\/wordpress\/?cat=1"},"img":{"alt_text":"","src":"","width":0,"height":0},"classes":[]},{"id":39912,"url":"https:\/\/www.achimbrueckner.de\/dxradio\/php\/wordpress\/?p=39912","url_meta":{"origin":39993,"position":3},"title":"Oldie Antenne ersetzt Antenne Bayern im zweiten DAB+ \u201eBundesmux\u201c","author":"Administrator","date":"July 26, 2023","format":false,"excerpt":"https:\/\/www.radioblog.eu\/2023\/07\/26\/oldie-antenne-ersetzt-antenne-bayern-im-zweiten-dab-bundesmux\/","rel":"","context":"In &quot;Deutsch&quot;","block_context":{"text":"Deutsch","link":"https:\/\/www.achimbrueckner.de\/dxradio\/php\/wordpress\/?cat=1"},"img":{"alt_text":"","src":"","width":0,"height":0},"classes":[]},{"id":42844,"url":"https:\/\/www.achimbrueckner.de\/dxradio\/php\/wordpress\/?p=42844","url_meta":{"origin":39993,"position":4},"title":"Schweiz: Radio Vostok in zwei DAB+ Multiplexen","author":"Administrator","date":"May 21, 2025","format":false,"excerpt":"https:\/\/www.radioblog.eu\/2025\/05\/21\/schweiz-radio-vostok-in-zwei-dab-multiplexen\/","rel":"","context":"In &quot;Deutsch&quot;","block_context":{"text":"Deutsch","link":"https:\/\/www.achimbrueckner.de\/dxradio\/php\/wordpress\/?cat=1"},"img":{"alt_text":"","src":"","width":0,"height":0},"classes":[]},{"id":39948,"url":"https:\/\/www.achimbrueckner.de\/dxradio\/php\/wordpress\/?p=39948","url_meta":{"origin":39993,"position":5},"title":"H\u00f6rerservice best\u00e4tigt: Antenne Bayern \u00fcbernimmt regionale DAB+-Sendepl\u00e4tze der Oldie Antenne","author":"Administrator","date":"August 2, 2023","format":false,"excerpt":"https:\/\/www.radioblog.eu\/2023\/08\/01\/antenne-bayern-uebernimmt-regionale-dab-sendeplaetze-der-oldie-antenne\/","rel":"","context":"In &quot;Deutsch&quot;","block_context":{"text":"Deutsch","link":"https:\/\/www.achimbrueckner.de\/dxradio\/php\/wordpress\/?cat=1"},"img":{"alt_text":"","src":"","width":0,"height":0},"classes":[]}],"_links":{"self":[{"href":"https:\/\/www.achimbrueckner.de\/dxradio\/php\/wordpress\/index.php?rest_route=\/wp\/v2\/posts\/39993","targetHints":{"allow":["GET"]}}],"collection":[{"href":"https:\/\/www.achimbrueckner.de\/dxradio\/php\/wordpress\/index.php?rest_route=\/wp\/v2\/posts"}],"about":[{"href":"https:\/\/www.achimbrueckner.de\/dxradio\/php\/wordpress\/index.php?rest_route=\/wp\/v2\/types\/post"}],"author":[{"embeddable":true,"href":"https:\/\/www.achimbrueckner.de\/dxradio\/php\/wordpress\/index.php?rest_route=\/wp\/v2\/users\/1"}],"replies":[{"embeddable":true,"href":"https:\/\/www.achimbrueckner.de\/dxradio\/php\/wordpress\/index.php?rest_route=%2Fwp%2Fv2%2Fcomments&post=39993"}],"version-history":[{"count":0,"href":"https:\/\/www.achimbrueckner.de\/dxradio\/php\/wordpress\/index.php?rest_route=\/wp\/v2\/posts\/39993\/revisions"}],"wp:attachment":[{"href":"https:\/\/www.achimbrueckner.de\/dxradio\/php\/wordpress\/index.php?rest_route=%2Fwp%2Fv2%2Fmedia&parent=39993"}],"wp:term":[{"taxonomy":"category","embeddable":true,"href":"https:\/\/www.achimbrueckner.de\/dxradio\/php\/wordpress\/index.php?rest_route=%2Fwp%2Fv2%2Fcategories&post=39993"},{"taxonomy":"post_tag","embeddable":true,"href":"https:\/\/www.achimbrueckner.de\/dxradio\/php\/wordpress\/index.php?rest_route=%2Fwp%2Fv2%2Ftags&post=39993"}],"curies":[{"name":"wp","href":"https:\/\/api.w.org\/{rel}","templated":true}]}}