{"id":40022,"date":"2023-08-15T14:43:13","date_gmt":"2023-08-15T14:43:13","guid":{"rendered":"https:\/\/www.achimbrueckner.de\/dxradio\/php\/wordpress\/?p=40022"},"modified":"2023-08-15T14:43:13","modified_gmt":"2023-08-15T14:43:13","slug":"us-senatoren-fordern-gesetz-fur-am-radio-empfang-mittelwelle-fur-alle-autos-fur-immer","status":"publish","type":"post","link":"https:\/\/www.achimbrueckner.de\/dxradio\/php\/wordpress\/?p=40022","title":{"rendered":"US-SENATOREN FORDERN GESETZ F\u00dcR AM-RADIO-EMPFANG Mittelwelle f\u00fcr alle Autos f\u00fcr immer"},"content":{"rendered":"<p><a href=\"https:\/\/www.auto-motor-und-sport.de\/tech-zukunft\/mittelwellen-radio-pflichtausstattung-us-neuwagen\/\" rel=\"noopener\" target=\"_blank\">https:\/\/www.auto-motor-und-sport.de\/tech-zukunft\/mittelwellen-radio-pflichtausstattung-us-neuwagen\/<\/a><\/p>\n","protected":false},"excerpt":{"rendered":"<p>https:\/\/www.auto-motor-und-sport.de\/tech-zukunft\/mittelwellen-radio-pflichtausstattung-us-neuwagen\/<\/p>\n","protected":false},"author":1,"featured_media":0,"comment_status":"closed","ping_status":"open","sticky":false,"template":"","format":"standard","meta":{"_jetpack_memberships_contains_paid_content":false,"footnotes":"","jetpack_publicize_message":"","jetpack_publicize_feature_enabled":true,"jetpack_social_post_already_shared":true,"jetpack_social_options":{"image_generator_settings":{"template":"highway","default_image_id":0,"font":"","enabled":false},"version":2}},"categories":[1],"tags":[],"class_list":["post-40022","post","type-post","status-publish","format-standard","hentry","category-deutsch"],"jetpack_publicize_connections":[],"jetpack_featured_media_url":"","jetpack_sharing_enabled":true,"jetpack_shortlink":"https:\/\/wp.me\/p5CDmr-apw","jetpack-related-posts":[{"id":42420,"url":"https:\/\/www.achimbrueckner.de\/dxradio\/php\/wordpress\/?p=42420","url_meta":{"origin":40022,"position":0},"title":"Radio Onda Ausschreibung Kurzwelle","author":"Administrator","date":"March 23, 2025","format":false,"excerpt":"LUXEMBURG: Eine Lizenz f\u00fcr den Betrieb von vier Kurzwellensendern in Junglinster wurde von Elisabeth Margue, der f\u00fcr Medien und Konnektivit\u00e4t zust\u00e4ndigen Ministerin des Premierministers, eine Lizenz f\u00fcr den Betrieb von vier Kurzwellensendern in Junglinster erteilt. Der belgische Rundfunk RADIO ONDA hat die Ausschreibung f\u00fcr die \u00dcbertragung auf folgenden Frequenzen gewonnen:\u2026","rel":"","context":"In &quot;Deutsch&quot;","block_context":{"text":"Deutsch","link":"https:\/\/www.achimbrueckner.de\/dxradio\/php\/wordpress\/?cat=1"},"img":{"alt_text":"","src":"","width":0,"height":0},"classes":[]},{"id":14768,"url":"https:\/\/www.achimbrueckner.de\/dxradio\/php\/wordpress\/?p=14768","url_meta":{"origin":40022,"position":1},"title":"Neue Webradios: Radio Lina nur f\u00fcr Frauen \u2013 Radio Ludwig nur f\u00fcr M\u00e4nner","author":"Administrator","date":"September 29, 2017","format":false,"excerpt":"http:\/\/www.radioszene.de\/113532\/radio-lina-frauen-radio-ludwig-maenner.html","rel":"","context":"In &quot;Deutsch&quot;","block_context":{"text":"Deutsch","link":"https:\/\/www.achimbrueckner.de\/dxradio\/php\/wordpress\/?cat=1"},"img":{"alt_text":"","src":"","width":0,"height":0},"classes":[]},{"id":12838,"url":"https:\/\/www.achimbrueckner.de\/dxradio\/php\/wordpress\/?p=12838","url_meta":{"origin":40022,"position":2},"title":"Kurzwellen-Sondersendungen von der 24. IARU-Region 1-Konferenz","author":"Administrator","date":"April 13, 2017","format":false,"excerpt":"RADIO DARC berichtet in Kurzwellen-Sondersendungen von der 24. IARU-Region 1-Konferenz aus Landshut Vom 16. bis 22. September 2017 findet in Landshut bei M\u00fcnchen die IARU-Region-1-Konferenz statt. Deutschland war 1958 das letzte Mal Gastgeber dieser Veranstaltung der Internationalen Amateur-Radio-Union. 130 Delegierte von vielen der 96 Mitgliedsverb\u00e4nden werden dort Fragen rund um\u2026","rel":"","context":"In &quot;Deutsch&quot;","block_context":{"text":"Deutsch","link":"https:\/\/www.achimbrueckner.de\/dxradio\/php\/wordpress\/?cat=1"},"img":{"alt_text":"","src":"","width":0,"height":0},"classes":[]},{"id":1062,"url":"https:\/\/www.achimbrueckner.de\/dxradio\/php\/wordpress\/?p=1062","url_meta":{"origin":40022,"position":3},"title":"H\u00f6rtipps Webradio","author":"Administrator","date":"June 28, 2010","format":false,"excerpt":"H\u00f6rtipps Webradio von J\u00fcrgen Fenn: F\u00fcr VLC media player: http:\/\/www.juergenfenn.de\/radio\/senderliste.xspf F\u00fcr iTunes: http:\/\/www.juergenfenn.de\/radio\/Radio_deutsch.xml http:\/\/www.juergenfenn.de\/radio\/Radio_franzoesisch.xml http:\/\/www.juergenfenn.de\/radio\/Radio_englisch.xml Info via Net-Radio","rel":"","context":"In &quot;Deutsch&quot;","block_context":{"text":"Deutsch","link":"https:\/\/www.achimbrueckner.de\/dxradio\/php\/wordpress\/?cat=1"},"img":{"alt_text":"","src":"","width":0,"height":0},"classes":[]},{"id":6320,"url":"https:\/\/www.achimbrueckner.de\/dxradio\/php\/wordpress\/?p=6320","url_meta":{"origin":40022,"position":4},"title":"Erster Erfolg f\u00fcr Internet-Radio f\u00fcr Oldtimer-Fans","author":"Administrator","date":"October 27, 2015","format":false,"excerpt":"https:\/\/www.infosat.de\/radio\/erster-erfolg-f-r-internet-radio-f-r-oldtimer-fans","rel":"","context":"In &quot;Deutsch&quot;","block_context":{"text":"Deutsch","link":"https:\/\/www.achimbrueckner.de\/dxradio\/php\/wordpress\/?cat=1"},"img":{"alt_text":"","src":"","width":0,"height":0},"classes":[]},{"id":1975,"url":"https:\/\/www.achimbrueckner.de\/dxradio\/php\/wordpress\/?p=1975","url_meta":{"origin":40022,"position":5},"title":"Medienpreis f\u00fcr Radio-Ikone Lex Harding","author":"Administrator","date":"November 25, 2011","format":false,"excerpt":"Medienpreis f\u00fcr Radio-Ikone Lex Harding http:\/\/www.radioszene.de\/32035\/medienpreis-fuer-radio-ikone-lex-harding.html","rel":"","context":"In &quot;Deutsch&quot;","block_context":{"text":"Deutsch","link":"https:\/\/www.achimbrueckner.de\/dxradio\/php\/wordpress\/?cat=1"},"img":{"alt_text":"","src":"","width":0,"height":0},"classes":[]}],"_links":{"self":[{"href":"https:\/\/www.achimbrueckner.de\/dxradio\/php\/wordpress\/index.php?rest_route=\/wp\/v2\/posts\/40022","targetHints":{"allow":["GET"]}}],"collection":[{"href":"https:\/\/www.achimbrueckner.de\/dxradio\/php\/wordpress\/index.php?rest_route=\/wp\/v2\/posts"}],"about":[{"href":"https:\/\/www.achimbrueckner.de\/dxradio\/php\/wordpress\/index.php?rest_route=\/wp\/v2\/types\/post"}],"author":[{"embeddable":true,"href":"https:\/\/www.achimbrueckner.de\/dxradio\/php\/wordpress\/index.php?rest_route=\/wp\/v2\/users\/1"}],"replies":[{"embeddable":true,"href":"https:\/\/www.achimbrueckner.de\/dxradio\/php\/wordpress\/index.php?rest_route=%2Fwp%2Fv2%2Fcomments&post=40022"}],"version-history":[{"count":0,"href":"https:\/\/www.achimbrueckner.de\/dxradio\/php\/wordpress\/index.php?rest_route=\/wp\/v2\/posts\/40022\/revisions"}],"wp:attachment":[{"href":"https:\/\/www.achimbrueckner.de\/dxradio\/php\/wordpress\/index.php?rest_route=%2Fwp%2Fv2%2Fmedia&parent=40022"}],"wp:term":[{"taxonomy":"category","embeddable":true,"href":"https:\/\/www.achimbrueckner.de\/dxradio\/php\/wordpress\/index.php?rest_route=%2Fwp%2Fv2%2Fcategories&post=40022"},{"taxonomy":"post_tag","embeddable":true,"href":"https:\/\/www.achimbrueckner.de\/dxradio\/php\/wordpress\/index.php?rest_route=%2Fwp%2Fv2%2Ftags&post=40022"}],"curies":[{"name":"wp","href":"https:\/\/api.w.org\/{rel}","templated":true}]}}