{"id":40095,"date":"2023-09-01T14:03:05","date_gmt":"2023-09-01T14:03:05","guid":{"rendered":"https:\/\/www.achimbrueckner.de\/dxradio\/php\/wordpress\/?p=40095"},"modified":"2023-09-01T14:03:05","modified_gmt":"2023-09-01T14:03:05","slug":"michael-hambrock-neuer-geschaftsfuhrer-fur-energy-munchen-und-nurnberg","status":"publish","type":"post","link":"https:\/\/www.achimbrueckner.de\/dxradio\/php\/wordpress\/?p=40095","title":{"rendered":"Michael Hambrock neuer Gesch\u00e4ftsf\u00fchrer f\u00fcr ENERGY M\u00fcnchen und N\u00fcrnberg"},"content":{"rendered":"<p><a href=\"https:\/\/www.radioszene.de\/179122\/michael-hambrock-energy.html\" rel=\"noopener\" target=\"_blank\">https:\/\/www.radioszene.de\/179122\/michael-hambrock-energy.html<\/a><\/p>\n","protected":false},"excerpt":{"rendered":"<p>https:\/\/www.radioszene.de\/179122\/michael-hambrock-energy.html<\/p>\n","protected":false},"author":1,"featured_media":0,"comment_status":"closed","ping_status":"open","sticky":false,"template":"","format":"standard","meta":{"_jetpack_memberships_contains_paid_content":false,"footnotes":"","jetpack_publicize_message":"","jetpack_publicize_feature_enabled":true,"jetpack_social_post_already_shared":true,"jetpack_social_options":{"image_generator_settings":{"template":"highway","default_image_id":0,"font":"","enabled":false},"version":2}},"categories":[1],"tags":[],"class_list":["post-40095","post","type-post","status-publish","format-standard","hentry","category-deutsch"],"jetpack_publicize_connections":[],"jetpack_featured_media_url":"","jetpack_sharing_enabled":true,"jetpack_shortlink":"https:\/\/wp.me\/p5CDmr-aqH","jetpack-related-posts":[{"id":21233,"url":"https:\/\/www.achimbrueckner.de\/dxradio\/php\/wordpress\/?p=21233","url_meta":{"origin":40095,"position":0},"title":"Michael K\u00fchn ab morgen neuer Radio 7-Gesch\u00e4ftsf\u00fchrer","author":"Administrator","date":"January 31, 2019","format":false,"excerpt":"https:\/\/www.radioszene.de\/129904\/michael-kuehn-radio7.html","rel":"","context":"In &quot;Deutsch&quot;","block_context":{"text":"Deutsch","link":"https:\/\/www.achimbrueckner.de\/dxradio\/php\/wordpress\/?cat=1"},"img":{"alt_text":"","src":"","width":0,"height":0},"classes":[]},{"id":41818,"url":"https:\/\/www.achimbrueckner.de\/dxradio\/php\/wordpress\/?p=41818","url_meta":{"origin":40095,"position":1},"title":"Flo Kerschner zur\u00fcck im Radio bei ENERGY und NOSTALGIE","author":"Administrator","date":"October 17, 2024","format":false,"excerpt":"https:\/\/www.radioszene.de\/191815\/flo-kerschner-nostalgie-energy.html","rel":"","context":"In &quot;Deutsch&quot;","block_context":{"text":"Deutsch","link":"https:\/\/www.achimbrueckner.de\/dxradio\/php\/wordpress\/?cat=1"},"img":{"alt_text":"","src":"","width":0,"height":0},"classes":[]},{"id":37706,"url":"https:\/\/www.achimbrueckner.de\/dxradio\/php\/wordpress\/?p=37706","url_meta":{"origin":40095,"position":2},"title":"Neuer Radiosender f\u00fcr M\u00fcnchen: 089Kult geht am 1. Dezember on air","author":"Administrator","date":"October 17, 2022","format":false,"excerpt":"https:\/\/www.radioszene.de\/168054\/089kult.html","rel":"","context":"In &quot;Deutsch&quot;","block_context":{"text":"Deutsch","link":"https:\/\/www.achimbrueckner.de\/dxradio\/php\/wordpress\/?cat=1"},"img":{"alt_text":"","src":"","width":0,"height":0},"classes":[]},{"id":36828,"url":"https:\/\/www.achimbrueckner.de\/dxradio\/php\/wordpress\/?p=36828","url_meta":{"origin":40095,"position":3},"title":"Michael Weiland neuer Pressesprecher der Audiotainment S\u00fcdwest","author":"Administrator","date":"July 4, 2022","format":false,"excerpt":"https:\/\/www.radioszene.de\/164989\/michael-weiland-audiotainment-suedwest.html","rel":"","context":"In &quot;Deutsch&quot;","block_context":{"text":"Deutsch","link":"https:\/\/www.achimbrueckner.de\/dxradio\/php\/wordpress\/?cat=1"},"img":{"alt_text":"","src":"","width":0,"height":0},"classes":[]},{"id":36344,"url":"https:\/\/www.achimbrueckner.de\/dxradio\/php\/wordpress\/?p=36344","url_meta":{"origin":40095,"position":4},"title":"Michael Thuge neuer Chefredakteur von Radio Leverkusen","author":"Administrator","date":"May 15, 2022","format":false,"excerpt":"https:\/\/www.radioszene.de\/163817\/michael-thuge-radio-leverkusen-chefredakteur.html","rel":"","context":"In &quot;Deutsch&quot;","block_context":{"text":"Deutsch","link":"https:\/\/www.achimbrueckner.de\/dxradio\/php\/wordpress\/?cat=1"},"img":{"alt_text":"","src":"","width":0,"height":0},"classes":[]},{"id":45292,"url":"https:\/\/www.achimbrueckner.de\/dxradio\/php\/wordpress\/?p=45292","url_meta":{"origin":40095,"position":5},"title":"GNTM-Model Klaudia Giez bekommt Radio-Kolumne bei ENERGY","author":"Administrator","date":"March 21, 2026","format":false,"excerpt":"https:\/\/www.radioszene.de\/212298\/klaudia-giez-energy.html","rel":"","context":"In &quot;Deutsch&quot;","block_context":{"text":"Deutsch","link":"https:\/\/www.achimbrueckner.de\/dxradio\/php\/wordpress\/?cat=1"},"img":{"alt_text":"","src":"","width":0,"height":0},"classes":[]}],"_links":{"self":[{"href":"https:\/\/www.achimbrueckner.de\/dxradio\/php\/wordpress\/index.php?rest_route=\/wp\/v2\/posts\/40095","targetHints":{"allow":["GET"]}}],"collection":[{"href":"https:\/\/www.achimbrueckner.de\/dxradio\/php\/wordpress\/index.php?rest_route=\/wp\/v2\/posts"}],"about":[{"href":"https:\/\/www.achimbrueckner.de\/dxradio\/php\/wordpress\/index.php?rest_route=\/wp\/v2\/types\/post"}],"author":[{"embeddable":true,"href":"https:\/\/www.achimbrueckner.de\/dxradio\/php\/wordpress\/index.php?rest_route=\/wp\/v2\/users\/1"}],"replies":[{"embeddable":true,"href":"https:\/\/www.achimbrueckner.de\/dxradio\/php\/wordpress\/index.php?rest_route=%2Fwp%2Fv2%2Fcomments&post=40095"}],"version-history":[{"count":0,"href":"https:\/\/www.achimbrueckner.de\/dxradio\/php\/wordpress\/index.php?rest_route=\/wp\/v2\/posts\/40095\/revisions"}],"wp:attachment":[{"href":"https:\/\/www.achimbrueckner.de\/dxradio\/php\/wordpress\/index.php?rest_route=%2Fwp%2Fv2%2Fmedia&parent=40095"}],"wp:term":[{"taxonomy":"category","embeddable":true,"href":"https:\/\/www.achimbrueckner.de\/dxradio\/php\/wordpress\/index.php?rest_route=%2Fwp%2Fv2%2Fcategories&post=40095"},{"taxonomy":"post_tag","embeddable":true,"href":"https:\/\/www.achimbrueckner.de\/dxradio\/php\/wordpress\/index.php?rest_route=%2Fwp%2Fv2%2Ftags&post=40095"}],"curies":[{"name":"wp","href":"https:\/\/api.w.org\/{rel}","templated":true}]}}