{"id":40138,"date":"2023-09-14T13:51:44","date_gmt":"2023-09-14T13:51:44","guid":{"rendered":"https:\/\/www.achimbrueckner.de\/dxradio\/php\/wordpress\/?p=40138"},"modified":"2023-09-14T13:51:44","modified_gmt":"2023-09-14T13:51:44","slug":"uberblick-autoradios-auf-der-iaa-mobility-2023","status":"publish","type":"post","link":"https:\/\/www.achimbrueckner.de\/dxradio\/php\/wordpress\/?p=40138","title":{"rendered":"\u00dcberblick: Autoradios auf der IAA Mobility 2023"},"content":{"rendered":"<p><a href=\"https:\/\/www.radioblog.eu\/2023\/09\/14\/ueberblick-autoradios-auf-der-iaa-mobility-2023\/\" rel=\"noopener\" target=\"_blank\">https:\/\/www.radioblog.eu\/2023\/09\/14\/ueberblick-autoradios-auf-der-iaa-mobility-2023\/<\/a><\/p>\n","protected":false},"excerpt":{"rendered":"<p>https:\/\/www.radioblog.eu\/2023\/09\/14\/ueberblick-autoradios-auf-der-iaa-mobility-2023\/<\/p>\n","protected":false},"author":1,"featured_media":0,"comment_status":"closed","ping_status":"open","sticky":false,"template":"","format":"standard","meta":{"_jetpack_memberships_contains_paid_content":false,"footnotes":"","jetpack_publicize_message":"","jetpack_publicize_feature_enabled":true,"jetpack_social_post_already_shared":true,"jetpack_social_options":{"image_generator_settings":{"template":"highway","default_image_id":0,"font":"","enabled":false},"version":2}},"categories":[1],"tags":[],"class_list":["post-40138","post","type-post","status-publish","format-standard","hentry","category-deutsch"],"jetpack_publicize_connections":[],"jetpack_featured_media_url":"","jetpack_sharing_enabled":true,"jetpack_shortlink":"https:\/\/wp.me\/p5CDmr-aro","jetpack-related-posts":[{"id":43857,"url":"https:\/\/www.achimbrueckner.de\/dxradio\/php\/wordpress\/?p=43857","url_meta":{"origin":40138,"position":0},"title":"IAA Mobility: Hier gibt es noch \u201erichtige\u201c Autoradios","author":"Administrator","date":"September 22, 2025","format":false,"excerpt":"https:\/\/www.radioblog.eu\/2025\/09\/21\/iaa-mobility-hier-gibt-es-noch-richtige-autoradios\/","rel":"","context":"In &quot;Deutsch&quot;","block_context":{"text":"Deutsch","link":"https:\/\/www.achimbrueckner.de\/dxradio\/php\/wordpress\/?cat=1"},"img":{"alt_text":"","src":"","width":0,"height":0},"classes":[]},{"id":39605,"url":"https:\/\/www.achimbrueckner.de\/dxradio\/php\/wordpress\/?p=39605","url_meta":{"origin":40138,"position":1},"title":"Rolle r\u00fcckw\u00e4rts: Ford beh\u00e4lt AM in US-Autoradios bei","author":"Administrator","date":"June 5, 2023","format":false,"excerpt":"https:\/\/www.radioblog.eu\/2023\/06\/04\/rolle-rueckwaerts-ford-behaelt-am-in-us-autoradios-bei\/","rel":"","context":"In &quot;Deutsch&quot;","block_context":{"text":"Deutsch","link":"https:\/\/www.achimbrueckner.de\/dxradio\/php\/wordpress\/?cat=1"},"img":{"alt_text":"","src":"","width":0,"height":0},"classes":[]},{"id":33554,"url":"https:\/\/www.achimbrueckner.de\/dxradio\/php\/wordpress\/?p=33554","url_meta":{"origin":40138,"position":2},"title":"IAA: Fast alle Hersteller verkauften &#8220;kastrierte&#8221; Autoradios","author":"Administrator","date":"September 11, 2021","format":false,"excerpt":"https:\/\/www.teltarif.de\/autoradio-frequenzabstimmung-probleme\/news\/85708.html","rel":"","context":"In &quot;Deutsch&quot;","block_context":{"text":"Deutsch","link":"https:\/\/www.achimbrueckner.de\/dxradio\/php\/wordpress\/?cat=1"},"img":{"alt_text":"","src":"","width":0,"height":0},"classes":[]},{"id":24759,"url":"https:\/\/www.achimbrueckner.de\/dxradio\/php\/wordpress\/?p=24759","url_meta":{"origin":40138,"position":3},"title":"TechniSat DAB+ Radios auf der IAA","author":"Administrator","date":"September 12, 2019","format":false,"excerpt":"https:\/\/www.eifelzeitung.de\/medien\/technisat-dab-radios-auf-der-iaa-223154\/","rel":"","context":"In &quot;Deutsch&quot;","block_context":{"text":"Deutsch","link":"https:\/\/www.achimbrueckner.de\/dxradio\/php\/wordpress\/?cat=1"},"img":{"alt_text":"","src":"","width":0,"height":0},"classes":[]},{"id":37914,"url":"https:\/\/www.achimbrueckner.de\/dxradio\/php\/wordpress\/?p=37914","url_meta":{"origin":40138,"position":4},"title":"Seat Ateca: Eines der besten und zugleich schlechtesten Autoradios","author":"Administrator","date":"November 12, 2022","format":false,"excerpt":"https:\/\/www.radioblog.eu\/2022\/11\/12\/seat-ateca-eines-der-besten-und-zugleich-schlechtesten-autoradios\/","rel":"","context":"In &quot;Deutsch&quot;","block_context":{"text":"Deutsch","link":"https:\/\/www.achimbrueckner.de\/dxradio\/php\/wordpress\/?cat=1"},"img":{"alt_text":"","src":"","width":0,"height":0},"classes":[]},{"id":33573,"url":"https:\/\/www.achimbrueckner.de\/dxradio\/php\/wordpress\/?p=33573","url_meta":{"origin":40138,"position":5},"title":"Autos mit Internet und Apps: Das war die IAA Mobility","author":"Administrator","date":"September 13, 2021","format":false,"excerpt":"https:\/\/www.teltarif.de\/iaa-mobility-rueckblick-messe\/news\/85726.html","rel":"","context":"In &quot;Deutsch&quot;","block_context":{"text":"Deutsch","link":"https:\/\/www.achimbrueckner.de\/dxradio\/php\/wordpress\/?cat=1"},"img":{"alt_text":"","src":"","width":0,"height":0},"classes":[]}],"_links":{"self":[{"href":"https:\/\/www.achimbrueckner.de\/dxradio\/php\/wordpress\/index.php?rest_route=\/wp\/v2\/posts\/40138","targetHints":{"allow":["GET"]}}],"collection":[{"href":"https:\/\/www.achimbrueckner.de\/dxradio\/php\/wordpress\/index.php?rest_route=\/wp\/v2\/posts"}],"about":[{"href":"https:\/\/www.achimbrueckner.de\/dxradio\/php\/wordpress\/index.php?rest_route=\/wp\/v2\/types\/post"}],"author":[{"embeddable":true,"href":"https:\/\/www.achimbrueckner.de\/dxradio\/php\/wordpress\/index.php?rest_route=\/wp\/v2\/users\/1"}],"replies":[{"embeddable":true,"href":"https:\/\/www.achimbrueckner.de\/dxradio\/php\/wordpress\/index.php?rest_route=%2Fwp%2Fv2%2Fcomments&post=40138"}],"version-history":[{"count":0,"href":"https:\/\/www.achimbrueckner.de\/dxradio\/php\/wordpress\/index.php?rest_route=\/wp\/v2\/posts\/40138\/revisions"}],"wp:attachment":[{"href":"https:\/\/www.achimbrueckner.de\/dxradio\/php\/wordpress\/index.php?rest_route=%2Fwp%2Fv2%2Fmedia&parent=40138"}],"wp:term":[{"taxonomy":"category","embeddable":true,"href":"https:\/\/www.achimbrueckner.de\/dxradio\/php\/wordpress\/index.php?rest_route=%2Fwp%2Fv2%2Fcategories&post=40138"},{"taxonomy":"post_tag","embeddable":true,"href":"https:\/\/www.achimbrueckner.de\/dxradio\/php\/wordpress\/index.php?rest_route=%2Fwp%2Fv2%2Ftags&post=40138"}],"curies":[{"name":"wp","href":"https:\/\/api.w.org\/{rel}","templated":true}]}}