{"id":40162,"date":"2023-09-18T16:35:44","date_gmt":"2023-09-18T16:35:44","guid":{"rendered":"https:\/\/www.achimbrueckner.de\/dxradio\/php\/wordpress\/?p=40162"},"modified":"2023-09-18T16:35:44","modified_gmt":"2023-09-18T16:35:44","slug":"100-jahre-rundfunkgeschichte-von-berlin-aus-machte-radio-die-welle","status":"publish","type":"post","link":"https:\/\/www.achimbrueckner.de\/dxradio\/php\/wordpress\/?p=40162","title":{"rendered":"100 Jahre Rundfunkgeschichte Von Berlin aus machte Radio die Welle"},"content":{"rendered":"<p><a href=\"https:\/\/www.bz-berlin.de\/berlin\/von-berlin-aus-machte-radio-die-welle\" rel=\"noopener\" target=\"_blank\">https:\/\/www.bz-berlin.de\/berlin\/von-berlin-aus-machte-radio-die-welle<\/a><\/p>\n","protected":false},"excerpt":{"rendered":"<p>https:\/\/www.bz-berlin.de\/berlin\/von-berlin-aus-machte-radio-die-welle<\/p>\n","protected":false},"author":1,"featured_media":0,"comment_status":"closed","ping_status":"open","sticky":false,"template":"","format":"standard","meta":{"_jetpack_memberships_contains_paid_content":false,"footnotes":"","jetpack_publicize_message":"","jetpack_publicize_feature_enabled":true,"jetpack_social_post_already_shared":true,"jetpack_social_options":{"image_generator_settings":{"template":"highway","default_image_id":0,"font":"","enabled":false},"version":2}},"categories":[1],"tags":[],"class_list":["post-40162","post","type-post","status-publish","format-standard","hentry","category-deutsch"],"jetpack_publicize_connections":[],"jetpack_featured_media_url":"","jetpack_sharing_enabled":true,"jetpack_shortlink":"https:\/\/wp.me\/p5CDmr-arM","jetpack-related-posts":[{"id":8684,"url":"https:\/\/www.achimbrueckner.de\/dxradio\/php\/wordpress\/?p=8684","url_meta":{"origin":40162,"position":0},"title":"DLR Kultur Feature Geheimes Radio im Kalten Krieg","author":"Administrator","date":"July 1, 2016","format":false,"excerpt":"MI 17.August2016 0.05 Uhr MESZ DLR Kultur Feature Geheimes Radio im Kalten Krieg Produktion: DLR Berlin 2000 \u200bAls vor 60 Jahren, am 17.August 1956, die KPD in der Bundesrepublik Deutschland verboten wurde, ging der \"Deutsche Freiheitssender 904\" von einem geheimen Ort in Ost- Berlin auf Sendung. Seine Durchsagen gaben immer\u2026","rel":"","context":"In &quot;Deutsch&quot;","block_context":{"text":"Deutsch","link":"https:\/\/www.achimbrueckner.de\/dxradio\/php\/wordpress\/?cat=1"},"img":{"alt_text":"","src":"","width":0,"height":0},"classes":[]},{"id":487,"url":"https:\/\/www.achimbrueckner.de\/dxradio\/php\/wordpress\/?p=487","url_meta":{"origin":40162,"position":1},"title":"KBS H\u00f6rertreffen IFA Berlin","author":"Administrator","date":"August 8, 2009","format":false,"excerpt":"KBS-H\u00f6rertreffen \"Liebe H\u00f6rerfreundin, Lieber H\u00f6rerfreund, Am 28.August 2009 ist es wieder soweit, die Internationale Funkausstellung \u00f6ffnet in Berlin ihre Pforten und aus diesem Anlass findet zum 5.Mal das KBS-H\u00f6rertreffen statt. Sehr gerne lade ich Euch zu diesem Treffen ein. Wie auch in den vergangenen Jahren stellt uns die Kulturabteilung der\u2026","rel":"","context":"In &quot;camps&quot;","block_context":{"text":"camps","link":"https:\/\/www.achimbrueckner.de\/dxradio\/php\/wordpress\/?cat=5"},"img":{"alt_text":"","src":"","width":0,"height":0},"classes":[]},{"id":30267,"url":"https:\/\/www.achimbrueckner.de\/dxradio\/php\/wordpress\/?p=30267","url_meta":{"origin":40162,"position":2},"title":"ON AIR. 100 Jahre Radio &#8211; Ausstellungser\u00f6ffnung am 1.Oktober 2020","author":"Administrator","date":"September 30, 2020","format":false,"excerpt":"Liebe Funkfreunde! Es gibt via Moosbrunn auf Kurzwelle am 1.Oktober (also morgen) eine Sondersendung mit dem Titel \"ON AIR. 100 Jahre Radio\" mit einer Livestream \u00dcbertragung 1.10.2020 17.00 - 18.00 UTC 5980 kHz 100 kW mit LPH nach Westeuropa Das Museum f\u00fcr Kommunikation Berlin er\u00f6ffnet am 1.Oktober 2020 eine Sonderausstellung\u2026","rel":"","context":"In &quot;audio&quot;","block_context":{"text":"audio","link":"https:\/\/www.achimbrueckner.de\/dxradio\/php\/wordpress\/?cat=47"},"img":{"alt_text":"","src":"","width":0,"height":0},"classes":[]},{"id":2291,"url":"https:\/\/www.achimbrueckner.de\/dxradio\/php\/wordpress\/?p=2291","url_meta":{"origin":40162,"position":3},"title":"R\u00fcberh\u00f6rn! Die Monitorabteilungen von RIAS Berlin und DDR-Rundfunk","author":"Administrator","date":"September 5, 2012","format":false,"excerpt":"Mi, 3. Okt \u00c2\u00b7 08:05-09:00 MESZ \u00c2\u00b7 Deutschlandradio Kultur Aus den Archiven R\u00fcberh\u00f6rn! Die Monitorabteilungen von RIAS Berlin und DDR-Rundfunk Von Martin Hartwig Info via Net-Radio","rel":"","context":"In &quot;Deutsch&quot;","block_context":{"text":"Deutsch","link":"https:\/\/www.achimbrueckner.de\/dxradio\/php\/wordpress\/?cat=1"},"img":{"alt_text":"","src":"","width":0,"height":0},"classes":[]},{"id":12584,"url":"https:\/\/www.achimbrueckner.de\/dxradio\/php\/wordpress\/?p=12584","url_meta":{"origin":40162,"position":4},"title":"Stimme Koreas 70 Jahre","author":"Administrator","date":"March 21, 2017","format":false,"excerpt":"Liebe Hobby-Froinde! Die \/Stimme Koreas\/, der offizielle Auslandsrundfunkdienst der DVR Korea (Nord), beging am 16. M\u00e4rz d. J. seinen 70. Gr\u00fcndungstag (damals als \/Radio Pyongyang\/ gegr\u00fcndet). Aus diesem Anlass habe ich eine Video-DVD mit Beitr\u00e4gen in sechs Sprachen erstellt, die gerne bei mir pers\u00f6nlich angefordert werden kann. Weiterhin habe ich\u2026","rel":"","context":"In &quot;Deutsch&quot;","block_context":{"text":"Deutsch","link":"https:\/\/www.achimbrueckner.de\/dxradio\/php\/wordpress\/?cat=1"},"img":{"alt_text":"","src":"","width":0,"height":0},"classes":[]},{"id":44809,"url":"https:\/\/www.achimbrueckner.de\/dxradio\/php\/wordpress\/?p=44809","url_meta":{"origin":40162,"position":5},"title":"\u201eArno und die Morgencrew\u201c Radio-Aus f\u00fcr Star-Moderator Arno M\u00fcller bei 104.6 RTL","author":"Administrator","date":"January 13, 2026","format":false,"excerpt":"https:\/\/www.bz-berlin.de\/unterhaltung\/radio-aus-moderator-arno-mueller","rel":"","context":"In &quot;Deutsch&quot;","block_context":{"text":"Deutsch","link":"https:\/\/www.achimbrueckner.de\/dxradio\/php\/wordpress\/?cat=1"},"img":{"alt_text":"","src":"","width":0,"height":0},"classes":[]}],"_links":{"self":[{"href":"https:\/\/www.achimbrueckner.de\/dxradio\/php\/wordpress\/index.php?rest_route=\/wp\/v2\/posts\/40162","targetHints":{"allow":["GET"]}}],"collection":[{"href":"https:\/\/www.achimbrueckner.de\/dxradio\/php\/wordpress\/index.php?rest_route=\/wp\/v2\/posts"}],"about":[{"href":"https:\/\/www.achimbrueckner.de\/dxradio\/php\/wordpress\/index.php?rest_route=\/wp\/v2\/types\/post"}],"author":[{"embeddable":true,"href":"https:\/\/www.achimbrueckner.de\/dxradio\/php\/wordpress\/index.php?rest_route=\/wp\/v2\/users\/1"}],"replies":[{"embeddable":true,"href":"https:\/\/www.achimbrueckner.de\/dxradio\/php\/wordpress\/index.php?rest_route=%2Fwp%2Fv2%2Fcomments&post=40162"}],"version-history":[{"count":0,"href":"https:\/\/www.achimbrueckner.de\/dxradio\/php\/wordpress\/index.php?rest_route=\/wp\/v2\/posts\/40162\/revisions"}],"wp:attachment":[{"href":"https:\/\/www.achimbrueckner.de\/dxradio\/php\/wordpress\/index.php?rest_route=%2Fwp%2Fv2%2Fmedia&parent=40162"}],"wp:term":[{"taxonomy":"category","embeddable":true,"href":"https:\/\/www.achimbrueckner.de\/dxradio\/php\/wordpress\/index.php?rest_route=%2Fwp%2Fv2%2Fcategories&post=40162"},{"taxonomy":"post_tag","embeddable":true,"href":"https:\/\/www.achimbrueckner.de\/dxradio\/php\/wordpress\/index.php?rest_route=%2Fwp%2Fv2%2Ftags&post=40162"}],"curies":[{"name":"wp","href":"https:\/\/api.w.org\/{rel}","templated":true}]}}