{"id":40468,"date":"2023-11-08T16:53:57","date_gmt":"2023-11-08T16:53:57","guid":{"rendered":"https:\/\/www.achimbrueckner.de\/dxradio\/php\/wordpress\/?p=40468"},"modified":"2023-11-08T16:53:57","modified_gmt":"2023-11-08T16:53:57","slug":"southeastern-louisiana-university-startet-90-9-the-lion","status":"publish","type":"post","link":"https:\/\/www.achimbrueckner.de\/dxradio\/php\/wordpress\/?p=40468","title":{"rendered":"SOUTHEASTERN LOUISIANA UNIVERSITY STARTET 90.9 THE LION"},"content":{"rendered":"<p><a href=\"https:\/\/americanradio.blog\/2023\/11\/08\/southeastern-louisiana-university-startet-90-9-the-lion\/\" rel=\"noopener\" target=\"_blank\">https:\/\/americanradio.blog\/2023\/11\/08\/southeastern-louisiana-university-startet-90-9-the-lion\/<\/a><\/p>\n","protected":false},"excerpt":{"rendered":"<p>https:\/\/americanradio.blog\/2023\/11\/08\/southeastern-louisiana-university-startet-90-9-the-lion\/<\/p>\n","protected":false},"author":1,"featured_media":0,"comment_status":"closed","ping_status":"open","sticky":false,"template":"","format":"standard","meta":{"_jetpack_memberships_contains_paid_content":false,"footnotes":"","jetpack_publicize_message":"","jetpack_publicize_feature_enabled":true,"jetpack_social_post_already_shared":true,"jetpack_social_options":{"image_generator_settings":{"template":"highway","default_image_id":0,"font":"","enabled":false},"version":2}},"categories":[1],"tags":[],"class_list":["post-40468","post","type-post","status-publish","format-standard","hentry","category-deutsch"],"jetpack_publicize_connections":[],"jetpack_featured_media_url":"","jetpack_sharing_enabled":true,"jetpack_shortlink":"https:\/\/wp.me\/p5CDmr-awI","jetpack-related-posts":[{"id":43428,"url":"https:\/\/www.achimbrueckner.de\/dxradio\/php\/wordpress\/?p=43428","url_meta":{"origin":40468,"position":0},"title":"RECEPTION IN SOUTHEASTERN BRAZIL #405 \u2013 July 29, 2025","author":"Administrator","date":"July 29, 2025","format":false,"excerpt":"https:\/\/dxways-br.blogspot.com\/2025\/07\/reception-in-southeastern-brazil-405.html","rel":"","context":"In &quot;English&quot;","block_context":{"text":"English","link":"https:\/\/www.achimbrueckner.de\/dxradio\/php\/wordpress\/?cat=2"},"img":{"alt_text":"","src":"","width":0,"height":0},"classes":[]},{"id":5642,"url":"https:\/\/www.achimbrueckner.de\/dxradio\/php\/wordpress\/?p=5642","url_meta":{"origin":40468,"position":1},"title":"ORF-Radiothek startet startet Ende 2015","author":"Administrator","date":"August 22, 2015","format":false,"excerpt":"http:\/\/www.radioszene.de\/82780\/orf-radiothek-startet-startet-ende-2015.html","rel":"","context":"In &quot;Deutsch&quot;","block_context":{"text":"Deutsch","link":"https:\/\/www.achimbrueckner.de\/dxradio\/php\/wordpress\/?cat=1"},"img":{"alt_text":"","src":"","width":0,"height":0},"classes":[]},{"id":1536,"url":"https:\/\/www.achimbrueckner.de\/dxradio\/php\/wordpress\/?p=1536","url_meta":{"origin":40468,"position":2},"title":"Hessische Nieders\u00e4chsische Allgemeine startet \u00e2\u20ac\u017eRadio HNA\u00e2\u20ac\u009d","author":"Administrator","date":"May 11, 2011","format":false,"excerpt":"Hessische Nieders\u00e4chsische Allgemeine startet \u00e2\u20ac\u017eRadio HNA\u00e2\u20ac\u009d http:\/\/www.radioszene.de\/24520\/hessische-niedersaechsische-allgemeine-startet-radio-hna.html","rel":"","context":"In &quot;Deutsch&quot;","block_context":{"text":"Deutsch","link":"https:\/\/www.achimbrueckner.de\/dxradio\/php\/wordpress\/?cat=1"},"img":{"alt_text":"","src":"","width":0,"height":0},"classes":[]},{"id":1030,"url":"https:\/\/www.achimbrueckner.de\/dxradio\/php\/wordpress\/?p=1030","url_meta":{"origin":40468,"position":3},"title":"WDR startet &#8220;das gro\u00dfe L\u00f6schen&#8221;","author":"Administrator","date":"June 3, 2010","format":false,"excerpt":"WDR startet \"das gro\u00dfe L\u00f6schen\" http:\/\/www.heise.de\/newsticker\/meldung\/WDR-startet-das-grosse-Loeschen-1014623.html Info via Net-Radio","rel":"","context":"In &quot;Deutsch&quot;","block_context":{"text":"Deutsch","link":"https:\/\/www.achimbrueckner.de\/dxradio\/php\/wordpress\/?cat=1"},"img":{"alt_text":"","src":"","width":0,"height":0},"classes":[]},{"id":1678,"url":"https:\/\/www.achimbrueckner.de\/dxradio\/php\/wordpress\/?p=1678","url_meta":{"origin":40468,"position":4},"title":"Radiosender \u00e2\u20ac\u017eAllg\u00e4uHIT\u00e2\u20ac\u0153 startet am 1. August","author":"Administrator","date":"July 25, 2011","format":false,"excerpt":"Radiosender \u00e2\u20ac\u017eAllg\u00e4uHIT\u00e2\u20ac\u0153 startet am 1. August http:\/\/www.radioszene.de\/27820\/radiosender-allgaeuhit-startet-am-1-august.html","rel":"","context":"In &quot;Deutsch&quot;","block_context":{"text":"Deutsch","link":"https:\/\/www.achimbrueckner.de\/dxradio\/php\/wordpress\/?cat=1"},"img":{"alt_text":"","src":"","width":0,"height":0},"classes":[]},{"id":1996,"url":"https:\/\/www.achimbrueckner.de\/dxradio\/php\/wordpress\/?p=1996","url_meta":{"origin":40468,"position":5},"title":"Hessischer Rundfunk startet im Dezember sein Digitalradio","author":"Administrator","date":"November 28, 2011","format":false,"excerpt":"Hessischer Rundfunk startet im Dezember sein Digitalradio http:\/\/www.digitalfernsehen.de\/Hessischer-Rundfunk-startet-im-Dezember-sein-Digitalradio.72930.0.html","rel":"","context":"In &quot;Deutsch&quot;","block_context":{"text":"Deutsch","link":"https:\/\/www.achimbrueckner.de\/dxradio\/php\/wordpress\/?cat=1"},"img":{"alt_text":"","src":"","width":0,"height":0},"classes":[]}],"_links":{"self":[{"href":"https:\/\/www.achimbrueckner.de\/dxradio\/php\/wordpress\/index.php?rest_route=\/wp\/v2\/posts\/40468","targetHints":{"allow":["GET"]}}],"collection":[{"href":"https:\/\/www.achimbrueckner.de\/dxradio\/php\/wordpress\/index.php?rest_route=\/wp\/v2\/posts"}],"about":[{"href":"https:\/\/www.achimbrueckner.de\/dxradio\/php\/wordpress\/index.php?rest_route=\/wp\/v2\/types\/post"}],"author":[{"embeddable":true,"href":"https:\/\/www.achimbrueckner.de\/dxradio\/php\/wordpress\/index.php?rest_route=\/wp\/v2\/users\/1"}],"replies":[{"embeddable":true,"href":"https:\/\/www.achimbrueckner.de\/dxradio\/php\/wordpress\/index.php?rest_route=%2Fwp%2Fv2%2Fcomments&post=40468"}],"version-history":[{"count":0,"href":"https:\/\/www.achimbrueckner.de\/dxradio\/php\/wordpress\/index.php?rest_route=\/wp\/v2\/posts\/40468\/revisions"}],"wp:attachment":[{"href":"https:\/\/www.achimbrueckner.de\/dxradio\/php\/wordpress\/index.php?rest_route=%2Fwp%2Fv2%2Fmedia&parent=40468"}],"wp:term":[{"taxonomy":"category","embeddable":true,"href":"https:\/\/www.achimbrueckner.de\/dxradio\/php\/wordpress\/index.php?rest_route=%2Fwp%2Fv2%2Fcategories&post=40468"},{"taxonomy":"post_tag","embeddable":true,"href":"https:\/\/www.achimbrueckner.de\/dxradio\/php\/wordpress\/index.php?rest_route=%2Fwp%2Fv2%2Ftags&post=40468"}],"curies":[{"name":"wp","href":"https:\/\/api.w.org\/{rel}","templated":true}]}}