{"id":40659,"date":"2023-12-21T18:34:04","date_gmt":"2023-12-21T18:34:04","guid":{"rendered":"https:\/\/www.achimbrueckner.de\/dxradio\/php\/wordpress\/?p=40659"},"modified":"2023-12-21T18:34:04","modified_gmt":"2023-12-21T18:34:04","slug":"funkerberg-konigs-wusterhausen-die-geburtsstatte-des-deutschen-rundfunks-sendet-wieder","status":"publish","type":"post","link":"https:\/\/www.achimbrueckner.de\/dxradio\/php\/wordpress\/?p=40659","title":{"rendered":"Funkerberg K\u00f6nigs Wusterhausen: Die Geburtsst\u00e4tte des deutschen Rundfunks sendet wieder"},"content":{"rendered":"<p><a href=\"https:\/\/www.lr-online.de\/lausitz\/luebben\/funkerberg-koenigs-wusterhausen-die-geburtsstaette-des-deutschen-rundfunks-sendet-wieder-72568411.html\" rel=\"noopener\" target=\"_blank\">https:\/\/www.lr-online.de\/lausitz\/luebben\/funkerberg-koenigs-wusterhausen-die-geburtsstaette-des-deutschen-rundfunks-sendet-wieder-72568411.html<\/a><\/p>\n","protected":false},"excerpt":{"rendered":"<p>https:\/\/www.lr-online.de\/lausitz\/luebben\/funkerberg-koenigs-wusterhausen-die-geburtsstaette-des-deutschen-rundfunks-sendet-wieder-72568411.html<\/p>\n","protected":false},"author":1,"featured_media":0,"comment_status":"closed","ping_status":"open","sticky":false,"template":"","format":"standard","meta":{"_jetpack_memberships_contains_paid_content":false,"footnotes":"","jetpack_publicize_message":"","jetpack_publicize_feature_enabled":true,"jetpack_social_post_already_shared":true,"jetpack_social_options":{"image_generator_settings":{"template":"highway","default_image_id":0,"font":"","enabled":false},"version":2}},"categories":[1],"tags":[],"class_list":["post-40659","post","type-post","status-publish","format-standard","hentry","category-deutsch"],"jetpack_publicize_connections":[],"jetpack_featured_media_url":"","jetpack_sharing_enabled":true,"jetpack_shortlink":"https:\/\/wp.me\/p5CDmr-azN","jetpack-related-posts":[{"id":1984,"url":"https:\/\/www.achimbrueckner.de\/dxradio\/php\/wordpress\/?p=1984","url_meta":{"origin":40659,"position":0},"title":"Der Funkerberg  in K\u00f6nigs Wusterhausen Die Geburtsst\u00e4tte des  Rundfunks in Deutschland","author":"Administrator","date":"November 26, 2011","format":false,"excerpt":"Der Funkerberg in K\u00f6nigs Wusterhausen Die Geburtsst\u00e4tte des Rundfunks in Deutschland http:\/\/www.funkerberg.de\/","rel":"","context":"In &quot;links&quot;","block_context":{"text":"links","link":"https:\/\/www.achimbrueckner.de\/dxradio\/php\/wordpress\/?cat=7"},"img":{"alt_text":"","src":"","width":0,"height":0},"classes":[]},{"id":702,"url":"https:\/\/www.achimbrueckner.de\/dxradio\/php\/wordpress\/?p=702","url_meta":{"origin":40659,"position":1},"title":"An der Wiege des Rundfunks","author":"Administrator","date":"November 19, 2009","format":false,"excerpt":"Deutschlandradio Kultur 21. November 1505 MEZ: An der Wiege des Rundfunks Die 750. Sendung der Deutschlandrundfahrt aus K\u00f6nigs Wusterhausen in Brandenburg Moderation: Olaf Kosert Live aus dem Maschinensaal auf dem Funkerberg http:\/\/www.dradio.de\/dkultur\/sendungen\/deutschlandrundfahrt\/1062248\/ Info via A-DX","rel":"","context":"In &quot;Deutsch&quot;","block_context":{"text":"Deutsch","link":"https:\/\/www.achimbrueckner.de\/dxradio\/php\/wordpress\/?cat=1"},"img":{"alt_text":"","src":"","width":0,"height":0},"classes":[]},{"id":1285,"url":"https:\/\/www.achimbrueckner.de\/dxradio\/php\/wordpress\/?p=1285","url_meta":{"origin":40659,"position":2},"title":"90 Jahre Rundfunk aus K\u00f6nigs Wusterhausen","author":"Administrator","date":"December 18, 2010","format":false,"excerpt":"90 Jahre Rundfunk aus K\u00f6nigs Wusterhausen Als am 22. Dezember 1920 auf dem heutigen Funkerberg in der Rundfunkstadt K\u00f6nigs Wusterhausen erstmalig ein Weihnachtskonzert ausgestrahlt wurde, d\u00fcrfte den Beteiligten nicht bewusst gewesen sein, welche historisch bedeutende Leistung sie vollbrachten. Im Sommer 1920 hatten sie begonnen, in der Hauptfunkstelle der Deutschen Reichspost\u2026","rel":"","context":"In &quot;Deutsch&quot;","block_context":{"text":"Deutsch","link":"https:\/\/www.achimbrueckner.de\/dxradio\/php\/wordpress\/?cat=1"},"img":{"alt_text":"","src":"","width":0,"height":0},"classes":[]},{"id":31241,"url":"https:\/\/www.achimbrueckner.de\/dxradio\/php\/wordpress\/?p=31241","url_meta":{"origin":40659,"position":3},"title":"Die Versuchsstelle in K\u00f6nigs Wusterhausen T\u00f6ne vom Funkerberg","author":"Administrator","date":"December 19, 2020","format":false,"excerpt":"https:\/\/www.deutschlandfunkkultur.de\/die-versuchsstelle-in-koenigs-wusterhausen-toene-vom.3780.de.html","rel":"","context":"In &quot;Deutsch&quot;","block_context":{"text":"Deutsch","link":"https:\/\/www.achimbrueckner.de\/dxradio\/php\/wordpress\/?cat=1"},"img":{"alt_text":"","src":"","width":0,"height":0},"classes":[]},{"id":34217,"url":"https:\/\/www.achimbrueckner.de\/dxradio\/php\/wordpress\/?p=34217","url_meta":{"origin":40659,"position":4},"title":"Funkerberg Weihnachtskozert 2021","author":"Administrator","date":"December 21, 2021","format":false,"excerpt":"Am 22. Dezember 1920 wurde mit dem #Weihnachtskonzert aus K\u00f6nigs Wusterhausen die erste #Radiosendung in Deutschland gesendet. Aus diesem Anlass senden wir 101 Jahre sp\u00e4ter wieder eine #Weihnachtssendung. Am 22. 12. 2021 ab 14:00 Uhr \u00fcbertragen wir eine Stunde lang auf der #Kurzwelle 5960 kHz. Weitere Infos findet ihr auf\u2026","rel":"","context":"In &quot;Deutsch&quot;","block_context":{"text":"Deutsch","link":"https:\/\/www.achimbrueckner.de\/dxradio\/php\/wordpress\/?cat=1"},"img":{"alt_text":"","src":"","width":0,"height":0},"classes":[]},{"id":31305,"url":"https:\/\/www.achimbrueckner.de\/dxradio\/php\/wordpress\/?p=31305","url_meta":{"origin":40659,"position":5},"title":"Vor 100 Jahren Wie in K\u00f6nigs Wusterhausen die deutsche Radiogeschichte begann","author":"Administrator","date":"December 22, 2020","format":false,"excerpt":"https:\/\/www.rbb24.de\/kultur\/beitrag\/2020\/12\/100-jahre-radio-funkerberg-koenigswusterhausen-1920.html","rel":"","context":"In &quot;Deutsch&quot;","block_context":{"text":"Deutsch","link":"https:\/\/www.achimbrueckner.de\/dxradio\/php\/wordpress\/?cat=1"},"img":{"alt_text":"","src":"","width":0,"height":0},"classes":[]}],"_links":{"self":[{"href":"https:\/\/www.achimbrueckner.de\/dxradio\/php\/wordpress\/index.php?rest_route=\/wp\/v2\/posts\/40659","targetHints":{"allow":["GET"]}}],"collection":[{"href":"https:\/\/www.achimbrueckner.de\/dxradio\/php\/wordpress\/index.php?rest_route=\/wp\/v2\/posts"}],"about":[{"href":"https:\/\/www.achimbrueckner.de\/dxradio\/php\/wordpress\/index.php?rest_route=\/wp\/v2\/types\/post"}],"author":[{"embeddable":true,"href":"https:\/\/www.achimbrueckner.de\/dxradio\/php\/wordpress\/index.php?rest_route=\/wp\/v2\/users\/1"}],"replies":[{"embeddable":true,"href":"https:\/\/www.achimbrueckner.de\/dxradio\/php\/wordpress\/index.php?rest_route=%2Fwp%2Fv2%2Fcomments&post=40659"}],"version-history":[{"count":0,"href":"https:\/\/www.achimbrueckner.de\/dxradio\/php\/wordpress\/index.php?rest_route=\/wp\/v2\/posts\/40659\/revisions"}],"wp:attachment":[{"href":"https:\/\/www.achimbrueckner.de\/dxradio\/php\/wordpress\/index.php?rest_route=%2Fwp%2Fv2%2Fmedia&parent=40659"}],"wp:term":[{"taxonomy":"category","embeddable":true,"href":"https:\/\/www.achimbrueckner.de\/dxradio\/php\/wordpress\/index.php?rest_route=%2Fwp%2Fv2%2Fcategories&post=40659"},{"taxonomy":"post_tag","embeddable":true,"href":"https:\/\/www.achimbrueckner.de\/dxradio\/php\/wordpress\/index.php?rest_route=%2Fwp%2Fv2%2Ftags&post=40659"}],"curies":[{"name":"wp","href":"https:\/\/api.w.org\/{rel}","templated":true}]}}