{"id":40675,"date":"2023-12-25T13:10:05","date_gmt":"2023-12-25T13:10:05","guid":{"rendered":"https:\/\/www.achimbrueckner.de\/dxradio\/php\/wordpress\/?p=40675"},"modified":"2023-12-25T13:10:05","modified_gmt":"2023-12-25T13:10:05","slug":"nach-jubilaumssendung-gabi-hiller-andi-knoll-und-robert-kratky-verlassen-o3-weihnachtswunder","status":"publish","type":"post","link":"https:\/\/www.achimbrueckner.de\/dxradio\/php\/wordpress\/?p=40675","title":{"rendered":"Nach Jubil\u00e4umssendung: Gabi Hiller, Andi Knoll und Robert Kratky verlassen \u00d63 Weihnachtswunder"},"content":{"rendered":"<p><a href=\"https:\/\/www.radioblog.eu\/2023\/12\/24\/nach-jubilaeumssendung-gabi-hiller-andi-knoll-und-robert-kratky-verlassen-oe3-weihnachtswunder\/\" rel=\"noopener\" target=\"_blank\">https:\/\/www.radioblog.eu\/2023\/12\/24\/nach-jubilaeumssendung-gabi-hiller-andi-knoll-und-robert-kratky-verlassen-oe3-weihnachtswunder\/<\/a><\/p>\n","protected":false},"excerpt":{"rendered":"<p>https:\/\/www.radioblog.eu\/2023\/12\/24\/nach-jubilaeumssendung-gabi-hiller-andi-knoll-und-robert-kratky-verlassen-oe3-weihnachtswunder\/<\/p>\n","protected":false},"author":1,"featured_media":0,"comment_status":"closed","ping_status":"open","sticky":false,"template":"","format":"standard","meta":{"_jetpack_memberships_contains_paid_content":false,"footnotes":"","jetpack_publicize_message":"","jetpack_publicize_feature_enabled":true,"jetpack_social_post_already_shared":true,"jetpack_social_options":{"image_generator_settings":{"template":"highway","default_image_id":0,"font":"","enabled":false},"version":2}},"categories":[1],"tags":[],"class_list":["post-40675","post","type-post","status-publish","format-standard","hentry","category-deutsch"],"jetpack_publicize_connections":[],"jetpack_featured_media_url":"","jetpack_sharing_enabled":true,"jetpack_shortlink":"https:\/\/wp.me\/p5CDmr-aA3","jetpack-related-posts":[{"id":44107,"url":"https:\/\/www.achimbrueckner.de\/dxradio\/php\/wordpress\/?p=44107","url_meta":{"origin":40675,"position":0},"title":"\u00d6sterreich: Andi Knoll zur\u00fcck beim \u00d63 Weihnachtswunder","author":"Administrator","date":"October 24, 2025","format":false,"excerpt":"https:\/\/www.radioblog.eu\/2025\/10\/24\/oesterreich-andi-knoll-zurueck-beim-oe3-weihnachtswunder\/","rel":"","context":"In &quot;Deutsch&quot;","block_context":{"text":"Deutsch","link":"https:\/\/www.achimbrueckner.de\/dxradio\/php\/wordpress\/?cat=1"},"img":{"alt_text":"","src":"","width":0,"height":0},"classes":[]},{"id":43648,"url":"https:\/\/www.achimbrueckner.de\/dxradio\/php\/wordpress\/?p=43648","url_meta":{"origin":40675,"position":1},"title":"\u00d6sterreich: Nach dem Abschied von Robert Kratky neues Team beim \u00d63 Wecker","author":"Administrator","date":"August 26, 2025","format":false,"excerpt":"https:\/\/www.radioblog.eu\/2025\/08\/26\/oesterreich-nach-dem-abschied-von-robert-kratky-neues-team-beim-oe3-wecker\/","rel":"","context":"In &quot;Deutsch&quot;","block_context":{"text":"Deutsch","link":"https:\/\/www.achimbrueckner.de\/dxradio\/php\/wordpress\/?cat=1"},"img":{"alt_text":"","src":"","width":0,"height":0},"classes":[]},{"id":43577,"url":"https:\/\/www.achimbrueckner.de\/dxradio\/php\/wordpress\/?p=43577","url_meta":{"origin":40675,"position":2},"title":"Robert Kratky verl\u00e4sst \u00d63 nach fast 35 Jahren","author":"Administrator","date":"August 15, 2025","format":false,"excerpt":"https:\/\/www.radioszene.de\/205294\/robert-kratky-verlaesst-oe3.html","rel":"","context":"In &quot;Deutsch&quot;","block_context":{"text":"Deutsch","link":"https:\/\/www.achimbrueckner.de\/dxradio\/php\/wordpress\/?cat=1"},"img":{"alt_text":"","src":"","width":0,"height":0},"classes":[]},{"id":22516,"url":"https:\/\/www.achimbrueckner.de\/dxradio\/php\/wordpress\/?p=22516","url_meta":{"origin":40675,"position":3},"title":"25 Jahre Andi Knoll im Hitradio \u00d63","author":"Administrator","date":"April 1, 2019","format":false,"excerpt":"https:\/\/www.smartphonefan.de\/2019\/04\/01\/25-jahre-andi-knoll-im-hitradio-oe3\/","rel":"","context":"In &quot;Deutsch&quot;","block_context":{"text":"Deutsch","link":"https:\/\/www.achimbrueckner.de\/dxradio\/php\/wordpress\/?cat=1"},"img":{"alt_text":"","src":"","width":0,"height":0},"classes":[]},{"id":29951,"url":"https:\/\/www.achimbrueckner.de\/dxradio\/php\/wordpress\/?p=29951","url_meta":{"origin":40675,"position":4},"title":"Robert Kratky feiert 30-j\u00e4hriges \u00d63-Jubil\u00e4um","author":"Administrator","date":"September 7, 2020","format":false,"excerpt":"https:\/\/www.smartphonefan.de\/2020\/09\/07\/robert-kratky-feiert-30-jaehriges-oe3-jubilaeum\/","rel":"","context":"In &quot;Deutsch&quot;","block_context":{"text":"Deutsch","link":"https:\/\/www.achimbrueckner.de\/dxradio\/php\/wordpress\/?cat=1"},"img":{"alt_text":"","src":"","width":0,"height":0},"classes":[]},{"id":43582,"url":"https:\/\/www.achimbrueckner.de\/dxradio\/php\/wordpress\/?p=43582","url_meta":{"origin":40675,"position":5},"title":"\u00d6sterreich: Robert Kratky verabschiedet sich ab sofort von Hitradio \u00d63","author":"Administrator","date":"August 16, 2025","format":false,"excerpt":"https:\/\/www.radioblog.eu\/2025\/08\/16\/oesterreich-robert-kratky-verabschiedet-sich-ab-sofort-von-hitradio-oe3\/","rel":"","context":"In &quot;Deutsch&quot;","block_context":{"text":"Deutsch","link":"https:\/\/www.achimbrueckner.de\/dxradio\/php\/wordpress\/?cat=1"},"img":{"alt_text":"","src":"","width":0,"height":0},"classes":[]}],"_links":{"self":[{"href":"https:\/\/www.achimbrueckner.de\/dxradio\/php\/wordpress\/index.php?rest_route=\/wp\/v2\/posts\/40675","targetHints":{"allow":["GET"]}}],"collection":[{"href":"https:\/\/www.achimbrueckner.de\/dxradio\/php\/wordpress\/index.php?rest_route=\/wp\/v2\/posts"}],"about":[{"href":"https:\/\/www.achimbrueckner.de\/dxradio\/php\/wordpress\/index.php?rest_route=\/wp\/v2\/types\/post"}],"author":[{"embeddable":true,"href":"https:\/\/www.achimbrueckner.de\/dxradio\/php\/wordpress\/index.php?rest_route=\/wp\/v2\/users\/1"}],"replies":[{"embeddable":true,"href":"https:\/\/www.achimbrueckner.de\/dxradio\/php\/wordpress\/index.php?rest_route=%2Fwp%2Fv2%2Fcomments&post=40675"}],"version-history":[{"count":0,"href":"https:\/\/www.achimbrueckner.de\/dxradio\/php\/wordpress\/index.php?rest_route=\/wp\/v2\/posts\/40675\/revisions"}],"wp:attachment":[{"href":"https:\/\/www.achimbrueckner.de\/dxradio\/php\/wordpress\/index.php?rest_route=%2Fwp%2Fv2%2Fmedia&parent=40675"}],"wp:term":[{"taxonomy":"category","embeddable":true,"href":"https:\/\/www.achimbrueckner.de\/dxradio\/php\/wordpress\/index.php?rest_route=%2Fwp%2Fv2%2Fcategories&post=40675"},{"taxonomy":"post_tag","embeddable":true,"href":"https:\/\/www.achimbrueckner.de\/dxradio\/php\/wordpress\/index.php?rest_route=%2Fwp%2Fv2%2Ftags&post=40675"}],"curies":[{"name":"wp","href":"https:\/\/api.w.org\/{rel}","templated":true}]}}