{"id":40769,"date":"2024-01-05T13:43:04","date_gmt":"2024-01-05T13:43:04","guid":{"rendered":"https:\/\/www.achimbrueckner.de\/dxradio\/php\/wordpress\/?p=40769"},"modified":"2024-01-05T13:43:04","modified_gmt":"2024-01-05T13:43:04","slug":"89-0-rtl-morningman-bignick-wechselt-in-den-nachmittag","status":"publish","type":"post","link":"https:\/\/www.achimbrueckner.de\/dxradio\/php\/wordpress\/?p=40769","title":{"rendered":"89.0 RTL: Morningman BigNick wechselt in den Nachmittag"},"content":{"rendered":"<p><a href=\"https:\/\/www.radioszene.de\/182642\/890rtl-bignick-show.html\" rel=\"noopener\" target=\"_blank\">https:\/\/www.radioszene.de\/182642\/890rtl-bignick-show.html<\/a><\/p>\n","protected":false},"excerpt":{"rendered":"<p>https:\/\/www.radioszene.de\/182642\/890rtl-bignick-show.html<\/p>\n","protected":false},"author":1,"featured_media":0,"comment_status":"closed","ping_status":"open","sticky":false,"template":"","format":"standard","meta":{"_jetpack_memberships_contains_paid_content":false,"footnotes":"","jetpack_publicize_message":"","jetpack_publicize_feature_enabled":true,"jetpack_social_post_already_shared":true,"jetpack_social_options":{"image_generator_settings":{"template":"highway","default_image_id":0,"font":"","enabled":false},"version":2}},"categories":[1],"tags":[],"class_list":["post-40769","post","type-post","status-publish","format-standard","hentry","category-deutsch"],"jetpack_publicize_connections":[],"jetpack_featured_media_url":"","jetpack_sharing_enabled":true,"jetpack_shortlink":"https:\/\/wp.me\/p5CDmr-aBz","jetpack-related-posts":[{"id":14681,"url":"https:\/\/www.achimbrueckner.de\/dxradio\/php\/wordpress\/?p=14681","url_meta":{"origin":40769,"position":0},"title":"89.0 RTL startet ab heute neue Social Media Show","author":"Administrator","date":"September 21, 2017","format":false,"excerpt":"http:\/\/www.radioszene.de\/113209\/890rtl-social-media-show.html","rel":"","context":"In &quot;Deutsch&quot;","block_context":{"text":"Deutsch","link":"https:\/\/www.achimbrueckner.de\/dxradio\/php\/wordpress\/?cat=1"},"img":{"alt_text":"","src":"","width":0,"height":0},"classes":[]},{"id":39153,"url":"https:\/\/www.achimbrueckner.de\/dxradio\/php\/wordpress\/?p=39153","url_meta":{"origin":40769,"position":1},"title":"89.0 RTL plant 2023 DAB+ Verbreitung in 5 Bundesl\u00e4ndern","author":"Administrator","date":"March 29, 2023","format":false,"excerpt":"https:\/\/www.radioszene.de\/172741\/890rtl-dab-verbreitung-2023-fuenf-bundeslaender.html","rel":"","context":"In &quot;Deutsch&quot;","block_context":{"text":"Deutsch","link":"https:\/\/www.achimbrueckner.de\/dxradio\/php\/wordpress\/?cat=1"},"img":{"alt_text":"","src":"","width":0,"height":0},"classes":[]},{"id":24685,"url":"https:\/\/www.achimbrueckner.de\/dxradio\/php\/wordpress\/?p=24685","url_meta":{"origin":40769,"position":2},"title":"89.0 RTL Ring Dong: Der sch\u00f6nste Klingelstreich seit es Radio gibt","author":"Administrator","date":"September 8, 2019","format":false,"excerpt":"https:\/\/www.radioszene.de\/136451\/890rtl-ring-dong-klingelstreich-radio.html","rel":"","context":"In &quot;Deutsch&quot;","block_context":{"text":"Deutsch","link":"https:\/\/www.achimbrueckner.de\/dxradio\/php\/wordpress\/?cat=1"},"img":{"alt_text":"","src":"","width":0,"height":0},"classes":[]},{"id":20371,"url":"https:\/\/www.achimbrueckner.de\/dxradio\/php\/wordpress\/?p=20371","url_meta":{"origin":40769,"position":3},"title":"Nieders\u00e4chsischer H\u00f6rfunkpreis f\u00fcr die 89.0 RTL Social Media Show","author":"Administrator","date":"December 12, 2018","format":false,"excerpt":"https:\/\/www.radioszene.de\/128542\/niedersaechsischer-hoerfunkpreis-fuer-die-89-0-rtl-social-media-show.html","rel":"","context":"In &quot;Deutsch&quot;","block_context":{"text":"Deutsch","link":"https:\/\/www.achimbrueckner.de\/dxradio\/php\/wordpress\/?cat=1"},"img":{"alt_text":"","src":"","width":0,"height":0},"classes":[]},{"id":44292,"url":"https:\/\/www.achimbrueckner.de\/dxradio\/php\/wordpress\/?p=44292","url_meta":{"origin":40769,"position":4},"title":"\u201eRadiomoment des Jahres\u201c: 89.0 RTL gewinnt S\u00e4chsischen H\u00f6rfunkpreis","author":"Administrator","date":"November 14, 2025","format":false,"excerpt":"https:\/\/www.radioszene.de\/207881\/radiomoment-des-jahres-89-0-rtl-gewinnt-saechsischen-hoerfunkpreis.html","rel":"","context":"In &quot;Deutsch&quot;","block_context":{"text":"Deutsch","link":"https:\/\/www.achimbrueckner.de\/dxradio\/php\/wordpress\/?cat=1"},"img":{"alt_text":"","src":"","width":0,"height":0},"classes":[]},{"id":45246,"url":"https:\/\/www.achimbrueckner.de\/dxradio\/php\/wordpress\/?p=45246","url_meta":{"origin":40769,"position":5},"title":"89.0 RTL: Goldene \u00dcberraschung am Freaky Friday","author":"Administrator","date":"March 15, 2026","format":false,"excerpt":"https:\/\/www.radioszene.de\/212204\/freaky-friday.html","rel":"","context":"In &quot;Deutsch&quot;","block_context":{"text":"Deutsch","link":"https:\/\/www.achimbrueckner.de\/dxradio\/php\/wordpress\/?cat=1"},"img":{"alt_text":"","src":"","width":0,"height":0},"classes":[]}],"_links":{"self":[{"href":"https:\/\/www.achimbrueckner.de\/dxradio\/php\/wordpress\/index.php?rest_route=\/wp\/v2\/posts\/40769","targetHints":{"allow":["GET"]}}],"collection":[{"href":"https:\/\/www.achimbrueckner.de\/dxradio\/php\/wordpress\/index.php?rest_route=\/wp\/v2\/posts"}],"about":[{"href":"https:\/\/www.achimbrueckner.de\/dxradio\/php\/wordpress\/index.php?rest_route=\/wp\/v2\/types\/post"}],"author":[{"embeddable":true,"href":"https:\/\/www.achimbrueckner.de\/dxradio\/php\/wordpress\/index.php?rest_route=\/wp\/v2\/users\/1"}],"replies":[{"embeddable":true,"href":"https:\/\/www.achimbrueckner.de\/dxradio\/php\/wordpress\/index.php?rest_route=%2Fwp%2Fv2%2Fcomments&post=40769"}],"version-history":[{"count":0,"href":"https:\/\/www.achimbrueckner.de\/dxradio\/php\/wordpress\/index.php?rest_route=\/wp\/v2\/posts\/40769\/revisions"}],"wp:attachment":[{"href":"https:\/\/www.achimbrueckner.de\/dxradio\/php\/wordpress\/index.php?rest_route=%2Fwp%2Fv2%2Fmedia&parent=40769"}],"wp:term":[{"taxonomy":"category","embeddable":true,"href":"https:\/\/www.achimbrueckner.de\/dxradio\/php\/wordpress\/index.php?rest_route=%2Fwp%2Fv2%2Fcategories&post=40769"},{"taxonomy":"post_tag","embeddable":true,"href":"https:\/\/www.achimbrueckner.de\/dxradio\/php\/wordpress\/index.php?rest_route=%2Fwp%2Fv2%2Ftags&post=40769"}],"curies":[{"name":"wp","href":"https:\/\/api.w.org\/{rel}","templated":true}]}}