{"id":40771,"date":"2024-01-05T13:58:19","date_gmt":"2024-01-05T13:58:19","guid":{"rendered":"https:\/\/www.achimbrueckner.de\/dxradio\/php\/wordpress\/?p=40771"},"modified":"2024-01-05T13:58:19","modified_gmt":"2024-01-05T13:58:19","slug":"daniel-stupp-verlasst-radio-salu-nach-4-1-2-jahren","status":"publish","type":"post","link":"https:\/\/www.achimbrueckner.de\/dxradio\/php\/wordpress\/?p=40771","title":{"rendered":"Daniel Stupp verl\u00e4sst RADIO SAL\u00dc nach 4 1\/2 Jahren"},"content":{"rendered":"<p><a href=\"https:\/\/www.radioszene.de\/182654\/daniel-stupp-radio-salue.html\" rel=\"noopener\" target=\"_blank\">https:\/\/www.radioszene.de\/182654\/daniel-stupp-radio-salue.html<\/a><\/p>\n","protected":false},"excerpt":{"rendered":"<p>https:\/\/www.radioszene.de\/182654\/daniel-stupp-radio-salue.html<\/p>\n","protected":false},"author":1,"featured_media":0,"comment_status":"closed","ping_status":"open","sticky":false,"template":"","format":"standard","meta":{"_jetpack_memberships_contains_paid_content":false,"footnotes":"","jetpack_publicize_message":"","jetpack_publicize_feature_enabled":true,"jetpack_social_post_already_shared":true,"jetpack_social_options":{"image_generator_settings":{"template":"highway","default_image_id":0,"font":"","enabled":false},"version":2}},"categories":[1],"tags":[],"class_list":["post-40771","post","type-post","status-publish","format-standard","hentry","category-deutsch"],"jetpack_publicize_connections":[],"jetpack_featured_media_url":"","jetpack_sharing_enabled":true,"jetpack_shortlink":"https:\/\/wp.me\/p5CDmr-aBB","jetpack-related-posts":[{"id":41211,"url":"https:\/\/www.achimbrueckner.de\/dxradio\/php\/wordpress\/?p=41211","url_meta":{"origin":40771,"position":0},"title":"Alexander Heine verl\u00e4sst RADIO REGENBOGEN: Nachfolger wird Daniel Stupp","author":"Administrator","date":"April 29, 2024","format":false,"excerpt":"https:\/\/www.radioszene.de\/186413\/alexander-heine-radio-regenbogen-daniel-stupp.html","rel":"","context":"In &quot;Deutsch&quot;","block_context":{"text":"Deutsch","link":"https:\/\/www.achimbrueckner.de\/dxradio\/php\/wordpress\/?cat=1"},"img":{"alt_text":"","src":"","width":0,"height":0},"classes":[]},{"id":42782,"url":"https:\/\/www.achimbrueckner.de\/dxradio\/php\/wordpress\/?p=42782","url_meta":{"origin":40771,"position":1},"title":"Karsten Kr\u00f6ger \u00fcbernimmt Gesch\u00e4ftsf\u00fchrung bei RADIO SAL\u00dc","author":"Administrator","date":"May 12, 2025","format":false,"excerpt":"https:\/\/www.radioszene.de\/202500\/karsten-kroeger-radio-salue.html","rel":"","context":"In &quot;Deutsch&quot;","block_context":{"text":"Deutsch","link":"https:\/\/www.achimbrueckner.de\/dxradio\/php\/wordpress\/?cat=1"},"img":{"alt_text":"","src":"","width":0,"height":0},"classes":[]},{"id":35192,"url":"https:\/\/www.achimbrueckner.de\/dxradio\/php\/wordpress\/?p=35192","url_meta":{"origin":40771,"position":2},"title":"Chefredakteur Daniel Hamb\u00fcchen verl\u00e4sst Radio Leverkusen","author":"Administrator","date":"March 16, 2022","format":false,"excerpt":"https:\/\/www.radioszene.de\/162155\/chefredakteur-daniel-hambuechen-verlaesst-radio-leverkusen.html","rel":"","context":"In &quot;Deutsch&quot;","block_context":{"text":"Deutsch","link":"https:\/\/www.achimbrueckner.de\/dxradio\/php\/wordpress\/?cat=1"},"img":{"alt_text":"","src":"","width":0,"height":0},"classes":[]},{"id":29655,"url":"https:\/\/www.achimbrueckner.de\/dxradio\/php\/wordpress\/?p=29655","url_meta":{"origin":40771,"position":3},"title":"Nach 30 Jahren Radio: Stephan Lehmann verl\u00e4sst BAYERN 1","author":"Administrator","date":"August 3, 2020","format":false,"excerpt":"https:\/\/www.radioszene.de\/146197\/stephan-lehmann-bayern1.html","rel":"","context":"In &quot;Deutsch&quot;","block_context":{"text":"Deutsch","link":"https:\/\/www.achimbrueckner.de\/dxradio\/php\/wordpress\/?cat=1"},"img":{"alt_text":"","src":"","width":0,"height":0},"classes":[]},{"id":40555,"url":"https:\/\/www.achimbrueckner.de\/dxradio\/php\/wordpress\/?p=40555","url_meta":{"origin":40771,"position":4},"title":"Markus Bu\u00dfmann verl\u00e4sst Radio WAF nach fast 27 Jahren","author":"Administrator","date":"November 26, 2023","format":false,"excerpt":"https:\/\/www.radioszene.de\/181674\/markus-bussmann-radio-waf.html","rel":"","context":"In &quot;Deutsch&quot;","block_context":{"text":"Deutsch","link":"https:\/\/www.achimbrueckner.de\/dxradio\/php\/wordpress\/?cat=1"},"img":{"alt_text":"","src":"","width":0,"height":0},"classes":[]},{"id":36965,"url":"https:\/\/www.achimbrueckner.de\/dxradio\/php\/wordpress\/?p=36965","url_meta":{"origin":40771,"position":5},"title":"Marzel Becker verl\u00e4sst Radio Hamburg nach 30 Jahren","author":"Administrator","date":"July 15, 2022","format":false,"excerpt":"https:\/\/www.radioszene.de\/165604\/marzel-becker-verlaesst-radio-hamburg.html","rel":"","context":"In &quot;Deutsch&quot;","block_context":{"text":"Deutsch","link":"https:\/\/www.achimbrueckner.de\/dxradio\/php\/wordpress\/?cat=1"},"img":{"alt_text":"","src":"","width":0,"height":0},"classes":[]}],"_links":{"self":[{"href":"https:\/\/www.achimbrueckner.de\/dxradio\/php\/wordpress\/index.php?rest_route=\/wp\/v2\/posts\/40771","targetHints":{"allow":["GET"]}}],"collection":[{"href":"https:\/\/www.achimbrueckner.de\/dxradio\/php\/wordpress\/index.php?rest_route=\/wp\/v2\/posts"}],"about":[{"href":"https:\/\/www.achimbrueckner.de\/dxradio\/php\/wordpress\/index.php?rest_route=\/wp\/v2\/types\/post"}],"author":[{"embeddable":true,"href":"https:\/\/www.achimbrueckner.de\/dxradio\/php\/wordpress\/index.php?rest_route=\/wp\/v2\/users\/1"}],"replies":[{"embeddable":true,"href":"https:\/\/www.achimbrueckner.de\/dxradio\/php\/wordpress\/index.php?rest_route=%2Fwp%2Fv2%2Fcomments&post=40771"}],"version-history":[{"count":0,"href":"https:\/\/www.achimbrueckner.de\/dxradio\/php\/wordpress\/index.php?rest_route=\/wp\/v2\/posts\/40771\/revisions"}],"wp:attachment":[{"href":"https:\/\/www.achimbrueckner.de\/dxradio\/php\/wordpress\/index.php?rest_route=%2Fwp%2Fv2%2Fmedia&parent=40771"}],"wp:term":[{"taxonomy":"category","embeddable":true,"href":"https:\/\/www.achimbrueckner.de\/dxradio\/php\/wordpress\/index.php?rest_route=%2Fwp%2Fv2%2Fcategories&post=40771"},{"taxonomy":"post_tag","embeddable":true,"href":"https:\/\/www.achimbrueckner.de\/dxradio\/php\/wordpress\/index.php?rest_route=%2Fwp%2Fv2%2Ftags&post=40771"}],"curies":[{"name":"wp","href":"https:\/\/api.w.org\/{rel}","templated":true}]}}