{"id":40776,"date":"2024-01-06T16:19:37","date_gmt":"2024-01-06T16:19:37","guid":{"rendered":"https:\/\/www.achimbrueckner.de\/dxradio\/php\/wordpress\/?p=40776"},"modified":"2024-01-06T16:19:37","modified_gmt":"2024-01-06T16:19:37","slug":"30-jahre-deutschlandradio","status":"publish","type":"post","link":"https:\/\/www.achimbrueckner.de\/dxradio\/php\/wordpress\/?p=40776","title":{"rendered":"30 Jahre Deutschlandradio"},"content":{"rendered":"<p>Aus drei wurde eins: 1994 entstand aus den Sendern RIAS und DS Kultur in Berlin sowie Deutschlandfunk in K\u00f6ln das \u00f6ffentlich-rechtliche Medienunternehmen Deutschlandradio. Am 1. Januar j\u00e4hrt sich der erste Sendetag zum 30. Mal. Alle Infos zum Jubil\u00e4um finden Sie hier:<\/p>\n<p><a href=\"https:\/\/www.deutschlandradio.de\/30-jahre-100.html\" rel=\"noopener\" target=\"_blank\">https:\/\/www.deutschlandradio.de\/30-jahre-100.html<\/a><\/p>\n<p>Eine knarzende Telefonleitung eines gefl\u00fcchteten Volkspolizisten, ein intimes Gespr\u00e4ch mit dem Berliner B\u00fcrgermeister Willy Brandt oder ein stimmungsvoller Besuch bei Edith Piaf in Paris \u2013 erleben Sie die unvergessliche Atmosph\u00e4re und authentische Momente aus dem RIAS und Deutschlandfunk-Archiv. Tauchen Sie ein in ARD Retro und entdecken Sie regelm\u00e4\u00dfig kuratierte Beitr\u00e4ge und Sendungen aus unseren Archiv-Best\u00e4nden vor 1965:<\/p>\n<p><a href=\"https:\/\/www.deutschlandradio.de\/deutschlandradio-retro-100.html\" rel=\"noopener\" target=\"_blank\">https:\/\/www.deutschlandradio.de\/deutschlandradio-retro-100.html<\/a><\/p>\n<p>Info via <a href=\"https:\/\/www.ratzer.at\" rel=\"noopener\" target=\"_blank\">A-DX<\/a><\/p>\n","protected":false},"excerpt":{"rendered":"<p>Aus drei wurde eins: 1994 entstand aus den Sendern RIAS und DS Kultur in Berlin sowie Deutschlandfunk in K\u00f6ln das \u00f6ffentlich-rechtliche Medienunternehmen Deutschlandradio. Am 1. Januar j\u00e4hrt sich der erste Sendetag zum 30. Mal. Alle Infos zum Jubil\u00e4um finden Sie hier: https:\/\/www.deutschlandradio.de\/30-jahre-100.html Eine knarzende Telefonleitung eines gefl\u00fcchteten Volkspolizisten, ein intimes Gespr\u00e4ch mit dem Berliner B\u00fcrgermeister &hellip; <a href=\"https:\/\/www.achimbrueckner.de\/dxradio\/php\/wordpress\/?p=40776\" class=\"more-link\">Continue reading <span class=\"screen-reader-text\">30 Jahre Deutschlandradio<\/span><\/a><\/p>\n","protected":false},"author":1,"featured_media":0,"comment_status":"closed","ping_status":"open","sticky":false,"template":"","format":"standard","meta":{"_jetpack_memberships_contains_paid_content":false,"footnotes":"","jetpack_publicize_message":"","jetpack_publicize_feature_enabled":true,"jetpack_social_post_already_shared":true,"jetpack_social_options":{"image_generator_settings":{"template":"highway","default_image_id":0,"font":"","enabled":false},"version":2}},"categories":[1],"tags":[],"class_list":["post-40776","post","type-post","status-publish","format-standard","hentry","category-deutsch"],"jetpack_publicize_connections":[],"jetpack_featured_media_url":"","jetpack_sharing_enabled":true,"jetpack_shortlink":"https:\/\/wp.me\/p5CDmr-aBG","jetpack-related-posts":[{"id":10443,"url":"https:\/\/www.achimbrueckner.de\/dxradio\/php\/wordpress\/?p=10443","url_meta":{"origin":40776,"position":0},"title":"Aus Deutschlandradio Kultur wird Deutschlandfunk Kultur","author":"Administrator","date":"September 21, 2016","format":false,"excerpt":"http:\/\/www.tagesspiegel.de\/medien\/vierter-name-in-knapp-20-jahren-aus-deutschlandradio-kultur-wird-deutschlandfunk-kultur\/14575496.html","rel":"","context":"In &quot;Deutsch&quot;","block_context":{"text":"Deutsch","link":"https:\/\/www.achimbrueckner.de\/dxradio\/php\/wordpress\/?cat=1"},"img":{"alt_text":"","src":"","width":0,"height":0},"classes":[]},{"id":22828,"url":"https:\/\/www.achimbrueckner.de\/dxradio\/php\/wordpress\/?p=22828","url_meta":{"origin":40776,"position":1},"title":"Deutschlandradio wird 25!","author":"Administrator","date":"April 20, 2019","format":false,"excerpt":"https:\/\/www.deutschlandradio.de\/25-jahre-deutschlandradio.3892.de.html","rel":"","context":"In &quot;Deutsch&quot;","block_context":{"text":"Deutsch","link":"https:\/\/www.achimbrueckner.de\/dxradio\/php\/wordpress\/?cat=1"},"img":{"alt_text":"","src":"","width":0,"height":0},"classes":[]},{"id":37527,"url":"https:\/\/www.achimbrueckner.de\/dxradio\/php\/wordpress\/?p=37527","url_meta":{"origin":40776,"position":2},"title":"Geschichten vom RIAS &#8211; Inspiriert vom amerikanischen Freiheitsversprechen","author":"Administrator","date":"September 20, 2022","format":false,"excerpt":"https:\/\/www.ardaudiothek.de\/episode\/zeitfragen-feature-deutschlandfunk-kultur\/geschichten-vom-rias-inspiriert-vom-amerikanischen-freiheitsversprechen\/deutschlandradio\/89850988\/","rel":"","context":"In &quot;Deutsch&quot;","block_context":{"text":"Deutsch","link":"https:\/\/www.achimbrueckner.de\/dxradio\/php\/wordpress\/?cat=1"},"img":{"alt_text":"","src":"","width":0,"height":0},"classes":[]},{"id":10473,"url":"https:\/\/www.achimbrueckner.de\/dxradio\/php\/wordpress\/?p=10473","url_meta":{"origin":40776,"position":3},"title":"Vierter Name in knapp 20 Jahren Aus Deutschlandradio Kultur wird Deutschlandfunk Kultur","author":"Administrator","date":"September 24, 2016","format":false,"excerpt":"http:\/\/www.tagesspiegel.de\/medien\/vierter-name-in-knapp-20-jahren-aus-deutschlandradio-kultur-wird-deutschlandfunk-kultur\/14575496.html","rel":"","context":"In &quot;Deutsch&quot;","block_context":{"text":"Deutsch","link":"https:\/\/www.achimbrueckner.de\/dxradio\/php\/wordpress\/?cat=1"},"img":{"alt_text":"","src":"","width":0,"height":0},"classes":[]},{"id":2291,"url":"https:\/\/www.achimbrueckner.de\/dxradio\/php\/wordpress\/?p=2291","url_meta":{"origin":40776,"position":4},"title":"R\u00fcberh\u00f6rn! Die Monitorabteilungen von RIAS Berlin und DDR-Rundfunk","author":"Administrator","date":"September 5, 2012","format":false,"excerpt":"Mi, 3. Okt \u00c2\u00b7 08:05-09:00 MESZ \u00c2\u00b7 Deutschlandradio Kultur Aus den Archiven R\u00fcberh\u00f6rn! Die Monitorabteilungen von RIAS Berlin und DDR-Rundfunk Von Martin Hartwig Info via Net-Radio","rel":"","context":"In &quot;Deutsch&quot;","block_context":{"text":"Deutsch","link":"https:\/\/www.achimbrueckner.de\/dxradio\/php\/wordpress\/?cat=1"},"img":{"alt_text":"","src":"","width":0,"height":0},"classes":[]},{"id":14927,"url":"https:\/\/www.achimbrueckner.de\/dxradio\/php\/wordpress\/?p=14927","url_meta":{"origin":40776,"position":5},"title":"Deutschlandradio-Intendant Stefan Raue f\u00fcr gemeinsames Engagement von privaten und \u00f6ffentlich-rechtlichen Radioanbietern bei der Erh\u00f6hung der technischen Reichweiten:","author":"Administrator","date":"October 11, 2017","format":false,"excerpt":"http:\/\/www.deutschlandradio.de\/deutschlandradio-intendant-stefan-raue-fuer-gemeinsames.2174.de.html?dram%3Aarticle_id=397985","rel":"","context":"In &quot;Deutsch&quot;","block_context":{"text":"Deutsch","link":"https:\/\/www.achimbrueckner.de\/dxradio\/php\/wordpress\/?cat=1"},"img":{"alt_text":"","src":"","width":0,"height":0},"classes":[]}],"_links":{"self":[{"href":"https:\/\/www.achimbrueckner.de\/dxradio\/php\/wordpress\/index.php?rest_route=\/wp\/v2\/posts\/40776","targetHints":{"allow":["GET"]}}],"collection":[{"href":"https:\/\/www.achimbrueckner.de\/dxradio\/php\/wordpress\/index.php?rest_route=\/wp\/v2\/posts"}],"about":[{"href":"https:\/\/www.achimbrueckner.de\/dxradio\/php\/wordpress\/index.php?rest_route=\/wp\/v2\/types\/post"}],"author":[{"embeddable":true,"href":"https:\/\/www.achimbrueckner.de\/dxradio\/php\/wordpress\/index.php?rest_route=\/wp\/v2\/users\/1"}],"replies":[{"embeddable":true,"href":"https:\/\/www.achimbrueckner.de\/dxradio\/php\/wordpress\/index.php?rest_route=%2Fwp%2Fv2%2Fcomments&post=40776"}],"version-history":[{"count":0,"href":"https:\/\/www.achimbrueckner.de\/dxradio\/php\/wordpress\/index.php?rest_route=\/wp\/v2\/posts\/40776\/revisions"}],"wp:attachment":[{"href":"https:\/\/www.achimbrueckner.de\/dxradio\/php\/wordpress\/index.php?rest_route=%2Fwp%2Fv2%2Fmedia&parent=40776"}],"wp:term":[{"taxonomy":"category","embeddable":true,"href":"https:\/\/www.achimbrueckner.de\/dxradio\/php\/wordpress\/index.php?rest_route=%2Fwp%2Fv2%2Fcategories&post=40776"},{"taxonomy":"post_tag","embeddable":true,"href":"https:\/\/www.achimbrueckner.de\/dxradio\/php\/wordpress\/index.php?rest_route=%2Fwp%2Fv2%2Ftags&post=40776"}],"curies":[{"name":"wp","href":"https:\/\/api.w.org\/{rel}","templated":true}]}}