{"id":4083,"date":"2015-02-10T15:14:52","date_gmt":"2015-02-10T15:14:52","guid":{"rendered":"https:\/\/www.achimbrueckner.de\/dxradio\/php\/wordpress\/?p=4083"},"modified":"2015-02-10T15:14:52","modified_gmt":"2015-02-10T15:14:52","slug":"bigfm-und-rpr1-geschaftsfuhrer-kristian-kropp-im-interview-von-wegen-mein-liebster-feind-was-radio-von-spotify-lernen-kann","status":"publish","type":"post","link":"https:\/\/www.achimbrueckner.de\/dxradio\/php\/wordpress\/?p=4083","title":{"rendered":"BigFM und RPR1 Gesch\u00e4ftsf\u00fchrer Kristian Kropp im Interview: Von wegen \u201emein liebster Feind\u201c \u2013 Was Radio von Spotify lernen kann"},"content":{"rendered":"<p><a href=\"http:\/\/www.radiowoche.de\/bigfm-und-rpr1-geschaeftsfuehrer-kristian-kropp-im-interview-von-wegen-mein-liebster-feind-was-radio-von-spotify-lernen-kann\/\" target=\"_blank\">http:\/\/www.radiowoche.de\/bigfm-und-rpr1-geschaeftsfuehrer-kristian-kropp-im-interview-von-wegen-mein-liebster-feind-was-radio-von-spotify-lernen-kann\/<\/a><\/p>\n","protected":false},"excerpt":{"rendered":"<p>http:\/\/www.radiowoche.de\/bigfm-und-rpr1-geschaeftsfuehrer-kristian-kropp-im-interview-von-wegen-mein-liebster-feind-was-radio-von-spotify-lernen-kann\/<\/p>\n","protected":false},"author":1,"featured_media":0,"comment_status":"open","ping_status":"open","sticky":false,"template":"","format":"standard","meta":{"_jetpack_memberships_contains_paid_content":false,"footnotes":"","jetpack_publicize_message":"","jetpack_publicize_feature_enabled":true,"jetpack_social_post_already_shared":true,"jetpack_social_options":{"image_generator_settings":{"template":"highway","default_image_id":0,"font":"","enabled":false},"version":2}},"categories":[1],"tags":[28],"class_list":["post-4083","post","type-post","status-publish","format-standard","hentry","category-deutsch","tag-fm"],"jetpack_publicize_connections":[],"jetpack_featured_media_url":"","jetpack_sharing_enabled":true,"jetpack_shortlink":"https:\/\/wp.me\/p5CDmr-13R","jetpack-related-posts":[{"id":42893,"url":"https:\/\/www.achimbrueckner.de\/dxradio\/php\/wordpress\/?p=42893","url_meta":{"origin":4083,"position":0},"title":"bigFM, RPR1., Radio Regenbogen und Rock FM verl\u00e4ngern UKW-Vertrag mit Uplink Gruppe","author":"Administrator","date":"May 27, 2025","format":false,"excerpt":"https:\/\/www.radioblog.eu\/2025\/05\/26\/bigfm-rpr1-radio-regenbogen-und-rock-fm-verlaengern-ukw-vertrag-mit-uplink-gruppe\/","rel":"","context":"In &quot;Deutsch&quot;","block_context":{"text":"Deutsch","link":"https:\/\/www.achimbrueckner.de\/dxradio\/php\/wordpress\/?cat=1"},"img":{"alt_text":"","src":"","width":0,"height":0},"classes":[]},{"id":1149,"url":"https:\/\/www.achimbrueckner.de\/dxradio\/php\/wordpress\/?p=1149","url_meta":{"origin":4083,"position":1},"title":"H\u00f6rspiel \/ Feature Tipp: Hier spricht Dein liebster Feind","author":"Administrator","date":"September 18, 2010","format":false,"excerpt":"Deutschlandradio Kultur, 22.09.2010 um 00:05 MESZ Hier spricht dein liebster Feind Und: Der Laubfrosch hat die Farbe gewechselt Von Robert Weber und Falko Hennig \"Station D.E.B.U.N.K.T.\", \"Gerrys Front\", \"Gustav Siegfried Eins\" oder \"Radio Humanit\u00c3\u00a9\" - im II. Weltkrieg wurde erstmals ein Krieg im \u00c4ther gef\u00fchrt. Ein Milit\u00e4rhistoriker, ein Ohrenzeuge und\u2026","rel":"","context":"In &quot;Deutsch&quot;","block_context":{"text":"Deutsch","link":"https:\/\/www.achimbrueckner.de\/dxradio\/php\/wordpress\/?cat=1"},"img":{"alt_text":"","src":"","width":0,"height":0},"classes":[]},{"id":40063,"url":"https:\/\/www.achimbrueckner.de\/dxradio\/php\/wordpress\/?p=40063","url_meta":{"origin":4083,"position":2},"title":"Kurz notiert: RPR1\/bigFM, NOVUMfm, Radio ExeMas &#038; mehr","author":"Administrator","date":"August 26, 2023","format":false,"excerpt":"https:\/\/www.radioblog.eu\/2023\/08\/26\/kurz-notiert-rpr1-bigfm-novumfm-radio-exemas-mehr\/","rel":"","context":"In &quot;Deutsch&quot;","block_context":{"text":"Deutsch","link":"https:\/\/www.achimbrueckner.de\/dxradio\/php\/wordpress\/?cat=1"},"img":{"alt_text":"","src":"","width":0,"height":0},"classes":[]},{"id":1127,"url":"https:\/\/www.achimbrueckner.de\/dxradio\/php\/wordpress\/?p=1127","url_meta":{"origin":4083,"position":3},"title":"DeutschlandRK Mittwoch, 22. September 2010","author":"Administrator","date":"September 1, 2010","format":false,"excerpt":"DeutschlandradioKultur 22.09.2010 0005Uhr MESZ Hier spricht dein liebster Feind Von Robert Weber und Falko Hennig Autorenproduktion 2009\/26'04 \"Station D.E.B.U.N.K.T.\", \"Gerrys Front\", \"Gustav Siegfried Eins\" oder \"Radio Humanit\u00c3\u00a9\" - im Zweiten Weltkrieg wurde erstmals ein Krieg im \u00c4ther gef\u00fchrt. Ein Milit\u00e4rhistoriker, ein Ohrenzeuge und alte Mitschnitte der Geheimsender erz\u00e4hlen davon. und\u2026","rel":"","context":"In &quot;Deutsch&quot;","block_context":{"text":"Deutsch","link":"https:\/\/www.achimbrueckner.de\/dxradio\/php\/wordpress\/?cat=1"},"img":{"alt_text":"","src":"","width":0,"height":0},"classes":[]},{"id":2999,"url":"https:\/\/www.achimbrueckner.de\/dxradio\/php\/wordpress\/?p=2999","url_meta":{"origin":4083,"position":4},"title":"bigFM Spotify Show: Spotify und bigFM beschlie\u00dfen Partnerschaft","author":"Administrator","date":"March 20, 2014","format":false,"excerpt":"http:\/\/www.radioszene.de\/66308\/bigfm-spotify-show-spotify-und-bigfm-beschliessen-partnerschaft.html","rel":"","context":"In &quot;Deutsch&quot;","block_context":{"text":"Deutsch","link":"https:\/\/www.achimbrueckner.de\/dxradio\/php\/wordpress\/?cat=1"},"img":{"alt_text":"","src":"","width":0,"height":0},"classes":[]},{"id":23493,"url":"https:\/\/www.achimbrueckner.de\/dxradio\/php\/wordpress\/?p=23493","url_meta":{"origin":4083,"position":5},"title":"Radiobranche trauert um Kristian Kropp","author":"Administrator","date":"June 20, 2019","format":false,"excerpt":"https:\/\/www.wuv.de\/medien\/radiobranche_trauert_um_kristian_kropp","rel":"","context":"In &quot;Deutsch&quot;","block_context":{"text":"Deutsch","link":"https:\/\/www.achimbrueckner.de\/dxradio\/php\/wordpress\/?cat=1"},"img":{"alt_text":"","src":"","width":0,"height":0},"classes":[]}],"_links":{"self":[{"href":"https:\/\/www.achimbrueckner.de\/dxradio\/php\/wordpress\/index.php?rest_route=\/wp\/v2\/posts\/4083","targetHints":{"allow":["GET"]}}],"collection":[{"href":"https:\/\/www.achimbrueckner.de\/dxradio\/php\/wordpress\/index.php?rest_route=\/wp\/v2\/posts"}],"about":[{"href":"https:\/\/www.achimbrueckner.de\/dxradio\/php\/wordpress\/index.php?rest_route=\/wp\/v2\/types\/post"}],"author":[{"embeddable":true,"href":"https:\/\/www.achimbrueckner.de\/dxradio\/php\/wordpress\/index.php?rest_route=\/wp\/v2\/users\/1"}],"replies":[{"embeddable":true,"href":"https:\/\/www.achimbrueckner.de\/dxradio\/php\/wordpress\/index.php?rest_route=%2Fwp%2Fv2%2Fcomments&post=4083"}],"version-history":[{"count":0,"href":"https:\/\/www.achimbrueckner.de\/dxradio\/php\/wordpress\/index.php?rest_route=\/wp\/v2\/posts\/4083\/revisions"}],"wp:attachment":[{"href":"https:\/\/www.achimbrueckner.de\/dxradio\/php\/wordpress\/index.php?rest_route=%2Fwp%2Fv2%2Fmedia&parent=4083"}],"wp:term":[{"taxonomy":"category","embeddable":true,"href":"https:\/\/www.achimbrueckner.de\/dxradio\/php\/wordpress\/index.php?rest_route=%2Fwp%2Fv2%2Fcategories&post=4083"},{"taxonomy":"post_tag","embeddable":true,"href":"https:\/\/www.achimbrueckner.de\/dxradio\/php\/wordpress\/index.php?rest_route=%2Fwp%2Fv2%2Ftags&post=4083"}],"curies":[{"name":"wp","href":"https:\/\/api.w.org\/{rel}","templated":true}]}}