{"id":40840,"date":"2024-01-23T15:38:36","date_gmt":"2024-01-23T15:38:36","guid":{"rendered":"https:\/\/www.achimbrueckner.de\/dxradio\/php\/wordpress\/?p=40840"},"modified":"2024-01-23T15:38:36","modified_gmt":"2024-01-23T15:38:36","slug":"groses-update-fur-die-dlf-audiothek","status":"publish","type":"post","link":"https:\/\/www.achimbrueckner.de\/dxradio\/php\/wordpress\/?p=40840","title":{"rendered":"Gro\u00dfes Update f\u00fcr die DLF Audiothek"},"content":{"rendered":"<p><a href=\"https:\/\/www.satellifax.de\/mlesen.php?id=ca964be38ec66cb3152f29680aec75b6\" rel=\"noopener\" target=\"_blank\">https:\/\/www.satellifax.de\/mlesen.php?id=ca964be38ec66cb3152f29680aec75b6<\/a><\/p>\n","protected":false},"excerpt":{"rendered":"<p>https:\/\/www.satellifax.de\/mlesen.php?id=ca964be38ec66cb3152f29680aec75b6<\/p>\n","protected":false},"author":1,"featured_media":0,"comment_status":"closed","ping_status":"open","sticky":false,"template":"","format":"standard","meta":{"_jetpack_memberships_contains_paid_content":false,"footnotes":"","jetpack_publicize_message":"","jetpack_publicize_feature_enabled":true,"jetpack_social_post_already_shared":true,"jetpack_social_options":{"image_generator_settings":{"template":"highway","default_image_id":0,"font":"","enabled":false},"version":2}},"categories":[1],"tags":[],"class_list":["post-40840","post","type-post","status-publish","format-standard","hentry","category-deutsch"],"jetpack_publicize_connections":[],"jetpack_featured_media_url":"","jetpack_sharing_enabled":true,"jetpack_shortlink":"https:\/\/wp.me\/p5CDmr-aCI","jetpack-related-posts":[{"id":25968,"url":"https:\/\/www.achimbrueckner.de\/dxradio\/php\/wordpress\/?p=25968","url_meta":{"origin":40840,"position":0},"title":"Lokale Ensembles: Gro\u00dfes Interesse an DAB+ in Sachsen","author":"Administrator","date":"November 27, 2019","format":false,"excerpt":"https:\/\/www.satellifax.de\/mlesen.php?id=6b183d2c0598e97886cdc1a7757760a4","rel":"","context":"In &quot;Deutsch&quot;","block_context":{"text":"Deutsch","link":"https:\/\/www.achimbrueckner.de\/dxradio\/php\/wordpress\/?cat=1"},"img":{"alt_text":"","src":"","width":0,"height":0},"classes":[]},{"id":22399,"url":"https:\/\/www.achimbrueckner.de\/dxradio\/php\/wordpress\/?p=22399","url_meta":{"origin":40840,"position":1},"title":"DAB+: Plisch darf Sender f\u00fcr die ARD bauen","author":"Administrator","date":"March 26, 2019","format":false,"excerpt":"https:\/\/www.satellifax.de\/mlesen.php?id=ff6f40b79b67a6de0f916e552339e527","rel":"","context":"In &quot;Deutsch&quot;","block_context":{"text":"Deutsch","link":"https:\/\/www.achimbrueckner.de\/dxradio\/php\/wordpress\/?cat=1"},"img":{"alt_text":"","src":"","width":0,"height":0},"classes":[]},{"id":37758,"url":"https:\/\/www.achimbrueckner.de\/dxradio\/php\/wordpress\/?p=37758","url_meta":{"origin":40840,"position":2},"title":"DAB+ Belgien: Kommt ein Regionalmux f\u00fcr die Deutschsprachige Gemeinschaft?","author":"Administrator","date":"October 24, 2022","format":false,"excerpt":"https:\/\/www.satellifax.de\/mlesen.php?id=b77f494ad06cf7865971c0ff620376f9","rel":"","context":"In &quot;Deutsch&quot;","block_context":{"text":"Deutsch","link":"https:\/\/www.achimbrueckner.de\/dxradio\/php\/wordpress\/?cat=1"},"img":{"alt_text":"","src":"","width":0,"height":0},"classes":[]},{"id":37839,"url":"https:\/\/www.achimbrueckner.de\/dxradio\/php\/wordpress\/?p=37839","url_meta":{"origin":40840,"position":3},"title":"DAB+: Sender M\u00fcnster f\u00fcr zweiten Bundesmux und Sender Bonn f\u00fcr NRW-Mux in K\u00fcrze","author":"Administrator","date":"November 3, 2022","format":false,"excerpt":"https:\/\/www.satellifax.de\/mlesen.php?id=9cd51464e69c8e74f8bc170ee0c55df4","rel":"","context":"In &quot;Deutsch&quot;","block_context":{"text":"Deutsch","link":"https:\/\/www.achimbrueckner.de\/dxradio\/php\/wordpress\/?cat=1"},"img":{"alt_text":"","src":"","width":0,"height":0},"classes":[]},{"id":27011,"url":"https:\/\/www.achimbrueckner.de\/dxradio\/php\/wordpress\/?p=27011","url_meta":{"origin":40840,"position":4},"title":"Endg\u00fcltiges Aus f\u00fcr Kultradio","author":"Administrator","date":"February 5, 2020","format":false,"excerpt":"https:\/\/www.satellifax.de\/mlesen.php?id=1590e1e66f777822b1fcb51ea805d81b","rel":"","context":"In &quot;Deutsch&quot;","block_context":{"text":"Deutsch","link":"https:\/\/www.achimbrueckner.de\/dxradio\/php\/wordpress\/?cat=1"},"img":{"alt_text":"","src":"","width":0,"height":0},"classes":[]},{"id":41171,"url":"https:\/\/www.achimbrueckner.de\/dxradio\/php\/wordpress\/?p=41171","url_meta":{"origin":40840,"position":5},"title":"NDR: Neuer Sender f\u00fcr DAB+","author":"Administrator","date":"April 16, 2024","format":false,"excerpt":"https:\/\/www.satellifax.de\/mlesen.php?id=3633afee61d7f7c92b3e8a48e4dc6aca","rel":"","context":"In &quot;Deutsch&quot;","block_context":{"text":"Deutsch","link":"https:\/\/www.achimbrueckner.de\/dxradio\/php\/wordpress\/?cat=1"},"img":{"alt_text":"","src":"","width":0,"height":0},"classes":[]}],"_links":{"self":[{"href":"https:\/\/www.achimbrueckner.de\/dxradio\/php\/wordpress\/index.php?rest_route=\/wp\/v2\/posts\/40840","targetHints":{"allow":["GET"]}}],"collection":[{"href":"https:\/\/www.achimbrueckner.de\/dxradio\/php\/wordpress\/index.php?rest_route=\/wp\/v2\/posts"}],"about":[{"href":"https:\/\/www.achimbrueckner.de\/dxradio\/php\/wordpress\/index.php?rest_route=\/wp\/v2\/types\/post"}],"author":[{"embeddable":true,"href":"https:\/\/www.achimbrueckner.de\/dxradio\/php\/wordpress\/index.php?rest_route=\/wp\/v2\/users\/1"}],"replies":[{"embeddable":true,"href":"https:\/\/www.achimbrueckner.de\/dxradio\/php\/wordpress\/index.php?rest_route=%2Fwp%2Fv2%2Fcomments&post=40840"}],"version-history":[{"count":0,"href":"https:\/\/www.achimbrueckner.de\/dxradio\/php\/wordpress\/index.php?rest_route=\/wp\/v2\/posts\/40840\/revisions"}],"wp:attachment":[{"href":"https:\/\/www.achimbrueckner.de\/dxradio\/php\/wordpress\/index.php?rest_route=%2Fwp%2Fv2%2Fmedia&parent=40840"}],"wp:term":[{"taxonomy":"category","embeddable":true,"href":"https:\/\/www.achimbrueckner.de\/dxradio\/php\/wordpress\/index.php?rest_route=%2Fwp%2Fv2%2Fcategories&post=40840"},{"taxonomy":"post_tag","embeddable":true,"href":"https:\/\/www.achimbrueckner.de\/dxradio\/php\/wordpress\/index.php?rest_route=%2Fwp%2Fv2%2Ftags&post=40840"}],"curies":[{"name":"wp","href":"https:\/\/api.w.org\/{rel}","templated":true}]}}