{"id":40861,"date":"2024-01-29T14:20:20","date_gmt":"2024-01-29T14:20:20","guid":{"rendered":"https:\/\/www.achimbrueckner.de\/dxradio\/php\/wordpress\/?p=40861"},"modified":"2024-01-29T14:20:20","modified_gmt":"2024-01-29T14:20:20","slug":"radio-kopfe-jurgen-kolb-hr-nachrichtensprecher-redakteur-und-moderator","status":"publish","type":"post","link":"https:\/\/www.achimbrueckner.de\/dxradio\/php\/wordpress\/?p=40861","title":{"rendered":"Radio-K\u00f6pfe: J\u00fcrgen Kolb (hr) \u2013 Nachrichtensprecher, Redakteur und Moderator"},"content":{"rendered":"<p><a href=\"https:\/\/www.radioszene.de\/183239\/juergen-kolb.html\" rel=\"noopener\" target=\"_blank\">https:\/\/www.radioszene.de\/183239\/juergen-kolb.html<\/a><\/p>\n","protected":false},"excerpt":{"rendered":"<p>https:\/\/www.radioszene.de\/183239\/juergen-kolb.html<\/p>\n","protected":false},"author":1,"featured_media":0,"comment_status":"closed","ping_status":"open","sticky":false,"template":"","format":"standard","meta":{"_jetpack_memberships_contains_paid_content":false,"footnotes":"","jetpack_publicize_message":"","jetpack_publicize_feature_enabled":true,"jetpack_social_post_already_shared":true,"jetpack_social_options":{"image_generator_settings":{"template":"highway","default_image_id":0,"font":"","enabled":false},"version":2}},"categories":[1],"tags":[],"class_list":["post-40861","post","type-post","status-publish","format-standard","hentry","category-deutsch"],"jetpack_publicize_connections":[],"jetpack_featured_media_url":"","jetpack_sharing_enabled":true,"jetpack_shortlink":"https:\/\/wp.me\/p5CDmr-aD3","jetpack-related-posts":[{"id":37801,"url":"https:\/\/www.achimbrueckner.de\/dxradio\/php\/wordpress\/?p=37801","url_meta":{"origin":40861,"position":0},"title":"J\u00fcrgen Kolb Bei Rotlicht bitte kein Wasser zapfen","author":"Administrator","date":"October 29, 2022","format":false,"excerpt":"Vor kurzem ist ein f\u00fcr Radiomacher essenzielles Werk ver\u00f6ffentlicht worden, das in keinem B\u00fccherschrank fehlen darf. Es stammt von J\u00fcrgen Kolb, der als Sprecher, Moderator und Redakteur beim hr arbeitete, mit dem Titel: \"Bei Rotlicht bitte kein Wasser zapfen!\" - Pr\u00e4dikat empfehlenswert! \ud83d\ude42","rel":"","context":"In &quot;Deutsch&quot;","block_context":{"text":"Deutsch","link":"https:\/\/www.achimbrueckner.de\/dxradio\/php\/wordpress\/?cat=1"},"img":{"alt_text":"","src":"","width":0,"height":0},"classes":[]},{"id":12713,"url":"https:\/\/www.achimbrueckner.de\/dxradio\/php\/wordpress\/?p=12713","url_meta":{"origin":40861,"position":1},"title":"J\u00fcrgen Kolb verabschiedet sich vom Hessischen Rundfunk","author":"Administrator","date":"April 2, 2017","format":false,"excerpt":"http:\/\/www.radioszene.de\/103207\/juergen-kolb-hr-hessischer-rundfunk-abschied.html","rel":"","context":"In &quot;Deutsch&quot;","block_context":{"text":"Deutsch","link":"https:\/\/www.achimbrueckner.de\/dxradio\/php\/wordpress\/?cat=1"},"img":{"alt_text":"","src":"","width":0,"height":0},"classes":[]},{"id":40297,"url":"https:\/\/www.achimbrueckner.de\/dxradio\/php\/wordpress\/?p=40297","url_meta":{"origin":40861,"position":2},"title":"Radio-K\u00f6pfe: Michael Spleth (SWR3-) Moderator und Musiker","author":"Administrator","date":"October 10, 2023","format":false,"excerpt":"https:\/\/www.radioszene.de\/180331\/michael-spleth-radio-koepfe.html","rel":"","context":"In &quot;Deutsch&quot;","block_context":{"text":"Deutsch","link":"https:\/\/www.achimbrueckner.de\/dxradio\/php\/wordpress\/?cat=1"},"img":{"alt_text":"","src":"","width":0,"height":0},"classes":[]},{"id":45200,"url":"https:\/\/www.achimbrueckner.de\/dxradio\/php\/wordpress\/?p=45200","url_meta":{"origin":40861,"position":3},"title":"Radio-K\u00f6pfe | Alex Kind \u2013 Experte, Stratege, Moderator und Radioverr\u00fcckter","author":"Administrator","date":"March 9, 2026","format":false,"excerpt":"https:\/\/www.radioszene.de\/212037\/alex-kind-radio-koepfe.html","rel":"","context":"In &quot;Deutsch&quot;","block_context":{"text":"Deutsch","link":"https:\/\/www.achimbrueckner.de\/dxradio\/php\/wordpress\/?cat=1"},"img":{"alt_text":"","src":"","width":0,"height":0},"classes":[]},{"id":16264,"url":"https:\/\/www.achimbrueckner.de\/dxradio\/php\/wordpress\/?p=16264","url_meta":{"origin":40861,"position":4},"title":"J\u00fcrgen Frahne und Frank Digna\u00df zur\u00fcck im Radio","author":"Administrator","date":"January 22, 2018","format":false,"excerpt":"http:\/\/www.radioszene.de\/117420\/juergen-frahne-frank-dignass.html","rel":"","context":"In &quot;Deutsch&quot;","block_context":{"text":"Deutsch","link":"https:\/\/www.achimbrueckner.de\/dxradio\/php\/wordpress\/?cat=1"},"img":{"alt_text":"","src":"","width":0,"height":0},"classes":[]},{"id":32359,"url":"https:\/\/www.achimbrueckner.de\/dxradio\/php\/wordpress\/?p=32359","url_meta":{"origin":40861,"position":5},"title":"Privatradio-Pionier J\u00fcrgen Frahne im Interview: \u201cRadio hat nach wie vor tolle Chancen\u201d","author":"Administrator","date":"March 27, 2021","format":false,"excerpt":"https:\/\/www.radioszene.de\/153376\/juergen-frahne-radio-chancen.html","rel":"","context":"In &quot;Deutsch&quot;","block_context":{"text":"Deutsch","link":"https:\/\/www.achimbrueckner.de\/dxradio\/php\/wordpress\/?cat=1"},"img":{"alt_text":"","src":"","width":0,"height":0},"classes":[]}],"_links":{"self":[{"href":"https:\/\/www.achimbrueckner.de\/dxradio\/php\/wordpress\/index.php?rest_route=\/wp\/v2\/posts\/40861","targetHints":{"allow":["GET"]}}],"collection":[{"href":"https:\/\/www.achimbrueckner.de\/dxradio\/php\/wordpress\/index.php?rest_route=\/wp\/v2\/posts"}],"about":[{"href":"https:\/\/www.achimbrueckner.de\/dxradio\/php\/wordpress\/index.php?rest_route=\/wp\/v2\/types\/post"}],"author":[{"embeddable":true,"href":"https:\/\/www.achimbrueckner.de\/dxradio\/php\/wordpress\/index.php?rest_route=\/wp\/v2\/users\/1"}],"replies":[{"embeddable":true,"href":"https:\/\/www.achimbrueckner.de\/dxradio\/php\/wordpress\/index.php?rest_route=%2Fwp%2Fv2%2Fcomments&post=40861"}],"version-history":[{"count":0,"href":"https:\/\/www.achimbrueckner.de\/dxradio\/php\/wordpress\/index.php?rest_route=\/wp\/v2\/posts\/40861\/revisions"}],"wp:attachment":[{"href":"https:\/\/www.achimbrueckner.de\/dxradio\/php\/wordpress\/index.php?rest_route=%2Fwp%2Fv2%2Fmedia&parent=40861"}],"wp:term":[{"taxonomy":"category","embeddable":true,"href":"https:\/\/www.achimbrueckner.de\/dxradio\/php\/wordpress\/index.php?rest_route=%2Fwp%2Fv2%2Fcategories&post=40861"},{"taxonomy":"post_tag","embeddable":true,"href":"https:\/\/www.achimbrueckner.de\/dxradio\/php\/wordpress\/index.php?rest_route=%2Fwp%2Fv2%2Ftags&post=40861"}],"curies":[{"name":"wp","href":"https:\/\/api.w.org\/{rel}","templated":true}]}}